{"id":120019,"date":"2025-09-17T04:11:05","date_gmt":"2025-09-17T04:11:05","guid":{"rendered":"https:\/\/www.europesays.com\/es\/120019\/"},"modified":"2025-09-17T04:11:05","modified_gmt":"2025-09-17T04:11:05","slug":"ciudad-de-gaza-sufre-su-segundo-dia-de-ofensiva-terrestre-israeli","status":"publish","type":"post","link":"https:\/\/www.europesays.com\/es\/120019\/","title":{"rendered":"Ciudad de Gaza sufre su segundo d\u00eda de ofensiva terrestre israel\u00ed"},"content":{"rendered":"<p>La <strong>Ciudad de Gaza <\/strong>afronta este mi\u00e9rcoles su <strong>segundo d\u00eda de ofensiva terrestre<\/strong>. A los constantes bombardeos israel\u00edes y el avance de los tanques por las angostas calles de la capital, se suma el \u00e9xodo masivo de las miles de personas que intentan huir hacia sur del enclave. En las \u00faltimas horas, el Ej\u00e9rcito hebreo ha <strong>asesinado a un centenar de palestinos<\/strong>, que se suman a las m\u00e1s de 65.000 de v\u00edctimas que deja este conflicto. Mientras, los equipos de rescate trabajan sin descanso y los pocos hospitales que se mantienen en pie operan completamente desbordados.<\/p>\n<p>Son horas insoportables para la poblaci\u00f3n civil. Durante la madrugada, los blindados han penetrado el n\u00facleo urbano y ya avanzan hacia el centro de la ciudad. De momento, <strong>350.000 personas han huido<\/strong> de la urbe, intentando zafarse de una muerte segura. A sus espaldas queda la humareda de los constantes bombardeos y unos 600.000 vecinos que no han tenido m\u00e1s remedio que quedarse. Hay pocos veh\u00edculos y desplazarse a pie es pr\u00e1cticamente imposible para los ni\u00f1os, mayores y personas dependientes. El \u00e9xodo corresponde 40% de la poblaci\u00f3n total de la capital, que antes del 7 de octubre contaba con un mill\u00f3n de habitantes. <\/p>\n<p>Israel y Estados Unidos insisten en que Ham\u00e1s es el objetivo<\/p>\n<p>Las fuerzas armadas israel\u00edes han bajado a tierra para intentar ocupar una ciudad que ya hab\u00edan <strong>destrozado por aire<\/strong>. Lo que s\u00ed mantienen es el mismo mantra: seguir luchando contra Ham\u00e1s, contra el terrorismo. Seg\u00fan argumentan los de Netanyahu, en la capital de la Franja se esconden entre 2.000 y 3.000 combatientes. \u00abQueremos tomar Ciudad de Gaza, basti\u00f3n de Ham\u00e1s\u00bb, ha insistido el ministro de defensa hebreo, Israel Katz. Es el primer paso de una ofensiva que loa inteligencia jud\u00eda ha planeado durante semanas.<\/p>\n<p>Esta ofensiva terrestre era el \u00faltimo paso que le quedaba a Israel para intentar tomar el control de la Ciudad de Gaza, tras varios d\u00edas de intensos bombardeos. Seg\u00fan Tel Aviv, sus militares podr\u00edan tardar varios meses en tomar la urbe, ya que, seg\u00fan el portavoz de las fuerzas israel\u00edes, su intenci\u00f3n es que Ciudad de Gaza que <strong>completamente destruida<\/strong>. <\/p>\n<p>A unos 80 kil\u00f3metros, en Tel Aviv, Netanyahu orden\u00f3 la ofensiva el mismo d\u00eda en que se reanudaba su<strong> juicio por corrupci\u00f3n<\/strong>. No es la primera vez que sus movimientos militares coinciden con momentos cr\u00edticos de su situaci\u00f3n judicial. Un ejemplo de ello fueron las operaciones b\u00e9licas en Cisjordania que coincidieron con momentos cr\u00edticos de su juicio por corrupci\u00f3n o su intento de aplazar la audiencia en diciembre de 2024 alegando la \u00abimposibilidad de prepararse por la gesti\u00f3n de la guerra\u00bb. <\/p>\n<p>Israel ha iniciado su ofensiva terrestre con el respaldo de su gran aliado, Estados Unidos, porque el jefe de la diplomacia, Marco Rubio, estaba en Israel hasta la ma\u00f1ana del martes. Donald Trump reproduce los mismos argumentos. \u00abHam\u00e1s intenta utilizar a los rehenes como escudos humanos, si lo hacen, se meter\u00e1n en graves problemas\u00bb, ha insistido el mandatario desde Washington. Este mi\u00e9rcoles, Rubio sigue su viaje por Oriente Pr\u00f3ximo, en Catar, convencido de que \u00abtodav\u00eda hay una ventana abierta\u00bb para negociar un acuerdo que ponga fin a la barbarie. <\/p>\n<p>Israel est\u00e1 cometiendo un genocidio, seg\u00fan un informe de la ONU<\/p>\n<p>Hasta el momento, nada detiene a Netanyahu, ni siquiera el informe del comit\u00e9 de expertos de la ONU que concluye que lo que Israel est\u00e1 haciendo en Gaza contra los palestinos es un <strong>genocidio<\/strong>. \u00abEl estado de Israel es responsable de no haber impedido el genocidio, de cometerlo y de no castigarlo contra los palestinos en la Franja de Gaza\u00bb, ha dicho la portavoz de la comisi\u00f3n investigadora de Naciones Unidas, la sudafricana Navi Pillay. <\/p>\n<p>Residencias, casas, hospitales, universidades, colegios, museos, iglesias, mezquitas, restos arqueol\u00f3gicos, carreteras, puertos, la industria pesquera. La enumeraci\u00f3n de bienes destruidos por los israel\u00edes es infinito y por eso, el otro ponente del informe, el juez australiano Chris Sidoti, lo tiene claro. \u00abNo son accidentes, no son da\u00f1os colaterales. Son la consecuencia directa de una estrategia militar\u00bb, explica.<\/p>\n<p>Con m\u00e1s de 16.000 pruebas, desde Ginebra aseguran que el fin \u00faltimo de la ofensiva es <strong>acabar con la poblaci\u00f3n palestina <\/strong>y no con los militantes de Ham\u00e1s. Seg\u00fan sostienen los investigadores, han sido los propios funcionarios israel\u00edes quienes lo han dicho. Citan directamente  a Netanyahu, al presidente, Isaac Herzog, y al exministro de defensa Yoav Galant. Tambi\u00e9n han detectado un patr\u00f3n completo de operaciones militares que les hace concluir que el \u00fanico prop\u00f3sito posible es el exterminio.<\/p>\n<p>El informe, que servir\u00e1 como prueba pericial a la Corte Internacional de Justicia, se ha publicado con la vocaci\u00f3n de que lo que est\u00e1 sucediendo en Gaza<strong> se llame genocidio,<\/strong> determinar quienes son los culpables y \u00abque todos los Estados recuerden que es su obligaci\u00f3n es prevenir que esto suceda\u00bb. Sin embargo, de momento, el secretario general de la ONU, Ant\u00f3nio Guterres, ha evitado utilizar el t\u00e9rmino, que debe ser aprobado por el Consejo General de las Naciones Unidas e incluida en una resoluci\u00f3n. Se ha excusado diciendo que la sem\u00e1ntica no es lo importante, sino denunciar la realidad de lo que est\u00e1 pasando en Palestina. <\/p>\n<p>Hasta el momento, la Comisi\u00f3n Europea no se ha posicionado sobre si Israel est\u00e1 cometiendo un genocidio, pero s\u00ed ha anunciado que este mi\u00e9rcoles aprobara nuevas sanciones contra Tel Aviv. Entre ellas, la suspensi\u00f3n del acuerdo comercial que propuso la presidenta, Ursula von der Leyen. En Bruselas la posici\u00f3n no ha cambiado, mantiene que es competencia de los tribunales determinar si se est\u00e1 produciendo un genocidio o si se han cometido <strong>cr\u00edmenes de lesa humanidad<\/strong>. Lo que s\u00ed ha cambiado en los \u00faltimos d\u00edas es el tono y la urgencia.<\/p>\n","protected":false},"excerpt":{"rendered":"La Ciudad de Gaza afronta este mi\u00e9rcoles su segundo d\u00eda de ofensiva terrestre. A los constantes bombardeos israel\u00edes&hellip;\n","protected":false},"author":2,"featured_media":120020,"comment_status":"","ping_status":"","sticky":false,"template":"","format":"standard","meta":{"footnotes":""},"categories":[42],"tags":[17,18,13,14,11,61,62,63,64,19,20,9,10,15,16,12,21,22,65,66,67],"class_list":{"0":"post-120019","1":"post","2":"type-post","3":"status-publish","4":"format-standard","5":"has-post-thumbnail","7":"category-internacional","8":"tag-breaking-news","9":"tag-breakingnews","10":"tag-featured-news","11":"tag-featurednews","12":"tag-headlines","13":"tag-internacional","14":"tag-international","15":"tag-international-news","16":"tag-internationalnews","17":"tag-latest-news","18":"tag-latestnews","19":"tag-news","20":"tag-noticias","21":"tag-noticias-destacadas","22":"tag-noticiasdestacadas","23":"tag-titulares","24":"tag-ultimas-noticias","25":"tag-ultimasnoticias","26":"tag-world","27":"tag-world-news","28":"tag-worldnews"},"share_on_mastodon":{"url":"","error":""},"_links":{"self":[{"href":"https:\/\/www.europesays.com\/es\/wp-json\/wp\/v2\/posts\/120019","targetHints":{"allow":["GET"]}}],"collection":[{"href":"https:\/\/www.europesays.com\/es\/wp-json\/wp\/v2\/posts"}],"about":[{"href":"https:\/\/www.europesays.com\/es\/wp-json\/wp\/v2\/types\/post"}],"author":[{"embeddable":true,"href":"https:\/\/www.europesays.com\/es\/wp-json\/wp\/v2\/users\/2"}],"replies":[{"embeddable":true,"href":"https:\/\/www.europesays.com\/es\/wp-json\/wp\/v2\/comments?post=120019"}],"version-history":[{"count":0,"href":"https:\/\/www.europesays.com\/es\/wp-json\/wp\/v2\/posts\/120019\/revisions"}],"wp:featuredmedia":[{"embeddable":true,"href":"https:\/\/www.europesays.com\/es\/wp-json\/wp\/v2\/media\/120020"}],"wp:attachment":[{"href":"https:\/\/www.europesays.com\/es\/wp-json\/wp\/v2\/media?parent=120019"}],"wp:term":[{"taxonomy":"category","embeddable":true,"href":"https:\/\/www.europesays.com\/es\/wp-json\/wp\/v2\/categories?post=120019"},{"taxonomy":"post_tag","embeddable":true,"href":"https:\/\/www.europesays.com\/es\/wp-json\/wp\/v2\/tags?post=120019"}],"curies":[{"name":"wp","href":"https:\/\/api.w.org\/{rel}","templated":true}]}}