{"id":120061,"date":"2025-09-17T04:37:09","date_gmt":"2025-09-17T04:37:09","guid":{"rendered":"https:\/\/www.europesays.com\/es\/120061\/"},"modified":"2025-09-17T04:37:09","modified_gmt":"2025-09-17T04:37:09","slug":"quique-dominguez-ve-mas-alla-de-la-derrota","status":"publish","type":"post","link":"https:\/\/www.europesays.com\/es\/120061\/","title":{"rendered":"Quique Dom\u00ednguez ve m\u00e1s all\u00e1 de la derrota"},"content":{"rendered":"<p class=\"ft-text ft-helper-closenews\">Con<strong> luces y sombras, y con la convicci\u00f3n de seguir trabajando para pulir todos los aspectos<\/strong> del juego y construyendo un equipo. As\u00ed valora el t\u00e9cnico del<strong> Frigor\u00edficos del Morrazo, Quique Dom\u00ednguez<\/strong>, el debut liguero de los suyos,<a class=\"ft-link ft-link--decoration\" href=\"https:\/\/www.farodevigo.es\/deportes\/morrazo\/2025\/09\/15\/frigorificos-desinfla-recta-final-121570862.html\" rel=\"nofollow noopener\" target=\"_blank\"> con una derrota ante el Ademar Le\u00f3n certificada en los \u00faltimos cinco minutos<\/a> de partido. <strong>\u00abEl resultado no debe taparnos los ojos porque hemos hecho cosas bastante positivas<\/strong> en todas las fases del juego\u00bb, subraya, antes de pormenorizar alguna de ellas. \u00abEn la segunda parte estuvimos muy intensos en defensa, con una muy buena movilidad, con contactos duros con los oponentes&#8230;\u00bb, manifiesta.<\/p>\n<p class=\"ft-text\">Eso s\u00ed, el preparador pontevedr\u00e9s tambi\u00e9n es autocr\u00edtico y reconoce que <strong>\u00aben algunos momentos del encuentro el ritmo no fue el que nos gustar\u00eda<\/strong>. Pudimos haber aprovechado mejor y haber salido m\u00e1s al contraataque\u00bb. Con todo, el principal pero que le pone Dom\u00ednguez a su equipo es la irregularidad y el haber aglutinado errores en determinados tramos del choque. \u00abFue un partido extra\u00f1o, con mucha ida y vuelta, una monta\u00f1a rusa\u00bb, dice, adem\u00e1s de apuntar cuestiones extra\u00f1as como que \u00abentra un jugador y en la primera acci\u00f3n se le rompe la zapatilla, p\u00e9rdidas m\u00e1s que evitables&#8230;\u00bb. La sensaci\u00f3n es que \u00aben un d\u00eda de mucha ilusi\u00f3n, para el que<strong> nos hab\u00edamos preparado mucho, lo intentamos pero fallamos demasiado en algunos momentos\u00bb. <\/strong><\/p>\n<p>Demasiados errores<\/p>\n<p class=\"ft-text\">Lo cierto es que el Cangas no pudo aprovechar los tramos de partido en los que parec\u00eda flaquear su rival. Como en el \u00faltimo tercio del primer periodo, con un jugador m\u00e1s en pista, cuando acumul\u00f3 tres acciones negativas, con dos p\u00e9rdidas de bal\u00f3n y un gol anulado por pisar la l\u00ednea. \u00abSi sumamos el contragolpe que falla Santi<strong>, dos balones que se le caen a Manu de las manos y alguna acci\u00f3n m\u00e1s, son oportunidades que le est\u00e1s dando al rival\u00bb<\/strong>. A\u00fan as\u00ed, el Cangas nunca perdi\u00f3 la fe y fue capaz de mantenerse en partido hasta culminar la remontada a cinco minutos para el final del enfrentamiento (25-24).<\/p>\n<p class=\"ft-text\"><strong>\u00abEsos minutos no los jugamos bien. Creo que ellos tienen jugadores con m\u00e1s experiencia<\/strong>, como Rodrigo P\u00e9rez Arce, Benites, el propio Saeid, con m\u00e1s temple para jugar esas acciones. Y nosotros, sumando todos esos peque\u00f1os errores, acabaron cost\u00e1ndonos la posibilidad de al menos haber sumado un punto\u00bb, se\u00f1ala el t\u00e9cnico pontevedr\u00e9s.<\/p>\n<p>El viernes, ante el Nava<\/p>\n<p class=\"ft-text\">Una de las claves recay\u00f3 en la porter\u00eda. Si bien la visitante tampoco tuvo una gran aportaci\u00f3n, lo cierto es que para doblegar a un conjunto de la entidad del ademarista <strong>se ech\u00f3 en falta m\u00e1s ayuda de los metas.<\/strong> Dom\u00ednguez no quiere personalizar y subraya que \u00abesto es un juego de equipo. Ya sabemos la importancia que tiene la porter\u00eda.<a class=\"ft-link ft-link--decoration\" href=\"https:\/\/www.farodevigo.es\/deportes\/morrazo\/2025\/09\/05\/ivan-panjan-mundo-recomendo-fichar-121250913.html\" rel=\"nofollow noopener\" target=\"_blank\"> Panjan es un reci\u00e9n llegado <\/a>y no dudados de que nos va a ayudar mucho. <strong>El otro d\u00eda no pudo ser, porque todos cometimos m\u00e1s errores de los que nos gustar\u00eda\u00bb. <\/strong><\/p>\n<p class=\"ft-text\"><strong>La defensa, en cambio, tuvo momentos de brillantez,<\/strong> especialmente en el segundo tiempo, mostrando adem\u00e1s un amplio abanico de opciones para las posiciones m\u00e1s centrales. Comenzaron Quintas y Ludman, pero por all\u00ed pasaron tambi\u00e9n Pablo Castro, Samu Pereiro y Santi L\u00f3pez, combin\u00e1ndose entre los cinco. <strong>\u00abSi queremos mantener un ritmo alto necesitamos rotaciones constantes, <\/strong>y adem\u00e1s, el plan de partido era ir moviendo en funci\u00f3n de qui\u00e9n estaba delante\u00bb, explica Dom\u00ednguez, que asume que<strong> \u00abel partido de Nava nos llega muy pronto<\/strong> [ser\u00e1 este viernes a las 20 horas], pero hay que aprender cada semana y crecer como equipo\u00bb.<\/p>\n<p data-close=\"closedContent\" class=\"subscribeHideForDisplay\">Suscr\u00edbete para seguir leyendo<\/p>\n","protected":false},"excerpt":{"rendered":"Con luces y sombras, y con la convicci\u00f3n de seguir trabajando para pulir todos los aspectos del juego&hellip;\n","protected":false},"author":2,"featured_media":120062,"comment_status":"","ping_status":"","sticky":false,"template":"","format":"standard","meta":{"footnotes":""},"categories":[278],"tags":[36527,1672,376,168,25,24,1673,375,1675,7872,23,167],"class_list":{"0":"post-120061","1":"post","2":"type-post","3":"status-publish","4":"format-standard","5":"has-post-thumbnail","7":"category-balonmano","8":"tag-ademar-leon","9":"tag-balonman-cangas","10":"tag-balonmano","11":"tag-deportes","12":"tag-es","13":"tag-espana","14":"tag-frigorificos-del-morrazo","15":"tag-handball","16":"tag-liga-asobal","17":"tag-quique-dominguez","18":"tag-spain","19":"tag-sports"},"share_on_mastodon":{"url":"","error":""},"_links":{"self":[{"href":"https:\/\/www.europesays.com\/es\/wp-json\/wp\/v2\/posts\/120061","targetHints":{"allow":["GET"]}}],"collection":[{"href":"https:\/\/www.europesays.com\/es\/wp-json\/wp\/v2\/posts"}],"about":[{"href":"https:\/\/www.europesays.com\/es\/wp-json\/wp\/v2\/types\/post"}],"author":[{"embeddable":true,"href":"https:\/\/www.europesays.com\/es\/wp-json\/wp\/v2\/users\/2"}],"replies":[{"embeddable":true,"href":"https:\/\/www.europesays.com\/es\/wp-json\/wp\/v2\/comments?post=120061"}],"version-history":[{"count":0,"href":"https:\/\/www.europesays.com\/es\/wp-json\/wp\/v2\/posts\/120061\/revisions"}],"wp:featuredmedia":[{"embeddable":true,"href":"https:\/\/www.europesays.com\/es\/wp-json\/wp\/v2\/media\/120062"}],"wp:attachment":[{"href":"https:\/\/www.europesays.com\/es\/wp-json\/wp\/v2\/media?parent=120061"}],"wp:term":[{"taxonomy":"category","embeddable":true,"href":"https:\/\/www.europesays.com\/es\/wp-json\/wp\/v2\/categories?post=120061"},{"taxonomy":"post_tag","embeddable":true,"href":"https:\/\/www.europesays.com\/es\/wp-json\/wp\/v2\/tags?post=120061"}],"curies":[{"name":"wp","href":"https:\/\/api.w.org\/{rel}","templated":true}]}}