{"id":120075,"date":"2025-09-17T04:46:10","date_gmt":"2025-09-17T04:46:10","guid":{"rendered":"https:\/\/www.europesays.com\/es\/120075\/"},"modified":"2025-09-17T04:46:10","modified_gmt":"2025-09-17T04:46:10","slug":"el-veto-mas-inesperado-en-el-cumpleanos-de-terelu-campos-no-esta-invitado","status":"publish","type":"post","link":"https:\/\/www.europesays.com\/es\/120075\/","title":{"rendered":"El veto m\u00e1s inesperado en el cumplea\u00f1os de Terelu Campos: no est\u00e1 invitado"},"content":{"rendered":"<p data-start=\"65\" data-end=\"620\">El 60 cumplea\u00f1os de<a href=\"https:\/\/www.instagram.com\/terelubcampos\/?hl=es\" target=\"_blank\" rel=\"nofollow noopener noreferrer\"> <strong>Terelu Campos<\/strong><\/a> se acerca entre glamour, emociones y, como no pod\u00eda ser de otra manera, cierta pol\u00e9mica medi\u00e1tica. La presentadora, siempre bajo la atenta mirada del p\u00fablico, prepara una elegante cena de gala el pr\u00f3ximo mi\u00e9rcoles 17 de septiembre en el Restaurante Jimmy\u2019s, uno de los escenarios m\u00e1s exclusivos de la capital. La celebraci\u00f3n reunir\u00e1 a familiares, amigos y compa\u00f1eros de profesi\u00f3n, aunque entre los nombres m\u00e1s sonados de la televisi\u00f3n, <strong>Kiko Matamoros<\/strong> finalmente no figurar\u00e1, ya que su invitaci\u00f3n no se ha materializado.<\/p>\n<p data-start=\"713\" data-end=\"1570\">Durante las \u00faltimas semanas, <a href=\"https:\/\/okdiario.com\/look\/actualidad\/sorprendente-reaccion-laura-matamoros-dardos-tia-mar-flores-padre-kiko-matamoros-2374990\" rel=\"nofollow noopener\" target=\"_blank\">los rumores sobre una posible reconciliaci\u00f3n entre Terelu y Matamoros hab\u00edan acaparado la atenci\u00f3n de los medios.<\/a> Ambos han protagonizado meses de enfrentamientos p\u00fablicos y feroces cr\u00edticas en los plat\u00f3s de televisi\u00f3n, con Kiko se\u00f1alando en diversas ocasiones la actitud de la comunicadora. Sin embargo, hace apenas unos d\u00edas, el colaborador de No somos nadie sorprend\u00eda al expresar p\u00fablicamente que estaba dispuesto a dejar atr\u00e1s los rencores: <strong>\u00abTodos nos equivocamos, todos somos humanos y todo el mundo tiene derecho a perdonar y ser perdonado\u00bb<\/strong>, afirmaba, destacando tambi\u00e9n que Terelu siempre hab\u00eda tenido un trato \u00ababsolutamente irreprochable\u00bb con su entorno. A pesar de estas palabras conciliadoras, finalmente <strong>Kiko no estar\u00e1 presente en la celebraci\u00f3n, un veto inesperado que a\u00f1ade un toque de intriga a la fiesta.<\/strong><\/p>\n<p>\n<img decoding=\"async\" loading=\"lazy\" class=\"size-full wp-image-2381058\" alt=\"Terelu Campos en Madrid. (Foto: Gtres)\" width=\"1708\" height=\"2560\"  src=\"https:\/\/www.europesays.com\/es\/wp-content\/uploads\/2025\/09\/1757813648_83_placeholder.jpg\"  bad-src=\"https:\/\/www.europesays.com\/es\/wp-content\/uploads\/2025\/09\/1757813648_83_placeholder.jpg\"\/><\/p>\n<p><img decoding=\"async\" loading=\"lazy\" class=\"size-full wp-image-2381058\" src=\"https:\/\/www.europesays.com\/es\/wp-content\/uploads\/2025\/09\/u539345_022-1-scaled.jpg\" alt=\"Terelu Campos en Madrid. (Foto: Gtres)\" width=\"1708\" height=\"2560\"  \/><\/p>\n<p> Terelu Campos en Madrid. (Foto: Gtres)\n<\/p>\n<p data-start=\"94\" data-end=\"685\">El origen de la guerra medi\u00e1tica entre Terelu Campos y Kiko Matamoros se remonta a sus a\u00f1os compartidos en los plat\u00f3s, pero tambi\u00e9n est\u00e1 ligado a conflictos personales surgidos tras la marcha de Terelu de S\u00e1lvame. La relaci\u00f3n se tens\u00f3 especialmente por <a href=\"https:\/\/okdiario.com\/look\/actualidad\/alta-tension-rocio-flores-terelu-campos-viernes-no-te-he-visto-vida-2378245\" rel=\"nofollow noopener\" target=\"_blank\">las cr\u00edticas de Kiko hacia Alejandra Rubio y hacia la propia Terelu<\/a>, tras hacerse p\u00fablica la relaci\u00f3n de la hija de la presentadora con Carlo Costanzia y <strong>su posterior embarazo.<\/strong> Estos comentarios y reproches generaron una distancia notable entre ambos, alimentando meses de enfrentamientos televisivos que marcaron su relaci\u00f3n p\u00fablica.<\/p>\n<p data-start=\"113\" data-end=\"1272\">A pesar de la ausencia de Kiko Matamoros, la velada del 60 cumplea\u00f1os de Terelu Campos contar\u00e1 con la presencia de <a href=\"https:\/\/okdiario.com\/look\/actualidad\/carlo-costanzia-nuria-gonzalez-cara-cara-cumpleanos-terelu-campos-2380079\" rel=\"nofollow noopener\" target=\"_blank\">una lista selecta de invitados que refleja tanto su vida personal como su trayectoria profesional.<\/a> Entre los familiares presentes estar\u00e1n su hija <strong>Alejandra Rubio<\/strong>, acompa\u00f1ada de <strong>Carlo Costanzia<\/strong>, su hermana <strong>Carmen Borrego<\/strong> y su sobrino<strong> Jos\u00e9 Mar\u00eda Almoguera<\/strong> con su pareja <strong>Mar\u00eda<\/strong>. Tambi\u00e9n estar\u00e1 <strong>Nuria Gonz\u00e1lez<\/strong>, lo que a\u00f1ade un matiz de curiosidad al evento dado el pasado de enemistad entre la viuda de Fernando Fern\u00e1ndez-Tapias y <strong>Mar Flores<\/strong>, madre del joven.<\/p>\n<p>\n<img decoding=\"async\" loading=\"lazy\" class=\"size-full wp-image-2381065\" alt=\"Kiko Matamoros en 'No somos nadie'. (Foto: Canal Quickie)\" width=\"1800\" height=\"1013\"  src=\"https:\/\/www.europesays.com\/es\/wp-content\/uploads\/2025\/09\/1757813648_83_placeholder.jpg\"  bad-src=\"https:\/\/www.europesays.com\/es\/wp-content\/uploads\/2025\/09\/1757813648_83_placeholder.jpg\"\/><\/p>\n<p><img decoding=\"async\" loading=\"lazy\" class=\"size-full wp-image-2381065\" src=\"https:\/\/www.europesays.com\/es\/wp-content\/uploads\/2025\/09\/f.elconfidencial.com_original_07b_ce7_9c6_07bce79c6d89fdd225fa6c84a06973d4.jpg\" alt=\"Kiko Matamoros en 'No somos nadie'. (Foto: Canal Quickie)\" width=\"1800\" height=\"1013\"  \/><\/p>\n<p> Kiko Matamoros en \u2018No somos nadie\u2019. (Foto: Canal Quickie)\n<\/p>\n<p>El origen de esta guerra medi\u00e1tica se remontar\u00eda a aquellos maravillosos a\u00f1os en que Mar Flores sali\u00f3 con\u00a0<strong>Fernando Fern\u00e1ndez Tapias<\/strong>, quien\u00a0<a href=\"https:\/\/okdiario.com\/look\/actualidad\/nuria-gonzalez-pronuncia-conocerse-impugnacion-del-testamento-fernando-fernandez-tapias-2325603\" data-mrf-link=\"https:\/\/okdiario.com\/look\/actualidad\/nuria-gonzalez-pronuncia-conocerse-impugnacion-del-testamento-fernando-fernandez-tapias-2325603\" rel=\"nofollow noopener\" target=\"_blank\">falleci\u00f3 en octubre de 2023.<\/a>\u00a0La modelo y presentadora de televisi\u00f3n fue pillada bes\u00e1ndose con el mism\u00edsimo Conde Lequio, lo que puso punto y final a su romance con el empresario naviero que, poco tiempo despu\u00e9s, comenz\u00f3 una relaci\u00f3n sentimental con\u00a0<strong>Nuria Gonz\u00e1lez<\/strong>. Y ah\u00ed est\u00e1 el quit de la cuesti\u00f3n. Entonces, la estilista en el mundo de la moda era amiga de Mar, y ambas lo eran, a su vez, de Terelu Campos. La hija de Mar\u00eda Teresa Campos se posicion\u00f3 del lado de Nuria en el conflicto, lleg\u00e1ndo a ficharla incluso como colaboradora del programa que durante a\u00f1os present\u00f3 en las tardes de la televisi\u00f3n auton\u00f3mica madrile\u00f1a,\u00a0Con T de Tarde.<\/p>\n<p>Los otros invitados al cumplea\u00f1os de Terelu Campos<\/p>\n<p data-start=\"113\" data-end=\"1272\">Adem\u00e1s, la presentadora ha querido invitar a amigos que conoci\u00f3 durante su participaci\u00f3n en Supervivientes 2025, incluyendo a <a href=\"https:\/\/okdiario.com\/look\/actualidad\/sale-luz-relacion-actual-anita-williams-montoya-pruebas-que-les-delatan-2320307\" rel=\"nofollow noopener\" target=\"_blank\">Anita Williams<\/a>, Laura Cuevas, Almacor y Carmen Alcayde, con quienes comparti\u00f3 momentos hist\u00f3ricos en el reality, como sus dos saltos desde el helic\u00f3ptero, in\u00e9ditos hasta ahora en la historia del programa. Asimismo, la celebraci\u00f3n contar\u00e1 con la presencia de figuras destacadas de Telecinco, como Ra\u00fal Prieto, Beatriz Archidona, Santi Acosta, Antonio Montero, Marisa Mart\u00edn Bl\u00e1zquez, Jos\u00e9 Antonio Le\u00f3n, Patricia P\u00e9rez, \u00c1ngela Portero y Bel\u00e9n Rodr\u00edguez.<\/p>\n<p>\t\t\t\t\t\t\t<script async src=\"\/\/www.instagram.com\/embed.js\"><\/script><\/p>\n","protected":false},"excerpt":{"rendered":"El 60 cumplea\u00f1os de Terelu Campos se acerca entre glamour, emociones y, como no pod\u00eda ser de otra&hellip;\n","protected":false},"author":2,"featured_media":120076,"comment_status":"","ping_status":"","sticky":false,"template":"","format":"standard","meta":{"footnotes":""},"categories":[174],"tags":[255,146,147,25,24,256,23,5522],"class_list":{"0":"post-120075","1":"post","2":"type-post","3":"status-publish","4":"format-standard","5":"has-post-thumbnail","7":"category-famosos","8":"tag-celebrities","9":"tag-entertainment","10":"tag-entretenimiento","11":"tag-es","12":"tag-espana","13":"tag-famosos","14":"tag-spain","15":"tag-terelu"},"share_on_mastodon":{"url":"","error":""},"_links":{"self":[{"href":"https:\/\/www.europesays.com\/es\/wp-json\/wp\/v2\/posts\/120075","targetHints":{"allow":["GET"]}}],"collection":[{"href":"https:\/\/www.europesays.com\/es\/wp-json\/wp\/v2\/posts"}],"about":[{"href":"https:\/\/www.europesays.com\/es\/wp-json\/wp\/v2\/types\/post"}],"author":[{"embeddable":true,"href":"https:\/\/www.europesays.com\/es\/wp-json\/wp\/v2\/users\/2"}],"replies":[{"embeddable":true,"href":"https:\/\/www.europesays.com\/es\/wp-json\/wp\/v2\/comments?post=120075"}],"version-history":[{"count":0,"href":"https:\/\/www.europesays.com\/es\/wp-json\/wp\/v2\/posts\/120075\/revisions"}],"wp:featuredmedia":[{"embeddable":true,"href":"https:\/\/www.europesays.com\/es\/wp-json\/wp\/v2\/media\/120076"}],"wp:attachment":[{"href":"https:\/\/www.europesays.com\/es\/wp-json\/wp\/v2\/media?parent=120075"}],"wp:term":[{"taxonomy":"category","embeddable":true,"href":"https:\/\/www.europesays.com\/es\/wp-json\/wp\/v2\/categories?post=120075"},{"taxonomy":"post_tag","embeddable":true,"href":"https:\/\/www.europesays.com\/es\/wp-json\/wp\/v2\/tags?post=120075"}],"curies":[{"name":"wp","href":"https:\/\/api.w.org\/{rel}","templated":true}]}}