{"id":120091,"date":"2025-09-17T04:57:05","date_gmt":"2025-09-17T04:57:05","guid":{"rendered":"https:\/\/www.europesays.com\/es\/120091\/"},"modified":"2025-09-17T04:57:05","modified_gmt":"2025-09-17T04:57:05","slug":"exjefes-farc-reciben-condena-maxima-por-miles-de-secuestros-dw-16-09-2025","status":"publish","type":"post","link":"https:\/\/www.europesays.com\/es\/120091\/","title":{"rendered":"Exjefes FARC reciben condena m\u00e1xima por miles de secuestros \u2013 DW \u2013 16\/09\/2025"},"content":{"rendered":"<p>Casi una d\u00e9cada despu\u00e9s de firmar la paz, los l\u00edderes de las <a class=\"internal-link\" href=\"https:\/\/www.dw.com\/es\/farc\/t-17412276\" rel=\"nofollow noopener\" target=\"_blank\">FARC<\/a>\u00a0fueron sentenciados este martes (16.09.2025) a ocho a\u00f1os de trabajos y otras penas alternativas a la c\u00e1rcel por m\u00e1s de 21.000 secuestros en <a class=\"internal-link\" href=\"https:\/\/www.dw.com\/es\/colombia\/t-17411736\" rel=\"nofollow noopener\" target=\"_blank\">Colombia<\/a>.<\/p>\n<p>Entre los condenados est\u00e1n\u00a0<a class=\"internal-link\" href=\"https:\/\/www.dw.com\/es\/londo\u00f1o-rodrigo\/t-19496382\" rel=\"nofollow noopener\" target=\"_blank\">Rodrigo Londo\u00f1o<\/a>, alias Timochenko, actual presidente del partido Comunes; Rodrigo Granda, conocido como el canciller de las FARC;\u00a0y dos actuales senadores que tienen esca\u00f1os gracias al acuerdo.<\/p>\n<p>Los guerrilleros tendr\u00e1n restricciones a la movilidad y deber\u00e1n hacer actividades para dignificar a las v\u00edctimas, como colaborar en la b\u00fasqueda de desaparecidos y participar en procesos de desminado en los territorios en los que operaron.<\/p>\n<p>Las penas alternativas a la prisi\u00f3n fueron pactadas en el acuerdo firmado en 2016 entre las FARC, la otrora guerrilla m\u00e1s poderosa de Am\u00e9rica, y el entonces gobierno de Juan Manuel Santos.<\/p>\n<p><strong>Los m\u00e1s de 21.000 secuestros \u00abdejaron heridas abiertas que persisten en las familias\u00bb<\/strong><\/p>\n<p>La <a class=\"internal-link\" href=\"https:\/\/www.dw.com\/es\/jep\/t-62618734\" rel=\"nofollow noopener\" target=\"_blank\">Jurisdicci\u00f3n Especial para la Paz (JEP)<\/a> encontr\u00f3 victimarios a los excomandantantes del secuestro de 21.396 personas antes de dejar las armas para convertirse en partido pol\u00edtico.<\/p>\n<p>Las investigaciones \u00abmostraron que el secuestro se volvi\u00f3 una pr\u00e1ctica sistem\u00e1tica, porque qued\u00f3 claro que los cr\u00edmenes no solo violaron la ley, dejaron heridas abiertas que persisten en las familias\u00bb, dijo un magistrado en Bogot\u00e1 en ausencia de los rebeldes, que en 2022 aceptaron su responsabilidad en estos hechos.<\/p>\n<p>El tribunal tard\u00f3 m\u00e1s de siete a\u00f1os en dictar su primera sentencia, en medio de cr\u00edticas de los detractores del acuerdo de paz <a class=\"internal-link\" href=\"https:\/\/www.dw.com\/es\/colombia-entre-el-di\u00e1logo-y-la-fuerza-militar-puede-correr-mucha-sangre\/a-73775286\" rel=\"nofollow noopener\" target=\"_blank\">por su laxitud con los izquierdistas<\/a>, que tambi\u00e9n est\u00e1n imputados por otros cr\u00edmenes de lesa humanidad, como el reclutamiento de menores.<\/p>\n<p>rr afp\/efe<\/p>\n","protected":false},"excerpt":{"rendered":"Casi una d\u00e9cada despu\u00e9s de firmar la paz, los l\u00edderes de las FARC\u00a0fueron sentenciados este martes (16.09.2025) a&hellip;\n","protected":false},"author":2,"featured_media":120092,"comment_status":"","ping_status":"","sticky":false,"template":"","format":"standard","meta":{"footnotes":""},"categories":[42],"tags":[17,18,13,14,11,61,62,63,64,19,20,9,10,15,16,12,21,22,65,66,67],"class_list":{"0":"post-120091","1":"post","2":"type-post","3":"status-publish","4":"format-standard","5":"has-post-thumbnail","7":"category-internacional","8":"tag-breaking-news","9":"tag-breakingnews","10":"tag-featured-news","11":"tag-featurednews","12":"tag-headlines","13":"tag-internacional","14":"tag-international","15":"tag-international-news","16":"tag-internationalnews","17":"tag-latest-news","18":"tag-latestnews","19":"tag-news","20":"tag-noticias","21":"tag-noticias-destacadas","22":"tag-noticiasdestacadas","23":"tag-titulares","24":"tag-ultimas-noticias","25":"tag-ultimasnoticias","26":"tag-world","27":"tag-world-news","28":"tag-worldnews"},"share_on_mastodon":{"url":"","error":""},"_links":{"self":[{"href":"https:\/\/www.europesays.com\/es\/wp-json\/wp\/v2\/posts\/120091","targetHints":{"allow":["GET"]}}],"collection":[{"href":"https:\/\/www.europesays.com\/es\/wp-json\/wp\/v2\/posts"}],"about":[{"href":"https:\/\/www.europesays.com\/es\/wp-json\/wp\/v2\/types\/post"}],"author":[{"embeddable":true,"href":"https:\/\/www.europesays.com\/es\/wp-json\/wp\/v2\/users\/2"}],"replies":[{"embeddable":true,"href":"https:\/\/www.europesays.com\/es\/wp-json\/wp\/v2\/comments?post=120091"}],"version-history":[{"count":0,"href":"https:\/\/www.europesays.com\/es\/wp-json\/wp\/v2\/posts\/120091\/revisions"}],"wp:featuredmedia":[{"embeddable":true,"href":"https:\/\/www.europesays.com\/es\/wp-json\/wp\/v2\/media\/120092"}],"wp:attachment":[{"href":"https:\/\/www.europesays.com\/es\/wp-json\/wp\/v2\/media?parent=120091"}],"wp:term":[{"taxonomy":"category","embeddable":true,"href":"https:\/\/www.europesays.com\/es\/wp-json\/wp\/v2\/categories?post=120091"},{"taxonomy":"post_tag","embeddable":true,"href":"https:\/\/www.europesays.com\/es\/wp-json\/wp\/v2\/tags?post=120091"}],"curies":[{"name":"wp","href":"https:\/\/api.w.org\/{rel}","templated":true}]}}