{"id":120111,"date":"2025-09-17T05:10:09","date_gmt":"2025-09-17T05:10:09","guid":{"rendered":"https:\/\/www.europesays.com\/es\/120111\/"},"modified":"2025-09-17T05:10:09","modified_gmt":"2025-09-17T05:10:09","slug":"sin-luz-y-sin-agua-la-capilla-argentina-escondida-en-el-campo-que-fue-premiada-como-la-mejor-construccion-religiosa-del-mundo-gente-online","status":"publish","type":"post","link":"https:\/\/www.europesays.com\/es\/120111\/","title":{"rendered":"Sin luz y sin agua, la capilla argentina escondida en el campo que fue premiada como la mejor construcci\u00f3n religiosa del mundo \u2013 GENTE Online"},"content":{"rendered":"<p>En el coraz\u00f3n de la llanura pampeana, lejos de los templos monumentales y del ruido urbano, se levanta una obra que asombr\u00f3 al mundo. Se trata de la <strong>Capilla San Bernardo<\/strong>, ubicada en las afueras de La Playosa, a 170 kil\u00f3metros de la ciudad de C\u00f3rdoba, que <strong>en 2017 fue distinguida por el prestigioso portal ArchDaily<\/strong> como la <strong>mejor construcci\u00f3n religiosa del mundo<\/strong>.<\/p>\n<p>El proyecto fue ideado por el arquitecto rosarino <strong>Nicol\u00e1s Campod\u00f3nico<\/strong>, quien<strong> dedic\u00f3 cinco a\u00f1os de trabajo a levantar un templo diferente<\/strong>: sin luz el\u00e9ctrica ni agua corriente, construido \u00edntegramente con ladrillos reutilizados de una antigua casona rural. Con apenas 92 metros cuadrados, el edificio se integra al paisaje en un predio de 10.000 metros cuadrados y logra transmitir una profunda espiritualidad a trav\u00e9s de la simplicidad.<\/p>\n<p><img loading=\"lazy\" decoding=\"async\" width=\"1920\" height=\"1080\" src=\"https:\/\/www.europesays.com\/es\/wp-content\/uploads\/2025\/09\/Capilla-San-Bernardo-1.jpg.webp.webp\" alt=\"\" class=\"wp-image-610185\"\/>La Capilla San Bernardo, en plena llanura pampeana, fue construida con ladrillos reutilizados de una antigua casona rural.<br \/>Foto: Web Nicol\u00e1s Campod\u00f3nico<\/p>\n<p>El dise\u00f1o sorprende por su <strong>minimalismo y simbolismo.<\/strong> Dos muros curvos se entrelazan para formar un prisma s\u00f3lido en el exterior, mientras que en el interior abrazan un patio de silencio y luz. <strong>No hay bancos, altares ni vitrales<\/strong>: solo ladrillos, hendiduras donde los fieles pueden dejar velas y una estatua de San Bernardo iluminada por un haz natural que ingresa desde el techo. El espacio est\u00e1 pensado para la contemplaci\u00f3n, en comuni\u00f3n directa con el entorno.<\/p>\n<p>Uno de los gestos arquitect\u00f3nicos m\u00e1s impactantes es el juego de la luz solar. La capilla no cuenta con electricidad, pero cada tarde, cuando los \u00faltimos rayos del sol se filtran por la b\u00f3veda, se proyecta la sombra perfecta de una cruz en la pared interior. Esta cruz no est\u00e1 construida f\u00edsicamente: se forma gracias a la intersecci\u00f3n de dos maderos colocados en el exterior, uno vertical y otro horizontal. \u201cComo capilla tiene que ver con la esencia humana, y eso me moviliz\u00f3 desde el principio\u201d, explic\u00f3 Campod\u00f3nico sobre su creaci\u00f3n, levantada pr\u00e1cticamente sin financiamiento externo.<\/p>\n<p><img decoding=\"async\" src=\"https:\/\/www.europesays.com\/es\/wp-content\/uploads\/2025\/09\/Capilla-San-Bernardo-2-1024x576.jpg.webp.webp\" loading=\"lazy\" alt=\"\" class=\"wp-image-610186\"\/>Cada atardecer, la luz del sol proyecta en su interior la sombra perfecta de una cruz, uno de los detalles m\u00e1s admirados de la obra.<br \/>Foto: Web Nicol\u00e1s Campod\u00f3nico<\/p>\n<p>Desde su inauguraci\u00f3n en 2015, la <strong>Capilla San Bernardo<\/strong> cosech\u00f3 m\u00e1s de una docena de distinciones internacionales, entre ellas premios en la Bienal Panamericana de Quito, la Bienal Iberoamericana de Arquitectura y el reconocimiento del Centro de Arte y Comunicaci\u00f3n de Buenos Aires. Sin embargo, el galard\u00f3n de ArchDaily la consagr\u00f3 definitivamente como una de las obras m\u00e1s significativas de la arquitectura religiosa contempor\u00e1nea.<\/p>\n<p>C\u00f3mo llegar a la Capilla San Bernardo que dise\u00f1\u00f3 Nicol\u00e1s Campod\u00f3nico<\/p>\n<p>Llegar hasta all\u00ed implica un recorrido especial: desde C\u00f3rdoba capital se puede tomar la autopista hacia Rosario, empalmar con la Ruta Nacional 158 en direcci\u00f3n a La Playosa y, desde all\u00ed, avanzar por caminos rurales hasta el predio. La traves\u00eda demanda cerca de dos horas y media e incluye tramos con peaje y rutas sin se\u00f1alizaci\u00f3n, por lo que se recomienda viajar con GPS cargado.<\/p>\n<p>\t\t\t\t\u00a0 <\/p>\n<p>\t\t\t\t\t\t\t\t\tTEMAS<\/p>\n","protected":false},"excerpt":{"rendered":"En el coraz\u00f3n de la llanura pampeana, lejos de los templos monumentales y del ruido urbano, se levanta&hellip;\n","protected":false},"author":2,"featured_media":120112,"comment_status":"","ping_status":"","sticky":false,"template":"","format":"standard","meta":{"footnotes":""},"categories":[173],"tags":[39705,39707,229,233,231,230,39706,39703,39708,232,234,146,147,25,24,39704,23,39709],"class_list":{"0":"post-120111","1":"post","2":"type-post","3":"status-publish","4":"format-standard","5":"has-post-thumbnail","7":"category-arte-y-diseno","8":"tag-archdaily-premio","9":"tag-arquitectura-religiosa-argentina","10":"tag-arte","11":"tag-arte-y-diseno","12":"tag-arts","13":"tag-arts-and-design","14":"tag-capilla-cordoba-turismo","15":"tag-capilla-san-bernardo","16":"tag-capilla-sin-luz","17":"tag-design","18":"tag-diseno","19":"tag-entertainment","20":"tag-entretenimiento","21":"tag-es","22":"tag-espana","23":"tag-nicolas-campodonico-arquitecto","24":"tag-spain","25":"tag-templo-rural-cordoba"},"share_on_mastodon":{"url":"","error":""},"_links":{"self":[{"href":"https:\/\/www.europesays.com\/es\/wp-json\/wp\/v2\/posts\/120111","targetHints":{"allow":["GET"]}}],"collection":[{"href":"https:\/\/www.europesays.com\/es\/wp-json\/wp\/v2\/posts"}],"about":[{"href":"https:\/\/www.europesays.com\/es\/wp-json\/wp\/v2\/types\/post"}],"author":[{"embeddable":true,"href":"https:\/\/www.europesays.com\/es\/wp-json\/wp\/v2\/users\/2"}],"replies":[{"embeddable":true,"href":"https:\/\/www.europesays.com\/es\/wp-json\/wp\/v2\/comments?post=120111"}],"version-history":[{"count":0,"href":"https:\/\/www.europesays.com\/es\/wp-json\/wp\/v2\/posts\/120111\/revisions"}],"wp:featuredmedia":[{"embeddable":true,"href":"https:\/\/www.europesays.com\/es\/wp-json\/wp\/v2\/media\/120112"}],"wp:attachment":[{"href":"https:\/\/www.europesays.com\/es\/wp-json\/wp\/v2\/media?parent=120111"}],"wp:term":[{"taxonomy":"category","embeddable":true,"href":"https:\/\/www.europesays.com\/es\/wp-json\/wp\/v2\/categories?post=120111"},{"taxonomy":"post_tag","embeddable":true,"href":"https:\/\/www.europesays.com\/es\/wp-json\/wp\/v2\/tags?post=120111"}],"curies":[{"name":"wp","href":"https:\/\/api.w.org\/{rel}","templated":true}]}}