{"id":120121,"date":"2025-09-17T05:20:09","date_gmt":"2025-09-17T05:20:09","guid":{"rendered":"https:\/\/www.europesays.com\/es\/120121\/"},"modified":"2025-09-17T05:20:09","modified_gmt":"2025-09-17T05:20:09","slug":"la-generalitat-mantiene-su-apoyo-al-benidorm-fest-tras-la-decision-de-rtve-de-plantear-su-retirada-de-eurovision-sociedad","status":"publish","type":"post","link":"https:\/\/www.europesays.com\/es\/120121\/","title":{"rendered":"La Generalitat mantiene su apoyo al Benidorm Fest tras la decisi\u00f3n de RTVE de plantear su retirada de Eurovisi\u00f3n | Sociedad"},"content":{"rendered":"<p class=\"loc\">Valencia<\/p>\n<p>La Generalitat <a href=\"https:\/\/cadenaser.com\/comunitat-valenciana\/2025\/09\/16\/que-pasa-con-el-benidorm-fest-tras-el-anuncio-de-rtve-de-no-participar-en-eurovision-radio-valencia\/\" target=\"_blank\" rel=\"noreferrer nofollow noopener\" title=\"https:\/\/cadenaser.com\/comunitat-valenciana\/2025\/09\/16\/que-pasa-con-el-benidorm-fest-tras-el-anuncio-de-rtve-de-no-participar-en-eurovision-radio-valencia\/\">mantiene su apoyo al Benidorm Fest<\/a> a pesar del acuerdo del Consejo de Administraci\u00f3n de RTVE sobre la <a href=\"https:\/\/cadenaser.com\/nacional\/2025\/09\/16\/el-consejo-de-administracion-de-rtve-aprueba-retirar-a-espana-de-eurovision-si-israel-participa-cadena-ser\/\" target=\"_blank\" rel=\"noreferrer nofollow noopener\" title=\"https:\/\/cadenaser.com\/nacional\/2025\/09\/16\/el-consejo-de-administracion-de-rtve-aprueba-retirar-a-espana-de-eurovision-si-israel-participa-cadena-ser\/\">retirada de Espa\u00f1a sdel Festival de Eurovisi\u00f3n 2026 si Israel participa en el certamen<\/a>. <\/p>\n<p>Fuentes de Presidencia aseguran que su voluntad es que se siga desarrollando como en anteriores ediciones. Consideran que el mill\u00f3n y medio de euros con los que apoya econ\u00f3micamente al festival es una inversi\u00f3n productiva y adem\u00e1s hay consignaci\u00f3n presupuestaria para ello.<\/p>\n<p>Revisi\u00f3n del convenio<\/p>\n<p>Aseguran, adem\u00e1s, que el festival es una iniciativa que encaja perfectamente en su estrategia de promoci\u00f3n tur\u00edstica. Eso s\u00ed, reconocen que al tratarse de un convenio, \u00e9ste est\u00e1 vinculado al retorno promocional, por lo que cualquier variaci\u00f3n que se produjera tiene que ser negociada y revisada entre las partes. <\/p>\n<p>Entienden que si al final el ganador del Benidorm Fest no representa a Espa\u00f1a en Eurovisi\u00f3n existir\u00e1 una variaci\u00f3n del convenio que se tiene que revisar. <\/p>\n<p>Por \u00faltimo recuerdan que entre los acuerdos con TVE estaba la promoci\u00f3n tur\u00edstica de la Comunitat en la ciudad sede de Eurovisi\u00f3n, algo que se deber\u00e1 sacar del convenio si finalmente Espa\u00f1a no acude a la cita.<\/p>\n<p>Cabe recordar que desde 2022 se celebra el Benidom Fest, un certamen que elige al artista que representa a Espa\u00f1a en el festival europeo.<\/p>\n<p>Radio Televisi\u00f3n Espa\u00f1ola ha asegurado que la posible ausencia de Espa\u00f1a<a href=\"https:\/\/cadenaser.com\/nacional\/2025\/06\/26\/rtve-da-un-giro-radical-al-benidorm-fest-del-cambio-de-fechas-a-la-contratacion-del-rostro-mas-esperado-para-eurovision-cadena-ser\/\" target=\"_blank\" rel=\"nofollow noopener\" title=\"https:\/\/cadenaser.com\/nacional\/2025\/06\/26\/rtve-da-un-giro-radical-al-benidorm-fest-del-cambio-de-fechas-a-la-contratacion-del-rostro-mas-esperado-para-eurovision-cadena-ser\/\"> no altera los planes del Benidorm Fest.<\/a> Un festival \u00abconsolidado\u00bb, con \u00abidentidad propia\u00bb, y \u00abmuy importante\u00bb en el \u00e1mbito internacional. Por tanto, la quinta edici\u00f3n, prevista para febrero, se llevar\u00e1 a cabo.<\/p>\n<p>La pr\u00f3xima semana se cierra el plazo para la presentaci\u00f3n de candidatos de una edici\u00f3n que ser\u00e1, por primera vez, remunerada con un premio de 100.000 euros. Y, seg\u00fan fuentes de la corporaci\u00f3n, contar\u00e1 con un artista \u00abmuy potente\u00bb.<\/p>\n<p>Sigue toda la \u00faltima hora en el canal de Whatsapp de Radio Valencia:<a href=\"https:\/\/eur01.safelinks.protection.outlook.com\/?url=https%3A%2F%2Fwhatsapp.com%2Fchannel%2F0029VaHjyqSFHWq2Q3iHB33R&amp;data=05%7C02%7Cjfores%40prisaradio.com%7C9cf93b8bc68040c162ea08dca66399b3%7Cc4fd49f3e15a44d882e2c909735d2e45%7C0%7C0%7C638568193933277239%7CUnknown%7CTWFpbGZsb3d8eyJWIjoiMC4wLjAwMDAiLCJQIjoiV2luMzIiLCJBTiI6Ik1haWwiLCJXVCI6Mn0%3D%7C0%7C%7C%7C&amp;sdata=wXicRJgfTg5wCWBTdUk%2FIrtJAULqiLUxrhnLmtwSKf0%3D&amp;reserved=0\" target=\"_blank\" rel=\"nofollow noopener\" title=\"Direcci\u00f3n URL original: https:\/\/whatsapp.com\/channel\/0029VaHjyqSFHWq2Q3iHB33R. Haga clic o pulse si conf\u00eda en este v\u00ednculo.\">haz clic aqu\u00ed y suscr\u00edbete<\/a> para recibir toda la informaci\u00f3n y la actualidad del d\u00eda en tu m\u00f3vil.<\/p>\n","protected":false},"excerpt":{"rendered":"Valencia La Generalitat mantiene su apoyo al Benidorm Fest a pesar del acuerdo del Consejo de Administraci\u00f3n de&hellip;\n","protected":false},"author":2,"featured_media":120122,"comment_status":"","ping_status":"","sticky":false,"template":"","format":"standard","meta":{"footnotes":""},"categories":[42],"tags":[17,18,13,14,11,61,62,63,64,19,20,9,10,15,16,12,21,22,65,66,67],"class_list":{"0":"post-120121","1":"post","2":"type-post","3":"status-publish","4":"format-standard","5":"has-post-thumbnail","7":"category-internacional","8":"tag-breaking-news","9":"tag-breakingnews","10":"tag-featured-news","11":"tag-featurednews","12":"tag-headlines","13":"tag-internacional","14":"tag-international","15":"tag-international-news","16":"tag-internationalnews","17":"tag-latest-news","18":"tag-latestnews","19":"tag-news","20":"tag-noticias","21":"tag-noticias-destacadas","22":"tag-noticiasdestacadas","23":"tag-titulares","24":"tag-ultimas-noticias","25":"tag-ultimasnoticias","26":"tag-world","27":"tag-world-news","28":"tag-worldnews"},"share_on_mastodon":{"url":"","error":""},"_links":{"self":[{"href":"https:\/\/www.europesays.com\/es\/wp-json\/wp\/v2\/posts\/120121","targetHints":{"allow":["GET"]}}],"collection":[{"href":"https:\/\/www.europesays.com\/es\/wp-json\/wp\/v2\/posts"}],"about":[{"href":"https:\/\/www.europesays.com\/es\/wp-json\/wp\/v2\/types\/post"}],"author":[{"embeddable":true,"href":"https:\/\/www.europesays.com\/es\/wp-json\/wp\/v2\/users\/2"}],"replies":[{"embeddable":true,"href":"https:\/\/www.europesays.com\/es\/wp-json\/wp\/v2\/comments?post=120121"}],"version-history":[{"count":0,"href":"https:\/\/www.europesays.com\/es\/wp-json\/wp\/v2\/posts\/120121\/revisions"}],"wp:featuredmedia":[{"embeddable":true,"href":"https:\/\/www.europesays.com\/es\/wp-json\/wp\/v2\/media\/120122"}],"wp:attachment":[{"href":"https:\/\/www.europesays.com\/es\/wp-json\/wp\/v2\/media?parent=120121"}],"wp:term":[{"taxonomy":"category","embeddable":true,"href":"https:\/\/www.europesays.com\/es\/wp-json\/wp\/v2\/categories?post=120121"},{"taxonomy":"post_tag","embeddable":true,"href":"https:\/\/www.europesays.com\/es\/wp-json\/wp\/v2\/tags?post=120121"}],"curies":[{"name":"wp","href":"https:\/\/api.w.org\/{rel}","templated":true}]}}