{"id":120151,"date":"2025-09-17T05:43:07","date_gmt":"2025-09-17T05:43:07","guid":{"rendered":"https:\/\/www.europesays.com\/es\/120151\/"},"modified":"2025-09-17T05:43:07","modified_gmt":"2025-09-17T05:43:07","slug":"los-padres-del-asesino-de-charlie-kirk-convencieron-a-su-hijo-para-que-no-se-suicidara","status":"publish","type":"post","link":"https:\/\/www.europesays.com\/es\/120151\/","title":{"rendered":"Los padres del asesino de Charlie Kirk convencieron a su hijo para que no se suicidara"},"content":{"rendered":"<p class=\"L6-news-detail__text\">Los padres de <b><a title=\"Tyler Robinson\" href=\"https:\/\/www.lasexta.com\/noticias\/internacional\/aficionado-armas-introvertido-familia-conservadora-asi-tyler-robinson-presunto-asesino-charlie-kirk_2025091368c566e1ca99f73feef34e6c.html\" target=\"_blank\" rel=\"nofollow noopener\">Tyler Robinson<\/a><\/b>, el presunto asesino de <b><a title=\"Charlie Kirk\" href=\"https:\/\/www.lasexta.com\/noticias\/internacional\/fiscalia-pide-pena-muerte-tyler-robinson-acusado-matar-charlie-kirk_2025091668c9ab9a0b5fe14a1b7ca9e9.html\" target=\"_blank\" rel=\"nofollow noopener\">Charlie Kirk<\/a><\/b>, convencieron a su hijo de que no se quitara la vida y se entregara a las autoridades cuando descubrieron que hab\u00eda sido \u00e9l quien hab\u00eda disparado al activista conservador en el campus de una universidad de Utah.<\/p>\n<p class=\"L6-news-detail__text\">Cuando los progenitores, tras ver las im\u00e1genes de Robinson que public\u00f3 el FBI, determinaron que su hijo era el asesino le llamaron por tel\u00e9fono, cont\u00f3 este martes en rueda de prensa el fiscal del condado de Utah Jeff Gray, y fue entonces cuando el hombre, de 22 a\u00f1os, <b>insinu\u00f3 que planeaba suicidarse<\/b>.<\/p>\n<p class=\"L6-news-detail__text\">\u00abSus padres lograron convencerle de reunirse en su casa para hablar sobre la situaci\u00f3n. Robinson insinu\u00f3 que \u00e9l era el tirador y declar\u00f3 que no pod\u00eda ir a la c\u00e1rcel y que <b>solo quer\u00eda terminar con toda la situaci\u00f3n<\/b>\u00ab, explic\u00f3 Gray poco despu\u00e9s de anunciar que pedir\u00e1 la pena de muerte para el hombre, al que <b>se le imputan siete cargos<\/b>, entre ellos asesinato con agravantes, y enfrenta posible pena de muerte. Cuando los padres preguntaron a Robinson por qu\u00e9 lo hizo, el hombre explic\u00f3 que Charlie Kirk \u00abpropagaba demasiado odio\u00bb.<\/p>\n<p class=\"L6-news-detail__text\">La madre de Robinson explic\u00f3 que, durante <b>el \u00faltimo a\u00f1o se hab\u00eda \u00abpolitizado<\/b> y hab\u00eda empezado a inclinarse m\u00e1s hacia la izquierda\u00bb, defendiendo \u00ablos derechos de las personas homosexuales y transexuales\u00bb, dijo Gray, que a\u00f1adi\u00f3 que el presunto asesino coment\u00f3 a su familia que \u00abempez\u00f3 a salir con su compa\u00f1ero de piso, un hombre biol\u00f3gico que estaba transicionando\u00bb a mujer.<\/p>\n<p class=\"L6-news-detail__text\">Los progenitores convencieron a Robinson de que hablara con un amigo de la familia, un ayudante del sheriff retirado, que fue quien convenci\u00f3 al presunto asesino de que se entregara en el condado de Washington, donde residen los padres. La compa\u00f1era sentimental de Robinson comparti\u00f3 con la polic\u00eda un <b><a title=\"intercambio de mensajes de texto\" href=\"https:\/\/www.lasexta.com\/noticias\/internacional\/sospechoso-asesinar-charlie-kirk-habria-confesado-crimen-chat-sido-siento-que-ocurrido_2025091668c8fa6d0e72636c5e8df2a5.html\" target=\"_blank\" rel=\"nofollow noopener\">intercambio de mensajes de texto<\/a><\/b> en el que el hombre confes\u00f3 que hab\u00eda asesinado a Kirk. Robinson dej\u00f3 adem\u00e1s, debajo del teclado del apartamento, un mensaje escrito a mano para su compa\u00f1ero que dec\u00eda \u00abTengo la oportunidad de eliminar a Charlie Kirk y la voy a aprovechar\u00bb.<\/p>\n<p class=\"L6-news-detail__text\">Cuando la compa\u00f1era le pregunt\u00f3 por qu\u00e9 lo hizo, Robinson contest\u00f3 \u00ab<b>Ya he tenido suficiente de su odio<\/b>. Hay odios con los que no se pueden negociar\u00bb y dijo que hab\u00eda planeado el asesinato durante algo m\u00e1s de una semana. Robinson le pidi\u00f3 que borrara todos los mensajes, le dijo que su padre se hab\u00eda vuelto \u00abbastante fan\u00e1tico\u00bb del movimiento MAGA de Donald Trump, le anunci\u00f3 que se iba a entregar y le pidi\u00f3 que no hablar\u00e1 con los medios de comunicaci\u00f3n o la polic\u00eda.<\/p>\n<p class=\"L6-support-news-video__title\">Cu\u00e1ndo si y cu\u00e1ndo no<\/p>\n<p>            <a href=\"https:\/\/www.lasexta.com\/noticias\/nacional\/critica-selectiva-protestas-asi-animo-aguirre-ocupar-calles-antes-acusar-sanchez-alentar-violencia_2025091668c96f2637083b1b01b16b85.html\" class=\"L6-news__link\" rel=\"nofollow noopener\" target=\"_blank\"><br \/>\n                El PP y su cr\u00edtica selectiva a las protestas: as\u00ed anim\u00f3 Aguirre a ocupar calles antes de acusar a S\u00e1nchez de alentar la violencia<\/p>\n<p class=\"recirculation-video-desc\">La otra cara Feij\u00f3o denuncia la \u00abviolencia pol\u00edtica\u00bb durante La Vuelta, pero la historia muestra que Aguirre, Ayuso y otros dirigentes del PP alentaron activamente protestas similares en el pasado, desde movilizaciones frente a Ferraz hasta manifestaciones de agricultores y ganaderos.<\/p>\n<p>            <\/a><\/p>\n","protected":false},"excerpt":{"rendered":"Los padres de Tyler Robinson, el presunto asesino de Charlie Kirk, convencieron a su hijo de que no&hellip;\n","protected":false},"author":2,"featured_media":120152,"comment_status":"","ping_status":"","sticky":false,"template":"","format":"standard","meta":{"footnotes":""},"categories":[42],"tags":[17,18,13,14,11,61,62,63,64,19,20,9,10,15,16,12,21,22,65,66,67],"class_list":{"0":"post-120151","1":"post","2":"type-post","3":"status-publish","4":"format-standard","5":"has-post-thumbnail","7":"category-internacional","8":"tag-breaking-news","9":"tag-breakingnews","10":"tag-featured-news","11":"tag-featurednews","12":"tag-headlines","13":"tag-internacional","14":"tag-international","15":"tag-international-news","16":"tag-internationalnews","17":"tag-latest-news","18":"tag-latestnews","19":"tag-news","20":"tag-noticias","21":"tag-noticias-destacadas","22":"tag-noticiasdestacadas","23":"tag-titulares","24":"tag-ultimas-noticias","25":"tag-ultimasnoticias","26":"tag-world","27":"tag-world-news","28":"tag-worldnews"},"share_on_mastodon":{"url":"","error":""},"_links":{"self":[{"href":"https:\/\/www.europesays.com\/es\/wp-json\/wp\/v2\/posts\/120151","targetHints":{"allow":["GET"]}}],"collection":[{"href":"https:\/\/www.europesays.com\/es\/wp-json\/wp\/v2\/posts"}],"about":[{"href":"https:\/\/www.europesays.com\/es\/wp-json\/wp\/v2\/types\/post"}],"author":[{"embeddable":true,"href":"https:\/\/www.europesays.com\/es\/wp-json\/wp\/v2\/users\/2"}],"replies":[{"embeddable":true,"href":"https:\/\/www.europesays.com\/es\/wp-json\/wp\/v2\/comments?post=120151"}],"version-history":[{"count":0,"href":"https:\/\/www.europesays.com\/es\/wp-json\/wp\/v2\/posts\/120151\/revisions"}],"wp:featuredmedia":[{"embeddable":true,"href":"https:\/\/www.europesays.com\/es\/wp-json\/wp\/v2\/media\/120152"}],"wp:attachment":[{"href":"https:\/\/www.europesays.com\/es\/wp-json\/wp\/v2\/media?parent=120151"}],"wp:term":[{"taxonomy":"category","embeddable":true,"href":"https:\/\/www.europesays.com\/es\/wp-json\/wp\/v2\/categories?post=120151"},{"taxonomy":"post_tag","embeddable":true,"href":"https:\/\/www.europesays.com\/es\/wp-json\/wp\/v2\/tags?post=120151"}],"curies":[{"name":"wp","href":"https:\/\/api.w.org\/{rel}","templated":true}]}}