{"id":120173,"date":"2025-09-17T05:58:16","date_gmt":"2025-09-17T05:58:16","guid":{"rendered":"https:\/\/www.europesays.com\/es\/120173\/"},"modified":"2025-09-17T05:58:16","modified_gmt":"2025-09-17T05:58:16","slug":"los-amos-de-la-ciudad-y-matices-mafiosos-y-vino-television","status":"publish","type":"post","link":"https:\/\/www.europesays.com\/es\/120173\/","title":{"rendered":"\u2018Los amos de la ciudad\u2019 y \u2018Matices\u2019, mafiosos y vino | Televisi\u00f3n"},"content":{"rendered":"<p class=\"\">Un par de consideraciones tras contemplar los ocho cap\u00edtulos de la <a href=\"https:\/\/www.movistarplus.es\/comunicacion\/notas-de-prensa\/los-amos-de-la-ciudad-el-aclamado-drama-mafioso-ambientado-en-liverpool-se-estrenara-en-septiembre-en-movistar-plus\/\" target=\"_self\" rel=\"nofollow noopener\" title=\"https:\/\/www.movistarplus.es\/comunicacion\/notas-de-prensa\/los-amos-de-la-ciudad-el-aclamado-drama-mafioso-ambientado-en-liverpool-se-estrenara-en-septiembre-en-movistar-plus\/\">primera temporada de Los amos de la ciudad<\/a>. En primer lugar, Liverpool, una de las dos localizaciones por las que transcurre la serie, y aun conscientes de que fue all\u00ed donde se formaron los Beatles, es una de las ciudades m\u00e1s feas que existen, fea y anodina, mal que les pese a los apasionados hooligans locales. En segundo lugar, se\u00f1alar que la familia mafiosa que protagoniza la historia, y deseosa de desaparecer un tiempo por las incomodidades que acarrean las investigaciones policiales, decide trasladarse a la malague\u00f1a Costa del Sol, lo que como sabemos es una zona privilegiada para el turismo, para el <a href=\"https:\/\/elpais.com\/espana\/2025-06-15\/el-crimen-organizado-se-extiende-ya-por-todos-los-rincones-de-la-costa-del-sol.html\" target=\"_self\" rel=\"nofollow noopener\" title=\"https:\/\/elpais.com\/espana\/2025-06-15\/el-crimen-organizado-se-extiende-ya-por-todos-los-rincones-de-la-costa-del-sol.html\">refugio de delincuentes<\/a> y para el viaje de algunos alcaldes locales desde la sede municipal al Centro Penitenciario de Alhaur\u00edn de la Torre.<\/p>\n<p>M\u00e1s informaci\u00f3n<\/p>\n<p class=\"\">Consideraciones aparte, lo cierto es que Los amos de la ciudad (Movistar Plus +) es una gran serie creada por Stephen Butchard, coguionista y codirector de la misma, que ratifica lo ya sabido: la calidad de la mayor parte de las producciones de la BBC. Y, adem\u00e1s, la al parecer inagotable cantera de excelentes actores brit\u00e1nicos como James Nelson-Joyce, Sean Bean, Jack McMullen o Julie Graham, la brutalidad de cuyos actos es compatible con unos modales educados; matan y torturan pero sin levantar mucho la voz ni con grandes aspavientos. <\/p>\n<p class=\"\">Naturalmente, el amor, la codicia y la traici\u00f3n est\u00e1n presentes en la trama con la ya tradicional constancia de los art\u00edfices de las series aunque en el caso de la comentada la polic\u00eda juega un papel secundario, lo importante es la familia y allegados.<\/p>\n<p class=\"\">Claro que si se prefiere contemplar una serie nacional se pueden ver los ocho episodios de <a href=\"https:\/\/www.skyshowtime.com\/es\/its-time-for\/matices\" target=\"_self\" rel=\"nofollow noopener\" title=\"https:\/\/www.skyshowtime.com\/es\/its-time-for\/matices\">Matices (SkyShowtime)<\/a>, o como dir\u00eda Agatha Christie Diez blanquitos, rodada en una impresionante bodega zamorana, Hacienda Zorita, en Fermoselle, que por circunstancias de la vida result\u00f3 ser el <a href=\"https:\/\/elpais.com\/cultura\/2025-08-27\/muere-el-actor-eusebio-poncela-a-los-79-anos.html\" target=\"_self\" rel=\"nofollow noopener\" title=\"https:\/\/elpais.com\/cultura\/2025-08-27\/muere-el-actor-eusebio-poncela-a-los-79-anos.html\">\u00faltimo trabajo de un estupendo Eusebio Poncela <\/a>en el papel de un afamado psiquiatra que convoca a sus pacientes en el hotel-bodega acompa\u00f1ado por su hija,<a href=\"https:\/\/elpais.com\/gente\/2025-06-01\/elsa-pataky-hay-que-hacer-todo-lo-posible-para-ralentizar-el-paso-del-tiempo-pero-no-oponerse-a-ello.html\" target=\"_self\" rel=\"nofollow noopener\" title=\"https:\/\/elpais.com\/gente\/2025-06-01\/elsa-pataky-hay-que-hacer-todo-lo-posible-para-ralentizar-el-paso-del-tiempo-pero-no-oponerse-a-ello.html\"> la reaparecida Elsa Pataky<\/a>, y un notable grupo de actores como Juana Acosta, Enrique Arce o Luis Tosar. Un asesinato, un teniente de la Guardia Civil que lo investigar\u00e1 y varios pacientes con unos importantes \u201cpelotazos mentales\u201d, valga la vulgar expresi\u00f3n como contrapunto de la espectacular localizaci\u00f3n de la serie creada por Sergio C\u00e1novas, Javier Naya y Alex Meriweather.<\/p>\n","protected":false},"excerpt":{"rendered":"Un par de consideraciones tras contemplar los ocho cap\u00edtulos de la primera temporada de Los amos de la&hellip;\n","protected":false},"author":2,"featured_media":120174,"comment_status":"","ping_status":"","sticky":false,"template":"","format":"standard","meta":{"footnotes":""},"categories":[171],"tags":[209,146,147,25,24,18259,303,13828,13826,13829,8190,8191,23,214],"class_list":{"0":"post-120173","1":"post","2":"type-post","3":"status-publish","4":"format-standard","5":"has-post-thumbnail","7":"category-tv","8":"tag-cultura","9":"tag-entertainment","10":"tag-entretenimiento","11":"tag-es","12":"tag-espana","13":"tag-mafia","14":"tag-movistar","15":"tag-series-accion","16":"tag-series-britanicas","17":"tag-series-crimenes","18":"tag-series-espanolas","19":"tag-series-europeas","20":"tag-spain","21":"tag-tv"},"share_on_mastodon":{"url":"","error":""},"_links":{"self":[{"href":"https:\/\/www.europesays.com\/es\/wp-json\/wp\/v2\/posts\/120173","targetHints":{"allow":["GET"]}}],"collection":[{"href":"https:\/\/www.europesays.com\/es\/wp-json\/wp\/v2\/posts"}],"about":[{"href":"https:\/\/www.europesays.com\/es\/wp-json\/wp\/v2\/types\/post"}],"author":[{"embeddable":true,"href":"https:\/\/www.europesays.com\/es\/wp-json\/wp\/v2\/users\/2"}],"replies":[{"embeddable":true,"href":"https:\/\/www.europesays.com\/es\/wp-json\/wp\/v2\/comments?post=120173"}],"version-history":[{"count":0,"href":"https:\/\/www.europesays.com\/es\/wp-json\/wp\/v2\/posts\/120173\/revisions"}],"wp:featuredmedia":[{"embeddable":true,"href":"https:\/\/www.europesays.com\/es\/wp-json\/wp\/v2\/media\/120174"}],"wp:attachment":[{"href":"https:\/\/www.europesays.com\/es\/wp-json\/wp\/v2\/media?parent=120173"}],"wp:term":[{"taxonomy":"category","embeddable":true,"href":"https:\/\/www.europesays.com\/es\/wp-json\/wp\/v2\/categories?post=120173"},{"taxonomy":"post_tag","embeddable":true,"href":"https:\/\/www.europesays.com\/es\/wp-json\/wp\/v2\/tags?post=120173"}],"curies":[{"name":"wp","href":"https:\/\/api.w.org\/{rel}","templated":true}]}}