{"id":120175,"date":"2025-09-17T05:59:15","date_gmt":"2025-09-17T05:59:15","guid":{"rendered":"https:\/\/www.europesays.com\/es\/120175\/"},"modified":"2025-09-17T05:59:15","modified_gmt":"2025-09-17T05:59:15","slug":"el-resumen-de-una-noche-para-el-recuerdo-con-la-musica-y-el-futuro-como-protagonistas","status":"publish","type":"post","link":"https:\/\/www.europesays.com\/es\/120175\/","title":{"rendered":"el resumen de una noche para el recuerdo con la m\u00fasica y el futuro como protagonistas"},"content":{"rendered":"<p id=\"epCkaK8I38\" data-wc=\"166\">\u00a1HOLA! ha celebrado el festival m\u00e1s exclusivo del a\u00f1o, la cita m\u00e1s esperada de la rentr\u00e9e:<a class=\"hm-link ho-link\" href=\"https:\/\/www.hola.com\/actualidad\/20250916855975\/evento-hola-gen-h-en-directo\/\" data-mrf-recirculation=\"article-body-link\" rel=\"nofollow noopener\" target=\"_blank\">\u00a0la primera edici\u00f3n de los Premios GEN \u00a1H!<\/a> Con el Hip\u00f3dromo de La Zarzuela como tel\u00f3n de fondo, hemos desvelado <strong>el top 50 de hombres y mujeres<\/strong> que ya integran nuestras p\u00e1ginas, que sirven de inspiraci\u00f3n y con los que hemos compartido su talento y su visi\u00f3n del mundo. Todos ellos simbolizan el talento de la juventud en todos los \u00e1mbitos de la sociedad, desde el cine al deporte, pasando por la moda y tambi\u00e9n sectores como tecnolog\u00eda y redes sociales. Con Jota Abril como maestro de ceremonias,<a class=\"hm-link ho-link\" href=\"https:\/\/www.hola.com\/actualidad\/20250916855382\/premios-gen-h-ganadores\/\" data-mrf-recirculation=\"article-body-link\" rel=\"nofollow noopener\" target=\"_blank\">\u00a0hemos entregado once galardones<\/a> a doce personalidades cuyos discursos han inspirado. Ha sido una velada llena de detalles, sorpresas, reencuentros, an\u00e9cdotas y mucha m\u00fasica. Y es que \u00c1lvaro de Luna y Ona Mafalda han sido los encargados de poner con su voz la banda sonora a una noche irrepetible. <strong>\u00a1No te pierdas el resumen de los Premios GEN \u00a1H! en 2 minutos!<\/strong><\/p>\n","protected":false},"excerpt":{"rendered":"\u00a1HOLA! ha celebrado el festival m\u00e1s exclusivo del a\u00f1o, la cita m\u00e1s esperada de la rentr\u00e9e:\u00a0la primera edici\u00f3n&hellip;\n","protected":false},"author":2,"featured_media":120176,"comment_status":"","ping_status":"","sticky":false,"template":"","format":"standard","meta":{"footnotes":""},"categories":[170],"tags":[517,146,147,25,24,39652,184,185,23],"class_list":{"0":"post-120175","1":"post","2":"type-post","3":"status-publish","4":"format-standard","5":"has-post-thumbnail","7":"category-musica","8":"tag-actualidad","9":"tag-entertainment","10":"tag-entretenimiento","11":"tag-es","12":"tag-espana","13":"tag-gen-h","14":"tag-music","15":"tag-musica","16":"tag-spain"},"share_on_mastodon":{"url":"","error":""},"_links":{"self":[{"href":"https:\/\/www.europesays.com\/es\/wp-json\/wp\/v2\/posts\/120175","targetHints":{"allow":["GET"]}}],"collection":[{"href":"https:\/\/www.europesays.com\/es\/wp-json\/wp\/v2\/posts"}],"about":[{"href":"https:\/\/www.europesays.com\/es\/wp-json\/wp\/v2\/types\/post"}],"author":[{"embeddable":true,"href":"https:\/\/www.europesays.com\/es\/wp-json\/wp\/v2\/users\/2"}],"replies":[{"embeddable":true,"href":"https:\/\/www.europesays.com\/es\/wp-json\/wp\/v2\/comments?post=120175"}],"version-history":[{"count":0,"href":"https:\/\/www.europesays.com\/es\/wp-json\/wp\/v2\/posts\/120175\/revisions"}],"wp:featuredmedia":[{"embeddable":true,"href":"https:\/\/www.europesays.com\/es\/wp-json\/wp\/v2\/media\/120176"}],"wp:attachment":[{"href":"https:\/\/www.europesays.com\/es\/wp-json\/wp\/v2\/media?parent=120175"}],"wp:term":[{"taxonomy":"category","embeddable":true,"href":"https:\/\/www.europesays.com\/es\/wp-json\/wp\/v2\/categories?post=120175"},{"taxonomy":"post_tag","embeddable":true,"href":"https:\/\/www.europesays.com\/es\/wp-json\/wp\/v2\/tags?post=120175"}],"curies":[{"name":"wp","href":"https:\/\/api.w.org\/{rel}","templated":true}]}}