{"id":120207,"date":"2025-09-17T06:26:18","date_gmt":"2025-09-17T06:26:18","guid":{"rendered":"https:\/\/www.europesays.com\/es\/120207\/"},"modified":"2025-09-17T06:26:18","modified_gmt":"2025-09-17T06:26:18","slug":"tension-lagrimas-y-un-final-inesperado-protagonizan-la-ultima-expulsion-de-masterchef-celebrity-la-suerte-no-existe","status":"publish","type":"post","link":"https:\/\/www.europesays.com\/es\/120207\/","title":{"rendered":"Tensi\u00f3n, l\u00e1grimas y un final inesperado protagonizan la \u00faltima expulsi\u00f3n de &#8216;MasterChef Celebrity&#8217;: \u00abLa suerte no existe\u00bb"},"content":{"rendered":"<p id=\"eziaMJyxT3\" data-wc=\"80\">Tras el shock de la semana pasada por la <a class=\"hm-link ho-link\" href=\"https:\/\/www.hola.com\/actualidad\/20250909854627\/soraya-arnelas-expulsion-masterchef-celebrity-lagrimas\/\" data-mrf-recirculation=\"article-body-link\" rel=\"nofollow noopener\" target=\"_blank\">expulsi\u00f3n de Soraya Arnelas<\/a>, Masterchef Celebrity ha vuelto a sorprender a los telespectadores y a los propios concursantes. El \u00faltimo programa fue una monta\u00f1a rusa de emociones que termin\u00f3 con un giro inesperado, eliminando a una de las aspirantes m\u00e1s queridas. La prueba de exteriores dej\u00f3 a Maril\u00f3 Montero, Juanjo Bona, David, Parada, Rosa Benito, Valeria Vegas y Charo Reina como nominados y tuvieron que luchar por seguir en el concurso.<\/p>\n<p> <img src=\"https:\/\/www.europesays.com\/es\/wp-content\/uploads\/2025\/09\/fe67e577af41-captura-de-pantalla-2025-09-16-093848.png\"   width=\"1024\" height=\"614\" loading=\"lazy\" decoding=\"async\" alt=\"Masterchef Celebrity\" fetchpriority=\"auto\" class=\"image ho-image\"\/>\u00a9 RTVE<\/p>\n<p id=\"eivzPDG8Et9\" data-wc=\"65\">Los postres se convirtieron en protagonistas con la visita de <strong>Jordi Roca<\/strong>, maestro pastelero de El Celler de Can Roca con 3 estrellas Michel\u00edn, que les propuso hacer algunas de sus recetas que se caracterizan por ser r\u00e1pidas y muy sencillas: brownie, tiramis\u00fa, creps, tarta tat\u00edn&#8230; Eso s\u00ed, la prueba era un tanto enga\u00f1osa y a muchos concursantes se le complic\u00f3 m\u00e1s de la cuenta.\u00a0<\/p>\n<p id=\"edgzn_Ubdz\" data-wc=\"61\">Aunque lo intentaron hasta el final, los platos de Charo Reina, Juanjo Bona y Valeria Vegas fueron los que menos convencieron al jurado, pero el que fuera concursante de Operaci\u00f3n Triunfo consigui\u00f3 salvarse. \u00abHa conseguido una r\u00e9plica que, aunque ten\u00eda varios defectos, ha conseguido estar por encima de la de sus compa\u00f1eros\u00bb, le dijo Jordi Cruz a Juanjo confirmando su salvaci\u00f3n.<\/p>\n<p> <img src=\"https:\/\/www.europesays.com\/es\/wp-content\/uploads\/2025\/09\/fc233776068a-saveclipapp549191489185317811740234155433029551231609940n.jpg\"   width=\"576\" height=\"1024\" loading=\"lazy\" decoding=\"async\" alt=\"Charo Reina y Valeria Vegas en Masterchef Celebrity\" fetchpriority=\"auto\" class=\"image ho-image\"\/>\u00a9 RTVE<\/p>\n<p class=\"\" id=\"eEHjmluHYBf\" data-wc=\"47\">Ya solo quedaban dos y, finalmente, el jurado dio el nombre de Charo como expulsada del tercer programa de Masterchef Celebrity. \u00abHas tenido la mejor de las actitudes, pero es verdad que tu postre distaba mucho de lo que nos ha tra\u00eddo Jordi Roca\u00bb, coment\u00f3 Pepe Rodr\u00edguez.<\/p>\n<p> <img src=\"https:\/\/www.europesays.com\/es\/wp-content\/uploads\/2025\/09\/493b79edce8d-captura-de-pantalla-2025-09-16-085115.png\"   width=\"1024\" height=\"733\" loading=\"lazy\" decoding=\"async\" alt=\"Charo Reina en Masterchef Celebrity\" fetchpriority=\"auto\" class=\"image ho-image\"\/>\u00a9 RTVE<\/p>\n<p id=\"e6is0UqP1bO\" data-wc=\"44\">Lejos de entristecerse, la artista se mostr\u00f3 optimista y, sobre todo, muy contenta y agradecida por haber podido vivir esta experiencia. \u00ab<strong>Me voy muy feliz. La vida es lucha, la vida es constancia, la vida es perseverancia&#8230; Es mentira, la suerte no existe<\/strong>\u00ab, sentenci\u00f3.\u00a0<\/p>\n<p> <img src=\"https:\/\/www.europesays.com\/es\/wp-content\/uploads\/2025\/09\/77bf67d3d714-captura-de-pantalla-2025-09-16-085547.png\"   width=\"1024\" height=\"541\" loading=\"lazy\" decoding=\"async\" alt=\"Charo Reina en Masterchef Celebrity\" fetchpriority=\"auto\" class=\"image ho-image\"\/>\u00a9 RTVE<\/p>\n<p id=\"e5SHnuUbhC\" data-wc=\"87\">Su salida dej\u00f3 a todos sus compa\u00f1eros muy tocados y les invadi\u00f3 la pena mientras ve\u00edan c\u00f3mo se desped\u00eda. \u00abTienes un cruce de emociones, est\u00e1s contenta por ti y est\u00e1s triste por Charo. Tengo que digerir un mont\u00f3n de emociones\u00bb, dec\u00eda Valeria Vegas sin poder parar de llorar. Por su parte, Juanjo a\u00f1adi\u00f3: \u00ab<strong>Me da mucha pena Charo, porque tra\u00eda un ambiente al grupo que hac\u00eda falta<\/strong>, \u00bfsabes? Una alegr\u00eda natural, unas risas&#8230; A m\u00ed me parece una persona ic\u00f3nica. Ella es ya una de mis t\u00edas\u00bb.\u00a0<\/p>\n<p> <img src=\"https:\/\/www.europesays.com\/es\/wp-content\/uploads\/2025\/09\/187604d589bc-captura-de-pantalla-2025-09-16-085619.png\"   width=\"1024\" height=\"477\" loading=\"lazy\" decoding=\"async\" alt=\"Masterchef Celebrity\" fetchpriority=\"auto\" class=\"image ho-image\"\/>\u00a9 RTVE<\/p>\n<p> <img src=\"https:\/\/www.europesays.com\/es\/wp-content\/uploads\/2025\/09\/2f17466b71eb-captura-de-pantalla-2025-09-16-085658.png\"   width=\"1024\" height=\"631\" loading=\"lazy\" decoding=\"async\" alt=\"Charo Reina en Masterchef Celebrity\" fetchpriority=\"auto\" class=\"image ho-image\"\/>\u00a9 RTVE<\/p>\n<p id=\"eIYkZR9gEy\" data-wc=\"66\">En la charla que Pepe Rodr\u00edguez tiene con todos los concursantes eliminados, le pregunt\u00f3 si no le gustaba la reposter\u00eda, y Charo respondi\u00f3 como solo ella sabe hacer: \u00ab<strong>Me gusta la reposter\u00eda, pero com\u00e9rmela<\/strong>\u00ab, dijo provocando la risa de todos. Eso s\u00ed, reconoci\u00f3 que: \u00abPerder as\u00ed es perder con honra\u00bb, ya que hab\u00eda intentado replicar un plato de uno de los reporteros m\u00e1s importantes del mundo.<\/p>\n<p> <img src=\"https:\/\/www.europesays.com\/es\/wp-content\/uploads\/2025\/09\/3dba87d3af13-captura-de-pantalla-2025-09-16-085641.png\"   width=\"1024\" height=\"529\" loading=\"lazy\" decoding=\"async\" alt=\"Masterchef Celebrity\" fetchpriority=\"auto\" class=\"image ho-image\"\/>\u00a9 RTVE<\/p>\n<p id=\"ehe4K3qgJ7\" data-wc=\"56\">\u00abYo te tengo que decir una cosa, \u00a1qu\u00e9 buen rollo tienes!\u00bb, a\u00f1adi\u00f3 Pepe. \u00abNo siempre he sido as\u00ed&#8230; pero <strong>la vida me ha ido ense\u00f1ando muchas cosas por el camino<\/strong>\u00ab, contest\u00f3 visiblemente emocionada. A modo de resumen, Charo explic\u00f3 que el balance que hace de su paso por el programa es \u00absuperpositivo\u00bb porque \u00abhe aprendido mucho\u00bb.\u00a0<\/p>\n<p> <img src=\"https:\/\/www.europesays.com\/es\/wp-content\/uploads\/2025\/09\/a38d018b17cc-captura-de-pantalla-2025-09-16-085605.png\"   width=\"1024\" height=\"585\" loading=\"lazy\" decoding=\"async\" alt=\"Charo Reina en Masterchef Celebrity\" fetchpriority=\"auto\" class=\"image ho-image\"\/>\u00a9 RTVE<\/p>\n<p id=\"edw6JWzxH4\" data-wc=\"81\">\u00ab<strong>He cumplido un sue\u00f1o de estar aqu\u00ed<\/strong>, en esta casa, en estas cocinas&#8230; Te juro que el primer d\u00eda que entr\u00e9 por ah\u00ed y yo me vi dentro de las cocinas, dije: &#8216;\u00bfEn serio?&#8217;. S\u00e9 que dejo aqu\u00ed a un grupo de compa\u00f1eros maravillosos que van a lucharlo al 1.000% y me voy feliz por lo que me llevo\u00bb. Adem\u00e1s, asegur\u00f3 que le recomendar\u00eda vivir esta experiencia a todo el mundo y dijo <a class=\"hm-link ho-link\" href=\"https:\/\/www.hola.com\/actualidad\/20250909854667\/miguel-torres-llora-cancer-madre-masterchef-celebrity\/\" data-mrf-recirculation=\"article-body-link\" rel=\"nofollow noopener\" target=\"_blank\">su favorito para ganar el programa: Miguel Torres<\/a>.<\/p>\n","protected":false},"excerpt":{"rendered":"Tras el shock de la semana pasada por la expulsi\u00f3n de Soraya Arnelas, Masterchef Celebrity ha vuelto a&hellip;\n","protected":false},"author":2,"featured_media":120208,"comment_status":"","ping_status":"","sticky":false,"template":"","format":"standard","meta":{"footnotes":""},"categories":[91],"tags":[5055,146,147,25,24,30095,23],"class_list":{"0":"post-120207","1":"post","2":"type-post","3":"status-publish","4":"format-standard","5":"has-post-thumbnail","7":"category-entretenimiento","8":"tag-cocina","9":"tag-entertainment","10":"tag-entretenimiento","11":"tag-es","12":"tag-espana","13":"tag-masterchef-celebrity","14":"tag-spain"},"share_on_mastodon":{"url":"","error":""},"_links":{"self":[{"href":"https:\/\/www.europesays.com\/es\/wp-json\/wp\/v2\/posts\/120207","targetHints":{"allow":["GET"]}}],"collection":[{"href":"https:\/\/www.europesays.com\/es\/wp-json\/wp\/v2\/posts"}],"about":[{"href":"https:\/\/www.europesays.com\/es\/wp-json\/wp\/v2\/types\/post"}],"author":[{"embeddable":true,"href":"https:\/\/www.europesays.com\/es\/wp-json\/wp\/v2\/users\/2"}],"replies":[{"embeddable":true,"href":"https:\/\/www.europesays.com\/es\/wp-json\/wp\/v2\/comments?post=120207"}],"version-history":[{"count":0,"href":"https:\/\/www.europesays.com\/es\/wp-json\/wp\/v2\/posts\/120207\/revisions"}],"wp:featuredmedia":[{"embeddable":true,"href":"https:\/\/www.europesays.com\/es\/wp-json\/wp\/v2\/media\/120208"}],"wp:attachment":[{"href":"https:\/\/www.europesays.com\/es\/wp-json\/wp\/v2\/media?parent=120207"}],"wp:term":[{"taxonomy":"category","embeddable":true,"href":"https:\/\/www.europesays.com\/es\/wp-json\/wp\/v2\/categories?post=120207"},{"taxonomy":"post_tag","embeddable":true,"href":"https:\/\/www.europesays.com\/es\/wp-json\/wp\/v2\/tags?post=120207"}],"curies":[{"name":"wp","href":"https:\/\/api.w.org\/{rel}","templated":true}]}}