{"id":120226,"date":"2025-09-17T06:39:09","date_gmt":"2025-09-17T06:39:09","guid":{"rendered":"https:\/\/www.europesays.com\/es\/120226\/"},"modified":"2025-09-17T06:39:09","modified_gmt":"2025-09-17T06:39:09","slug":"el-fibwi-se-lleva-el-derbi","status":"publish","type":"post","link":"https:\/\/www.europesays.com\/es\/120226\/","title":{"rendered":"El Fibwi se lleva el derbi"},"content":{"rendered":"<p>El <strong>Fibwi Mallorca<\/strong> vence al P<strong>almer por 73-75<\/strong> en el segundo enfrentamiento correspondiente al <strong>Trofeo AON organizado por la Federaci\u00f3 de B\u00e0squet de les Illes Balears<\/strong> y que tuvo que disputarse en Pollen\u00e7a.<\/p>\n<p>Un partido que <strong>empezaba con bastante imprecisi\u00f3n por parte de ambos conjuntos<\/strong> pero con el Palmer algo m\u00e1s acertado y que se notaba que llevaba m\u00e1s rodaje en lo que se ha disputado de pretemporada. La anotaci\u00f3n a mitad del primer cuarto iba a ser muy poca y ajustada con un 6-2 favorable al Palmer y que a los de Pablo Cano les costaba anotar y acercarse en el electr\u00f3nico. Pasado el ecuador desde los primeros diez minutos la tendencia cambi\u00f3, el <strong>Fibwi pudo acercarse en el marcador y se lleg\u00f3 al final con un 15-13.<\/strong><\/p>\n<p>El <strong>segundo tiempo iba a continuar con el Fibwi con una din\u00e1mica positiva y con la flecha hac\u00eda arriba, tanto es as\u00ed que consiguieron empatar el encuentro r\u00e1pidamente<\/strong>. Desde el triple, el Palmer iba a reaccionar y se volver\u00eda a poner por delante con tres puntos o oportunidades desde la l\u00ednea de tiros libres pero el Fibwi, <strong>no se iba a quedar atr\u00e1s y a cinco minutos del descanso iba a empatar de nuevo e incluso ponerse al frente por primera vez<\/strong>, algo con lo que se iban a ir a vestuarios con un favorable de 33 a 38.<\/p>\n<p>Comenzaba la segunda parte y el Palmer quer\u00eda recuperar el dominio del partido del que hab\u00eda disfrutado en los 15 minutos iniciales de encuentro, iban a ser los primeros en anotar y acercarse a solo tres puntos. <strong>Tras ello, los de Pablo Cano iban a poner la directa y marcar la mayor diferencia del partido en nueve puntos<\/strong>. Se atascaba el Palmer y durante unos minutos no iban a ser capaces de anotar mientras que el Fibwi consigui\u00f3 mantener la distancia y ampliarla a diez puntos. <strong>Se iba el partido al \u00faltimo cuarto con un resultado de 48-58.<\/strong><\/p>\n<p>Entraba el \u00faltimo cuarto y el Palmer se puso en marcha para acercarse en el marcador y en los dos primeros minutos, los de Marco Justo se acercaron a cinco puntos. <strong>A seis del final, el Palmer iba a conseguir acercarse a cinco puntos y Pablo Cano iba a parar el partido para detener la sangr\u00eda del \u00faltimo tiempo.<\/strong> Continuaban las imprecisiones del Fibwi y el Palmer lo aprovech\u00f3 para acercarse aun m\u00e1s en el marcador desde la l\u00ednea de tres hasta el empate a 64 cuando quedaban cinco para el final. De la mano de Juan Bocca el Fibwi iba a ponerse por delante desde la l\u00ednea de tres puntos para dar ox\u00edgeno a los de Cano que consiguieron poner el m\u00e1s nueve. <strong>Consegu\u00eda acercarse a cinco el Palmer a 30 segundos de tiempo<\/strong> y con bal\u00f3n para acercarse a solo una posesi\u00f3n en el marcador<strong>, no pudo hacerlo desde la l\u00ednea de tiros libres pero un robo de bal\u00f3n les acerc\u00f3 a dos puntos a solo un segundo del pitido final.<\/strong><\/p>\n","protected":false},"excerpt":{"rendered":"El Fibwi Mallorca vence al Palmer por 73-75 en el segundo enfrentamiento correspondiente al Trofeo AON organizado por&hellip;\n","protected":false},"author":2,"featured_media":120227,"comment_status":"","ping_status":"","sticky":false,"template":"","format":"standard","meta":{"footnotes":""},"categories":[269],"tags":[299,298,168,25,24,301,832,833,14379,830,831,829,3917,23,167],"class_list":{"0":"post-120226","1":"post","2":"type-post","3":"status-publish","4":"format-standard","5":"has-post-thumbnail","7":"category-baloncesto","8":"tag-baloncesto","9":"tag-basketball","10":"tag-deportes","11":"tag-es","12":"tag-espana","13":"tag-eurobasket","14":"tag-eurocup","15":"tag-euroliga","16":"tag-fibwi-palma","17":"tag-leb-oro","18":"tag-liga-acb","19":"tag-palmer-basket-mallorca","20":"tag-primera-feb","21":"tag-spain","22":"tag-sports"},"share_on_mastodon":{"url":"","error":""},"_links":{"self":[{"href":"https:\/\/www.europesays.com\/es\/wp-json\/wp\/v2\/posts\/120226","targetHints":{"allow":["GET"]}}],"collection":[{"href":"https:\/\/www.europesays.com\/es\/wp-json\/wp\/v2\/posts"}],"about":[{"href":"https:\/\/www.europesays.com\/es\/wp-json\/wp\/v2\/types\/post"}],"author":[{"embeddable":true,"href":"https:\/\/www.europesays.com\/es\/wp-json\/wp\/v2\/users\/2"}],"replies":[{"embeddable":true,"href":"https:\/\/www.europesays.com\/es\/wp-json\/wp\/v2\/comments?post=120226"}],"version-history":[{"count":0,"href":"https:\/\/www.europesays.com\/es\/wp-json\/wp\/v2\/posts\/120226\/revisions"}],"wp:featuredmedia":[{"embeddable":true,"href":"https:\/\/www.europesays.com\/es\/wp-json\/wp\/v2\/media\/120227"}],"wp:attachment":[{"href":"https:\/\/www.europesays.com\/es\/wp-json\/wp\/v2\/media?parent=120226"}],"wp:term":[{"taxonomy":"category","embeddable":true,"href":"https:\/\/www.europesays.com\/es\/wp-json\/wp\/v2\/categories?post=120226"},{"taxonomy":"post_tag","embeddable":true,"href":"https:\/\/www.europesays.com\/es\/wp-json\/wp\/v2\/tags?post=120226"}],"curies":[{"name":"wp","href":"https:\/\/api.w.org\/{rel}","templated":true}]}}