{"id":120234,"date":"2025-09-17T06:43:08","date_gmt":"2025-09-17T06:43:08","guid":{"rendered":"https:\/\/www.europesays.com\/es\/120234\/"},"modified":"2025-09-17T06:43:08","modified_gmt":"2025-09-17T06:43:08","slug":"george-r-r-martin-dice-que-los-ultimos-libros-de-juego-de-tronos-ahondaran-en-la-mitologia-de-los-dragones-queria-que-fueran-reales-y-creibles","status":"publish","type":"post","link":"https:\/\/www.europesays.com\/es\/120234\/","title":{"rendered":"George R.R. Martin dice que los \u00faltimos libros de \u2018Juego de tronos\u2019 ahondar\u00e1n en la mitolog\u00eda de los dragones: \u201cQuer\u00eda que fueran reales y cre\u00edbles\u201d"},"content":{"rendered":"<p class=\"\">\u2018Vientos de invierno\u2019 parece un sue\u00f1o de primavera.<b> El pr\u00f3ximo libro de la saga \u2018Canci\u00f3n de hielo y fuego\u2019 sigue demor\u00e1ndose<\/b> y no tiene fecha de publicaci\u00f3n, pero su autor, <a href=\"https:\/\/as.com\/meristation\/libros\/el-autor-de-juego-de-tronos-tiene-claro-quien-ganaria-el-duelo-dumbledore-o-gandalf-n\/\" target=\"_self\" rel=\"nofollow noopener\" title=\"https:\/\/as.com\/meristation\/libros\/el-autor-de-juego-de-tronos-tiene-claro-quien-ganaria-el-duelo-dumbledore-o-gandalf-n\/\">George R.R. Martin<\/a>, bosqueja peque\u00f1os detalles de vez en cuando. En una publicaci\u00f3n de su blog oficial, el escritor asegur\u00f3 que los pr\u00f3ximos libros de \u2018Juego de tronos\u2019 profundizar\u00e1n en la naturaleza de los dragones.<\/p>\n<p class=\"\">En esta saga de fantas\u00eda, los dragones son criaturas peligrosas e inteligentes, pero no hablan y se asemejan m\u00e1s a los animales que a los humanos. Una de sus caracter\u00edsticas es que <b>son capaces de establecer un v\u00ednculo con sus jinetes<\/b>, como se ha mostrado en las novelas y en la serie <a href=\"https:\/\/as.com\/meristation\/series\/una-estrella-de-la-casa-del-dragon-denuncia-ataques-de-los-fans-tras-las-criticas-de-george-rr-martin-n\/\" target=\"_self\" rel=\"nofollow noopener\" title=\"https:\/\/as.com\/meristation\/series\/una-estrella-de-la-casa-del-dragon-denuncia-ataques-de-los-fans-tras-las-criticas-de-george-rr-martin-n\/\">\u2018La casa del drag\u00f3n\u2019<\/a>.<\/p>\n<p><img decoding=\"async\" src=\"https:\/\/www.europesays.com\/es\/wp-content\/uploads\/2025\/09\/7JIJD34QZ5FODGUOVYRBXYEPRM.jpg\" alt=\"La Casa del Drag\u00f3n, Rhaenyra\" class=\"mm__img\"   width=\"1241\" height=\"757\" loading=\"lazy\"\/><\/p>\n<p>Ampliar<\/p>\n<p>Su vinculaci\u00f3n con los humanos se explicar\u00e1 en los pr\u00f3ximos libros<\/p>\n<p class=\"\">\u201cDeseaba tener dragones, s\u00ed\u2026 pero quer\u00eda que mis dragones fueran tan reales y cre\u00edbles como lo puede ser una criatura as\u00ed. Dise\u00f1\u00e9 mis dragones con mucho cuidado. Vuelan y escupen fuego, s\u00ed, esos rasgos me parec\u00edan esenciales\u2026 Se vinculan con los hombres\u2026 con algunos hombres\u2026 y <b>el por qu\u00e9 y c\u00f3mo de eso<\/b>, y c\u00f3mo lleg\u00f3 a suceder, eventualmente se revelar\u00e1 con m\u00e1s detalle en \u2018Vientos de invierno\u2019 y \u2018Sue\u00f1o de primavera\u2019, y algo en \u2018Sangre y fuego\u2019. El sept\u00f3n Barth acert\u00f3 en muchas cosas\u00bb.<\/p>\n<p class=\"\"><b>A falta de libros, buenas son las series<\/b>. HBO <a href=\"https:\/\/as.com\/meristation\/series\/se-confirma-la-ventana-de-estreno-de-el-caballero-de-los-siete-reinos-y-de-la-tercera-temporada-de-la-casa-del-dragon-n\/\" target=\"_self\" rel=\"nofollow noopener\" title=\"https:\/\/as.com\/meristation\/series\/se-confirma-la-ventana-de-estreno-de-el-caballero-de-los-siete-reinos-y-de-la-tercera-temporada-de-la-casa-del-dragon-n\/\">ha revelado las ventanas<\/a> de estreno de la primera temporada de \u2018El caballero de los siete reinos\u2019 y de la tercera temporada de \u2018La casa del drag\u00f3n\u2019. La primera llegar\u00e1 a la plataforma en enero de 2026, mientras que la segunda debutar\u00e1 en verano.<\/p>\n<p>Noticias relacionadas<\/p>\n<p class=\"\">Suscr\u00edbete al <a href=\"https:\/\/www.youtube.com\/@meristation\" target=\"_self\" rel=\"nofollow noopener\" title=\"https:\/\/www.youtube.com\/@meristation\">canal de MeriStation en YouTube<\/a>, tu web de videojuegos y entretenimiento para conocer todas las noticias y novedades sobre el mundo del videojuego, cine, series, manga y anime. An\u00e1lisis, entrevistas, tr\u00e1ileres, gameplays, p\u00f3dcast y mucho m\u00e1s. Tambi\u00e9n te animamos a seguir <a href=\"https:\/\/www.tiktok.com\/@meristation\" rel=\"nofollow noopener\" title=\"https:\/\/www.tiktok.com\/@meristation\" target=\"_blank\">nuestra cuenta de TikTok<\/a>. <\/p>\n<p class=\"\">\u00a1S\u00edguenos en ambas y, si est\u00e1s interesado en licenciar este contenido, pincha <a href=\"https:\/\/profesional.elpais.com\/landing-sindicacion\/?utm_medium=interno&amp;utm_source=crosslinking&amp;utm_campaign=sindicacion_as_pie_articulos\" target=\"_blank\" rel=\"nofollow noopener\" title=\"https:\/\/profesional.elpais.com\/landing-sindicacion\/?utm_medium=interno&amp;utm_source=crosslinking&amp;utm_campaign=sindicacion_as_pie_articulos\">aqu\u00ed<\/a>!<\/p>\n<p><script async src=\"\/\/www.tiktok.com\/embed.js\"><\/script><\/p>\n","protected":false},"excerpt":{"rendered":"\u2018Vientos de invierno\u2019 parece un sue\u00f1o de primavera. El pr\u00f3ximo libro de la saga \u2018Canci\u00f3n de hielo y&hellip;\n","protected":false},"author":2,"featured_media":120235,"comment_status":"","ping_status":"","sticky":false,"template":"","format":"standard","meta":{"footnotes":""},"categories":[172],"tags":[224,146,147,25,24,225,23],"class_list":{"0":"post-120234","1":"post","2":"type-post","3":"status-publish","4":"format-standard","5":"has-post-thumbnail","7":"category-libros","8":"tag-books","9":"tag-entertainment","10":"tag-entretenimiento","11":"tag-es","12":"tag-espana","13":"tag-libros","14":"tag-spain"},"share_on_mastodon":{"url":"","error":""},"_links":{"self":[{"href":"https:\/\/www.europesays.com\/es\/wp-json\/wp\/v2\/posts\/120234","targetHints":{"allow":["GET"]}}],"collection":[{"href":"https:\/\/www.europesays.com\/es\/wp-json\/wp\/v2\/posts"}],"about":[{"href":"https:\/\/www.europesays.com\/es\/wp-json\/wp\/v2\/types\/post"}],"author":[{"embeddable":true,"href":"https:\/\/www.europesays.com\/es\/wp-json\/wp\/v2\/users\/2"}],"replies":[{"embeddable":true,"href":"https:\/\/www.europesays.com\/es\/wp-json\/wp\/v2\/comments?post=120234"}],"version-history":[{"count":0,"href":"https:\/\/www.europesays.com\/es\/wp-json\/wp\/v2\/posts\/120234\/revisions"}],"wp:featuredmedia":[{"embeddable":true,"href":"https:\/\/www.europesays.com\/es\/wp-json\/wp\/v2\/media\/120235"}],"wp:attachment":[{"href":"https:\/\/www.europesays.com\/es\/wp-json\/wp\/v2\/media?parent=120234"}],"wp:term":[{"taxonomy":"category","embeddable":true,"href":"https:\/\/www.europesays.com\/es\/wp-json\/wp\/v2\/categories?post=120234"},{"taxonomy":"post_tag","embeddable":true,"href":"https:\/\/www.europesays.com\/es\/wp-json\/wp\/v2\/tags?post=120234"}],"curies":[{"name":"wp","href":"https:\/\/api.w.org\/{rel}","templated":true}]}}