{"id":120244,"date":"2025-09-17T06:50:17","date_gmt":"2025-09-17T06:50:17","guid":{"rendered":"https:\/\/www.europesays.com\/es\/120244\/"},"modified":"2025-09-17T06:50:17","modified_gmt":"2025-09-17T06:50:17","slug":"filtradas-las-nuevas-gafas-de-meta-junto-con-ray-ban-y-oakley","status":"publish","type":"post","link":"https:\/\/www.europesays.com\/es\/120244\/","title":{"rendered":"Filtradas las nuevas gafas de Meta junto con Ray-Ban y Oakley"},"content":{"rendered":"<p>Que <strong>Meta<\/strong> prepara nuevas <strong>gafas inteligentes<\/strong>, no es novedad. Desde hace meses circulan los rumores de los nuevos desarrollos de que la firma de Mark Zuckerberg, cuyo debut se espera para esta misma semana en el marco del Meta Connect 2025. Y ha sido la propia firma californiana la que ha filtrado una parte de los lanzamientos del evento; espec\u00edficamente, las smart glasses que prepara junto con <strong>Ray-Ban<\/strong> y <strong>Oakley<\/strong>.<\/p>\n<p>Seg\u00fan reporta <a href=\"https:\/\/www.uploadvr.com\/meta-ray-ban-display-glasses-design-hud-wristband-clips-leak\/\" rel=\"nofollow noopener\" target=\"_blank\">UploadVR<\/a>, Meta comparti\u00f3 un v\u00eddeo no listado en su canal de YouTube en el que aparec\u00eda su cat\u00e1logo completo de gafas inteligentes. Entre estas aparec\u00edan las Ray-Ban Meta ya conocidas y las Oakley Meta HSTN que <a href=\"https:\/\/hipertextual.com\/tecnologia\/meta-presenta-gafas-inteligentes-oakley-meta-hstn\/\" rel=\"nofollow noopener\" target=\"_blank\">se presentaron a mediados de este a\u00f1o<\/a>, acompa\u00f1adas de otros dos productos todav\u00eda no anunciados y que seguramente se revelar\u00e1n esta semana.<\/p>\n<p>Uno de ellos aparece bajo la denominaci\u00f3n <strong>Meta Ray-Ban Display<\/strong> y, tomando en cuenta lo que se ve en el clip, se trata de <a href=\"https:\/\/hipertextual.com\/tecnologia\/meta-prepara-gafas-inteligentes-inspiradas-google-glass\/\" rel=\"nofollow noopener\" target=\"_blank\">las gafas Hypernova<\/a> que han protagonizado m\u00faltiples filtraciones en el \u00faltimo tiempo. El v\u00eddeo muestra que los anteojos tienen una <strong>pantalla integrada en el cristal derecho<\/strong> desde donde se puede interactuar con Meta AI, responder mensajes o ver el recorrido en un mapa, entre otras opciones. <\/p>\n<p>Pero esto no es todo, pues tambi\u00e9n se aprecia que el control del dispositivo se realiza a trav\u00e9s de un brazalete. Vale recordar que la compa\u00f1\u00eda de Mark Zuckerberg lleva tiempo trabajando en <a href=\"https:\/\/hipertextual.com\/tecnologia\/meta-pulsera-controla-dispositivos-gestos\/\" rel=\"nofollow noopener\" target=\"_blank\">la tecnolog\u00eda<\/a> de <strong>electromiograf\u00eda superficial<\/strong> para permitir <a href=\"https:\/\/hipertextual.com\/tecnologia\/meta-orion-gafas-realidad-aumentada-holografica\/\" rel=\"nofollow noopener\" target=\"_blank\">el control con gestos<\/a>, y todo apunta a que las Meta Ray-Ban Display ser\u00e1n las primeras gafas de producci\u00f3n masiva en implementarla.<\/p>\n<p><img loading=\"lazy\" data-recalc-dims=\"1\" decoding=\"async\" width=\"1500\" height=\"844\" alt=\"Las nuevas gafas de Meta junto con Ray-Ban y Oakley se filtran antes de su presentaci\u00f3n\" class=\"wp-image-1858173 perfmatters-lazy\" src=\"https:\/\/www.europesays.com\/es\/wp-content\/uploads\/2025\/09\/Oakley-Meta-Sphaera-leak-1500x844.jpg\"  data-\/>Foto: UploadVR.<\/p>\n<p>Adem\u00e1s de las Meta Ray-Ban Display, el v\u00eddeo ha revelado la existencia de las <strong>Oakley Meta Sphaera<\/strong>, unas gafas inteligentes para uso deportivo. Seg\u00fan rumores previos, la intenci\u00f3n de los de Menlo Park es promocionarlas como un accesorio para esquiadores, ciclistas, corredores y otros atletas.<\/p>\n<p>Lo m\u00e1s novedoso de las nuevas gafas de Oakley y Meta es <strong>la introducci\u00f3n de una c\u00e1mara centrada, ubicada en el puente nasal<\/strong>. En la imagen filtrada se observa claramente el posicionamiento del sensor sobre la nariz, lo cual ayuda a capturar v\u00eddeos en una perspectiva de primera persona todav\u00eda m\u00e1s realista.<\/p>\n<p>En las Ray-Ban Meta y otras gafas inteligentes las c\u00e1maras suelen estar ubicadas en los extremos del marco, cerca de las patillas. Esto lleva a que el material que se graba no est\u00e9 centrado, lo cual en algunos casos se siente extra\u00f1o o no del todo natural. Las Oakley Meta Sphaera podr\u00edan solucionarlo y convertirse en una muy buena alternativa a las c\u00e1maras de acci\u00f3n.<\/p>\n<p>Todas las novedades que Meta prepara para el segmento de las gafas de la mano de Oakley y Ray-Ban se conocer\u00e1n el mi\u00e9rcoles 17, en la apertura de la <strong>Meta Connect 2025<\/strong>. El evento de apertura tendr\u00e1 lugar desde las 17:00, hora del Pac\u00edfico. Es decir, las 21:00 de Argentina, las 18:00 de M\u00e9xico y la 01:00 del jueves 18 en Espa\u00f1a.<\/p>\n","protected":false},"excerpt":{"rendered":"Que Meta prepara nuevas gafas inteligentes, no es novedad. Desde hace meses circulan los rumores de los nuevos&hellip;\n","protected":false},"author":2,"featured_media":120245,"comment_status":"","ping_status":"","sticky":false,"template":"","format":"standard","meta":{"footnotes":""},"categories":[81],"tags":[119,123,124,25,24,39730,138,39731,39732,39733,117,121,122,23,118,120],"class_list":{"0":"post-120244","1":"post","2":"type-post","3":"status-publish","4":"format-standard","5":"has-post-thumbnail","7":"category-ciencia-y-tecnologia","8":"tag-ciencia","9":"tag-ciencia-y-tecnologia","10":"tag-cienciaytecnologia","11":"tag-es","12":"tag-espana","13":"tag-gafas-inteligentes","14":"tag-meta","15":"tag-meta-oakley","16":"tag-oakley-meta","17":"tag-ray-ban-meta","18":"tag-science","19":"tag-science-and-technology","20":"tag-scienceandtechnology","21":"tag-spain","22":"tag-technology","23":"tag-tecnologia"},"share_on_mastodon":{"url":"","error":""},"_links":{"self":[{"href":"https:\/\/www.europesays.com\/es\/wp-json\/wp\/v2\/posts\/120244","targetHints":{"allow":["GET"]}}],"collection":[{"href":"https:\/\/www.europesays.com\/es\/wp-json\/wp\/v2\/posts"}],"about":[{"href":"https:\/\/www.europesays.com\/es\/wp-json\/wp\/v2\/types\/post"}],"author":[{"embeddable":true,"href":"https:\/\/www.europesays.com\/es\/wp-json\/wp\/v2\/users\/2"}],"replies":[{"embeddable":true,"href":"https:\/\/www.europesays.com\/es\/wp-json\/wp\/v2\/comments?post=120244"}],"version-history":[{"count":0,"href":"https:\/\/www.europesays.com\/es\/wp-json\/wp\/v2\/posts\/120244\/revisions"}],"wp:featuredmedia":[{"embeddable":true,"href":"https:\/\/www.europesays.com\/es\/wp-json\/wp\/v2\/media\/120245"}],"wp:attachment":[{"href":"https:\/\/www.europesays.com\/es\/wp-json\/wp\/v2\/media?parent=120244"}],"wp:term":[{"taxonomy":"category","embeddable":true,"href":"https:\/\/www.europesays.com\/es\/wp-json\/wp\/v2\/categories?post=120244"},{"taxonomy":"post_tag","embeddable":true,"href":"https:\/\/www.europesays.com\/es\/wp-json\/wp\/v2\/tags?post=120244"}],"curies":[{"name":"wp","href":"https:\/\/api.w.org\/{rel}","templated":true}]}}