{"id":120248,"date":"2025-09-17T06:52:08","date_gmt":"2025-09-17T06:52:08","guid":{"rendered":"https:\/\/www.europesays.com\/es\/120248\/"},"modified":"2025-09-17T06:52:08","modified_gmt":"2025-09-17T06:52:08","slug":"de-josefa-ortiz-sin-el-apellido-de-casada-a-las-heroinas-de-la-independencia-quienes-son-las-mujeres-a-las-que-menciono-sheinbaum-en-el-grito","status":"publish","type":"post","link":"https:\/\/www.europesays.com\/es\/120248\/","title":{"rendered":"De Josefa Ortiz sin el apellido de casada a las hero\u00ednas de la Independencia: \u00bfqui\u00e9nes son las mujeres a las que mencion\u00f3 Sheinbaum en el Grito?"},"content":{"rendered":"<p class=\"\">Por primera vez en 215 a\u00f1os de vida independiente, <a href=\"https:\/\/elpais.com\/mexico\/2025-09-16\/el-primer-grito-de-sheinbaum-un-homenaje-a-las-mujeres-y-una-defensa-de-mexico-en-tiempos-de-trump.html\" target=\"_self\" rel=\"nofollow noopener\" title=\"https:\/\/elpais.com\/mexico\/2025-09-16\/el-primer-grito-de-sheinbaum-un-homenaje-a-las-mujeres-y-una-defensa-de-mexico-en-tiempos-de-trump.html\">una mujer ha encabezado el Grito de Independencia <\/a>desde el balc\u00f3n del Palacio Nacional ante unos 280.000 asistentes. La presidenta Claudia Sheinbaum, la primera mujer en ocupar el poder Ejecutivo, ha dado un giro hist\u00f3rico al nombrar a las mujeres insurgentes cuya participaci\u00f3n fue clave en la lucha por la libertad.<\/p>\n<p class=\"\">Durante <a href=\"https:\/\/elpais.com\/mexico\/2025-09-16\/en-directo-el-primer-grito-de-independencia-de-claudia-sheinbaum-como-presidenta-de-mexico.html?autoplay=1\" target=\"_self\" rel=\"nofollow noopener\" title=\"https:\/\/elpais.com\/mexico\/2025-09-16\/en-directo-el-primer-grito-de-independencia-de-claudia-sheinbaum-como-presidenta-de-mexico.html?autoplay=1\">el tradicional Grito<\/a>, Sheinbaum ha mencionado a las hero\u00ednas de la guerra de Independencia: Josefa Ortiz T\u00e9llez-Gir\u00f3n \u2014a quien nombr\u00f3 por su apellido de soltera\u2014, Leona Vicario, Gertrudis Bocanegra y Manuela Medina La Capitana, adem\u00e1s de rendir homenaje a las hero\u00ednas an\u00f3nimas y a las mujeres ind\u00edgenas.<\/p>\n<p>El simbolismo del primer Grito de Sheinbaum<\/p>\n<p class=\"\">Durante la ceremonia, la presidenta<a href=\"https:\/\/elpais.com\/mexico\/2025-09-15\/una-banda-presidencial-unica-para-la-primera-presidenta-de-mexico.html?autoplay=1\" target=\"_self\" rel=\"nofollow noopener\" title=\"https:\/\/elpais.com\/mexico\/2025-09-15\/una-banda-presidencial-unica-para-la-primera-presidenta-de-mexico.html?autoplay=1\"> ha portado una banda presidencial elaborada por mujeres militares<\/a>, y ha recibido la bandera de manos de una escolta conformada \u00fanicamente por mujeres pertenecientes al Heroico Colegio Militar: la abanderada Jennifer Samantha Torres Jim\u00e9nez, y las cadetes Samira Michel Delgadillo Ch\u00e1vez, Itzel Sarahi Mart\u00ednez Tozcano, Karla Paola Guevara P\u00e9rez, Andrea Carvajal Audelo y Yetzelany Gallegos Ortiz.<\/p>\n<p class=\"\">La presidenta adem\u00e1s se ha detenido brevemente ante el retrato de Leona Vicario, que se muestra <a href=\"https:\/\/www.gob.mx\/presidencia\/prensa\/historico-presidenta-claudia-sheinbaum-encabeza-ceremonia-del-grito-de-independencia-primera-mujer-en-215-anos\" target=\"_blank\" rel=\"noreferrer nofollow noopener\" title=\"https:\/\/www.gob.mx\/presidencia\/prensa\/historico-presidenta-claudia-sheinbaum-encabeza-ceremonia-del-grito-de-independencia-primera-mujer-en-215-anos\">por primera vez en la galer\u00eda principal del Palacio Nacional<\/a>. <\/p>\n<p>\u00bfQui\u00e9nes son las mujeres nombradas en el Grito de Independencia 2025?Josefa Ortiz T\u00e9llez-Gir\u00f3n<\/p>\n<p class=\"\">Conocida popularmente como <a href=\"https:\/\/elpais.com\/mexico\/2021-09-29\/cuatro-nuevas-estatuas-de-mujeres-en-el-paseo-de-la-reforma-para-relatar-una-historia-mas-justa.html\" target=\"_self\" rel=\"nofollow noopener\" title=\"https:\/\/elpais.com\/mexico\/2021-09-29\/cuatro-nuevas-estatuas-de-mujeres-en-el-paseo-de-la-reforma-para-relatar-una-historia-mas-justa.html\">Josefa Ortiz de Dom\u00ednguez<\/a>, Sheinbaum ha reivindicado su apellido de soltera: T\u00e9llez-Gir\u00f3n. Fue pieza clave en la Conspiraci\u00f3n de Quer\u00e9taro, donde alert\u00f3 a Miguel Hidalgo e Ignacio Allende del descubrimiento de la insurgencia. Su aviso permiti\u00f3 el levantamiento armado que inici\u00f3 la guerra de Independencia. Josefa Ortiz muri\u00f3 el 2 de marzo de 1829, en Ciudad de M\u00e9xico. <\/p>\n<p>Leona Vicario<\/p>\n<p class=\"\">Reconocida como la madre de la patria mexicana,<a href=\"https:\/\/elpais.com\/mexico\/2020-08-22\/el-homenaje-a-leona-vicario-se-convierte-en-una-justificacion-del-videoescandalo-del-hermano-de-lopez-obrador.html\" target=\"_self\" rel=\"nofollow noopener\" title=\"https:\/\/elpais.com\/mexico\/2020-08-22\/el-homenaje-a-leona-vicario-se-convierte-en-una-justificacion-del-videoescandalo-del-hermano-de-lopez-obrador.html\"> Leona Vicario <\/a>apoy\u00f3 al movimiento insurgente financiando y liderando redes de mensajer\u00eda para los rebeldes. Tambi\u00e9n fungi\u00f3 como periodista publicando informaci\u00f3n relevante para el movimiento independentista y desafiar la represi\u00f3n colonial. La hero\u00edna de la independencia muri\u00f3 el 21 de agosto de 1842 a los 53 a\u00f1os en Ciudad de M\u00e9xico, y fue declarada Benem\u00e9rita Madre de la Patria ese mismo a\u00f1o.<\/p>\n<p>Gertrudis Bocanegra<\/p>\n<p class=\"\">Originaria de Michoac\u00e1n, Gertrudis Bocanegra se uni\u00f3 a la insurgencia como mensajera, organizadora y estratega. Fue detenida y condenada a muerte en 1817 por su apoyo a los rebeldes. Su papel fue clave para que <a href=\"https:\/\/elpais.com\/mexico\/2024-09-13\/la-historia-de-la-independencia-de-mexico-resumen-personajes-y-antecedentes-de-la-lucha-por-la-autonomia-mexicana.html\" target=\"_self\" rel=\"nofollow noopener\" title=\"https:\/\/elpais.com\/mexico\/2024-09-13\/la-historia-de-la-independencia-de-mexico-resumen-personajes-y-antecedentes-de-la-lucha-por-la-autonomia-mexicana.html\">la informaci\u00f3n entre los insurgentes fluyera de manera constante<\/a>. Tambi\u00e9n desempe\u00f1\u00f3 un rol esencial en el acopio de recursos y suministros necesarios para la causa. Muri\u00f3 fusilada a los 52 a\u00f1os, pero se convirti\u00f3 en s\u00edmbolo de resistencia y lucha.<\/p>\n<p>Manuela Medina, \u2018La Capitana\u2019<\/p>\n<p class=\"\">Medina fue conocida como La Capitana por su gran entusiasmo y arrojo en combate. Fue una de las pocas mujeres que dirigi\u00f3 tropas insurgentes en batalla. Adem\u00e1s, combati\u00f3 al lado de Jos\u00e9 Mar\u00eda Morelos en la ocupaci\u00f3n del puerto de Acapulco el 13 de abril de 1813, y en la rendici\u00f3n del castillo de San Diego, el 20 de agosto de ese mismo a\u00f1o.<\/p>\n<p class=\"\">En 1816 form\u00f3 un batall\u00f3n para continuar combatiendo con su tropa. Sin embargo, casi al fin de la lucha armada fue herida por una lanza de las tropas realistas que la tuvo postrada en cama durante m\u00e1s de un a\u00f1o, y se retir\u00f3 a su pueblo natal. La Capitana muri\u00f3 en Texcoco, Estado de M\u00e9xico, el 2 de marzo de 1822.<\/p>\n<p>El reconocimiento a las hero\u00ednas an\u00f3nimas y a las mujeres ind\u00edgenas<\/p>\n<p class=\"\">Adem\u00e1s de las figuras hist\u00f3ricas, Sheinbaum ha nombrado a las hero\u00ednas an\u00f3nimas y a las mujeres ind\u00edgenas que fungieron un papel crucial en <a href=\"https:\/\/elpais.com\/mexico\/2021-09-28\/lorenzo-meyer-el-grito-a-la-independencia-fue-en-puridad-un-engano.html\" target=\"_self\" rel=\"nofollow noopener\" title=\"https:\/\/elpais.com\/mexico\/2021-09-28\/lorenzo-meyer-el-grito-a-la-independencia-fue-en-puridad-un-engano.html\">la lucha por la Independencia de M\u00e9xico<\/a>, y que fueron invisibilizadas durante siglos. <\/p>\n<p class=\"\"><a href=\"https:\/\/plus.elpais.com\/newsletters\/lnp\/1\/348\" rel=\"nofollow noopener\" target=\"_blank\">Suscr\u00edbase aqu\u00ed<\/a> a la newsletter de EL PA\u00cdS M\u00e9xico y reciba todas las claves informativas de la actualidad de este pa\u00eds.<\/p>\n","protected":false},"excerpt":{"rendered":"Por primera vez en 215 a\u00f1os de vida independiente, una mujer ha encabezado el Grito de Independencia desde&hellip;\n","protected":false},"author":2,"featured_media":120249,"comment_status":"","ping_status":"","sticky":false,"template":"","format":"standard","meta":{"footnotes":""},"categories":[42],"tags":[889,17,18,18291,13,14,11,448,39358,61,62,63,64,19,20,1804,1906,4044,39355,9,10,15,16,39356,39357,12,21,22,65,66,67],"class_list":{"0":"post-120248","1":"post","2":"type-post","3":"status-publish","4":"format-standard","5":"has-post-thumbnail","7":"category-internacional","8":"tag-america","9":"tag-breaking-news","10":"tag-breakingnews","11":"tag-claudia-sheinbaum","12":"tag-featured-news","13":"tag-featurednews","14":"tag-headlines","15":"tag-historia","16":"tag-independencia-mexico","17":"tag-internacional","18":"tag-international","19":"tag-international-news","20":"tag-internationalnews","21":"tag-latest-news","22":"tag-latestnews","23":"tag-latinoamerica","24":"tag-mexico","25":"tag-mujeres","26":"tag-mujeres-politica","27":"tag-news","28":"tag-noticias","29":"tag-noticias-destacadas","30":"tag-noticiasdestacadas","31":"tag-presidencia-mexico","32":"tag-presidente-mexico","33":"tag-titulares","34":"tag-ultimas-noticias","35":"tag-ultimasnoticias","36":"tag-world","37":"tag-world-news","38":"tag-worldnews"},"share_on_mastodon":{"url":"","error":""},"_links":{"self":[{"href":"https:\/\/www.europesays.com\/es\/wp-json\/wp\/v2\/posts\/120248","targetHints":{"allow":["GET"]}}],"collection":[{"href":"https:\/\/www.europesays.com\/es\/wp-json\/wp\/v2\/posts"}],"about":[{"href":"https:\/\/www.europesays.com\/es\/wp-json\/wp\/v2\/types\/post"}],"author":[{"embeddable":true,"href":"https:\/\/www.europesays.com\/es\/wp-json\/wp\/v2\/users\/2"}],"replies":[{"embeddable":true,"href":"https:\/\/www.europesays.com\/es\/wp-json\/wp\/v2\/comments?post=120248"}],"version-history":[{"count":0,"href":"https:\/\/www.europesays.com\/es\/wp-json\/wp\/v2\/posts\/120248\/revisions"}],"wp:featuredmedia":[{"embeddable":true,"href":"https:\/\/www.europesays.com\/es\/wp-json\/wp\/v2\/media\/120249"}],"wp:attachment":[{"href":"https:\/\/www.europesays.com\/es\/wp-json\/wp\/v2\/media?parent=120248"}],"wp:term":[{"taxonomy":"category","embeddable":true,"href":"https:\/\/www.europesays.com\/es\/wp-json\/wp\/v2\/categories?post=120248"},{"taxonomy":"post_tag","embeddable":true,"href":"https:\/\/www.europesays.com\/es\/wp-json\/wp\/v2\/tags?post=120248"}],"curies":[{"name":"wp","href":"https:\/\/api.w.org\/{rel}","templated":true}]}}