{"id":120256,"date":"2025-09-17T06:57:12","date_gmt":"2025-09-17T06:57:12","guid":{"rendered":"https:\/\/www.europesays.com\/es\/120256\/"},"modified":"2025-09-17T06:57:12","modified_gmt":"2025-09-17T06:57:12","slug":"de-lanzarote-al-olimpo-de-las-mma-hecher-sosa-ya-es-luchador-ufc","status":"publish","type":"post","link":"https:\/\/www.europesays.com\/es\/120256\/","title":{"rendered":"De Lanzarote al Olimpo de las MMA: Hecher Sosa ya es luchador &#8216;UFC&#8217;"},"content":{"rendered":"<p>El canario culmina a\u00f1os de esfuerzo y sacrificio firmando su contrato con la UFC tras una victoria inolvidable en el Dana White\u2019s Contender Series<\/p>\n<p>Su debut oficial marcar\u00e1 un antes y un despu\u00e9s para las MMA espa\u00f1olas. Enrique \u201cHecher\u201d Sosa lo ten\u00eda todo en contra en la noche de su combate decisivo en Las Vegas: el <strong>rival m\u00e1s duro de su carrera<\/strong>, la presi\u00f3n de <strong>convencer a Dana White<\/strong> y, sobre todo, el dolor reciente por la <strong>p\u00e9rdida de su padre<\/strong>, apenas unos d\u00edas antes del pesaje. Pero el guerrero lanzarote\u00f1o <strong>transform\u00f3 la tragedia en fuerza<\/strong>, se sobrepuso con temple y determinaci\u00f3n y logr\u00f3 la victoria que le abri\u00f3 las puertas de la UFC. <strong>Una historia de sacrificio, talento y coraz\u00f3n que emociona a toda la comunidad de las MMA en Espa\u00f1a.<\/strong><\/p>\n<p><img data-recalc-dims=\"1\" fetchpriority=\"high\" decoding=\"async\" data-attachment-id=\"238019\" data-permalink=\"https:\/\/elgeneracionalpost.com\/deportes\/mma\/2025\/0917\/238016\/de-lanzarote-al-olimpo-de-las-mma-hecher-sosa-ya-es-luchador-ufc.html\/attachment\/captura-de-pantalla-2025-09-17-a-las-8-15-41\" data-orig-file=\"https:\/\/i0.wp.com\/elgeneracionalpost.com\/wp-content\/uploads\/2025\/09\/Captura-de-pantalla-2025-09-17-a-las-8.15.41.png?fit=1116%2C870&amp;ssl=1\" data-orig-size=\"1116,870\" data-comments-opened=\"0\" data-image-meta=\"{&quot;aperture&quot;:&quot;0&quot;,&quot;credit&quot;:&quot;&quot;,&quot;camera&quot;:&quot;&quot;,&quot;caption&quot;:&quot;&quot;,&quot;created_timestamp&quot;:&quot;0&quot;,&quot;copyright&quot;:&quot;&quot;,&quot;focal_length&quot;:&quot;0&quot;,&quot;iso&quot;:&quot;0&quot;,&quot;shutter_speed&quot;:&quot;0&quot;,&quot;title&quot;:&quot;&quot;,&quot;orientation&quot;:&quot;0&quot;}\" data-image-title=\"Hecher Sosa\" data-image-description=\"\" data-image-caption=\"&lt;p&gt;Hecher Sosa con su padre celebrando su victoria en el combate de WOW FC 20 | Fuente: Instagramm (@wowfc)&lt;\/p&gt;&#10;\" data-medium-file=\"https:\/\/i0.wp.com\/elgeneracionalpost.com\/wp-content\/uploads\/2025\/09\/Captura-de-pantalla-2025-09-17-a-las-8.15.41.png?fit=300%2C234&amp;ssl=1\" data-large-file=\"https:\/\/i0.wp.com\/elgeneracionalpost.com\/wp-content\/uploads\/2025\/09\/Captura-de-pantalla-2025-09-17-a-las-8.15.41.png?fit=696%2C542&amp;ssl=1\" class=\"size-full wp-image-238019\" src=\"https:\/\/www.europesays.com\/es\/wp-content\/uploads\/2025\/09\/Captura-de-pantalla-2025-09-17-a-las-8.15.41.png\" alt=\"\" width=\"696\" height=\"543\"  \/>Hecher Sosa con su padre celebrando su victoria en el combate de WOW FC 20 | Fuente: Instagramm (@wowfc)<br \/>\nDe Lanzarote al sue\u00f1o americano<\/p>\n<p>Hecher Sosa naci\u00f3 en Arrecife en 1995 y, como tantos ni\u00f1os canarios, su primer amor fue el f\u00fatbol. Sin embargo, un episodio concreto \u2014una expulsi\u00f3n en un partido\u2014 lo llev\u00f3 a canalizar su energ\u00eda en otro camino: las artes marciales. En poco tiempo descubri\u00f3 que la jaula era su lugar, que la disciplina, el sacrificio y la adrenalina de la lucha lo hac\u00edan sentir completo.<\/p>\n<blockquote class=\"instagram-media\" data-instgrm-captioned=\"\" data-instgrm-permalink=\"https:\/\/www.instagram.com\/reel\/DF53D7ct1P9\/?utm_source=ig_embed&amp;utm_campaign=loading\" data-instgrm-version=\"14\" style=\" background:#FFF; border:0; border-radius:3px; box-shadow:0 0 1px 0 rgba(0,0,0,0.5),0 1px 10px 0 rgba(0,0,0,0.15); margin: 1px; max-width:658px; min-width:326px; padding:0; width:99.375%; width:-webkit-calc(100% - 2px); width:calc(100% - 2px);\">\n<\/blockquote>\n<p><strong>Su ascenso fue mete\u00f3rico<\/strong> en la escena amateur: <strong>campe\u00f3n de Espa\u00f1a<\/strong>, <strong>tercero de Europa<\/strong> y tambi\u00e9n <strong>medallista en el Mundial<\/strong>. Ese palmar\u00e9s lo proyect\u00f3 hacia el profesionalismo, donde su estilo agresivo y variado comenz\u00f3 a llamar la atenci\u00f3n.<\/p>\n<p>WOW FC, el trampol\u00edn<\/p>\n<p>Espa\u00f1a fue testigo del crecimiento de un talento singular. <strong>En la promotora WOW FC, Hecher firm\u00f3 varias de sus victorias m\u00e1s recordadas<\/strong>. En el Vistalegre, ante miles de aficionados, demoli\u00f3 a Douglas Felipe en el primer asalto y puso de pie a todo el pabell\u00f3n. Tambi\u00e9n derrot\u00f3 a Thiago Henrique con un codo demoledor en WOW 17 y <strong>levant\u00f3 el <\/strong><strong><a href=\"https:\/\/elgeneracionalpost.com\/deportes\/2025\/0608\/225862\/hecher-sosa-reina-en-la-noche-de-los-campeones-de-wow-20.html\" rel=\"nofollow noopener\" target=\"_blank\">t<\/a><\/strong><strong><a href=\"https:\/\/elgeneracionalpost.com\/deportes\/2025\/0608\/225862\/hecher-sosa-reina-en-la-noche-de-los-campeones-de-wow-20.html\" rel=\"nofollow noopener\" target=\"_blank\">\u00edtulo de peso gallo<\/a><\/strong><strong> en solo 52 segundos frente a Yaman \u201cEl Diamante\u201d<\/strong>.<\/p>\n<blockquote class=\"instagram-media\" data-instgrm-captioned=\"\" data-instgrm-permalink=\"https:\/\/www.instagram.com\/reel\/DKnb9inKta5\/?utm_source=ig_embed&amp;utm_campaign=loading\" data-instgrm-version=\"14\" style=\" background:#FFF; border:0; border-radius:3px; box-shadow:0 0 1px 0 rgba(0,0,0,0.5),0 1px 10px 0 rgba(0,0,0,0.15); margin: 1px; max-width:658px; min-width:326px; padding:0; width:99.375%; width:-webkit-calc(100% - 2px); width:calc(100% - 2px);\">\n<\/blockquote>\n<p><strong>Cada combate era un aviso a navegantes: Sosa ped\u00eda a gritos una oportunidad en el mayor escenario de las MMA.<\/strong><\/p>\n<p>La llamada de Dana White<\/p>\n<p>El brasile\u00f1o <strong data-start=\"66\" data-end=\"81\">Mackson Lee<\/strong> llegaba invicto con un r\u00e9cord de <strong data-start=\"115\" data-end=\"143\">9 victorias y 0 derrotas<\/strong>, perfilado como una de las promesas m\u00e1s s\u00f3lidas del peso gallo. Frente a \u00e9l, Hecher Sosa supo imponer su ritmo desde el inicio: combin\u00f3 presi\u00f3n constante en pie, derribos efectivos y control en el suelo para desactivar la pegada de su rival. Tras tres asaltos intensos, los jueces otorgaron la <strong data-start=\"438\" data-end=\"458\">decisi\u00f3n un\u00e1nime<\/strong> al canario, firmando as\u00ed la victoria que le abri\u00f3 las puertas a la UFC.<\/p>\n<p><img loading=\"lazy\" data-recalc-dims=\"1\" decoding=\"async\" data-attachment-id=\"238022\" data-permalink=\"https:\/\/elgeneracionalpost.com\/deportes\/mma\/2025\/0917\/238016\/de-lanzarote-al-olimpo-de-las-mma-hecher-sosa-ya-es-luchador-ufc.html\/attachment\/captura-de-pantalla-2025-09-17-a-las-8-25-09\" data-orig-file=\"https:\/\/i0.wp.com\/elgeneracionalpost.com\/wp-content\/uploads\/2025\/09\/Captura-de-pantalla-2025-09-17-a-las-8.25.09.png?fit=1368%2C904&amp;ssl=1\" data-orig-size=\"1368,904\" data-comments-opened=\"0\" data-image-meta=\"{&quot;aperture&quot;:&quot;0&quot;,&quot;credit&quot;:&quot;&quot;,&quot;camera&quot;:&quot;&quot;,&quot;caption&quot;:&quot;&quot;,&quot;created_timestamp&quot;:&quot;0&quot;,&quot;copyright&quot;:&quot;&quot;,&quot;focal_length&quot;:&quot;0&quot;,&quot;iso&quot;:&quot;0&quot;,&quot;shutter_speed&quot;:&quot;0&quot;,&quot;title&quot;:&quot;&quot;,&quot;orientation&quot;:&quot;0&quot;}\" data-image-title=\"HECHER SOSA\" data-image-description=\"\" data-image-caption=\"&lt;p&gt;Hecher Sosa en su combate cintra &lt;\/p&gt;&#10;\" data-medium-file=\"https:\/\/i0.wp.com\/elgeneracionalpost.com\/wp-content\/uploads\/2025\/09\/Captura-de-pantalla-2025-09-17-a-las-8.25.09.png?fit=300%2C198&amp;ssl=1\" data-large-file=\"https:\/\/i0.wp.com\/elgeneracionalpost.com\/wp-content\/uploads\/2025\/09\/Captura-de-pantalla-2025-09-17-a-las-8.25.09.png?fit=696%2C460&amp;ssl=1\" class=\"size-full wp-image-238022\" src=\"https:\/\/www.europesays.com\/es\/wp-content\/uploads\/2025\/09\/Captura-de-pantalla-2025-09-17-a-las-8.25.09.png\" alt=\"\" width=\"696\" height=\"460\"  \/>Hecher Sosa en su combate contra Mackson Lee | Fuente: Instagram (@hechersosa)<\/p>\n<p>Al terminar la velada, Dana White no dud\u00f3: contrato firmado. <strong>Hecher Sosa se convirti\u00f3 en peleador oficial de la UFC, sum\u00e1ndose a la corta pero creciente lista de espa\u00f1oles en la organizaci\u00f3n<\/strong>. El p\u00fablico, los medios y sus compa\u00f1eros lo celebraron como una haza\u00f1a hist\u00f3rica para el deporte nacional.<\/p>\n<p>Con su triunfo en el Dana White\u2019s Contender Series, <strong data-start=\"111\" data-end=\"197\">Hecher Sosa avanza a la UFC con un r\u00e9cord profesional de 14 victorias y 1 derrota<\/strong>, un balance que lo convierte en uno de los peleadores espa\u00f1oles m\u00e1s s\u00f3lidos del panorama internacional. De esas victorias, ha conseguido <strong data-start=\"335\" data-end=\"384\">4 por nocaut, 6 por sumisi\u00f3n y 6 por decisi\u00f3n<\/strong>, demostrando un perfil completo y vers\u00e1til capaz de adaptarse a cualquier estilo dentro del oct\u00e1gono.<\/p>\n<p>El golpe m\u00e1s duro de su vida<\/p>\n<p>Pero cuando por fin lleg\u00f3 el momento crucial, la vida lo golpe\u00f3 con m\u00e1s dureza que cualquier rival. En 2024 perdi\u00f3 a su hermana, y <strong>su padre, referente y apoyo incondicional, falleci\u00f3 d\u00edas antes de su combate en el Dana White\u2019s Contender Series, <\/strong>debido a un tumor en la garganta que se sumaba al que ya ten\u00eda en la pr\u00f3stata. Muchos habr\u00edan renunciado, pero Hecher decidi\u00f3 pelear en su honor.<\/p>\n<p><img loading=\"lazy\" data-recalc-dims=\"1\" decoding=\"async\" data-attachment-id=\"238025\" data-permalink=\"https:\/\/elgeneracionalpost.com\/deportes\/mma\/2025\/0917\/238016\/de-lanzarote-al-olimpo-de-las-mma-hecher-sosa-ya-es-luchador-ufc.html\/attachment\/captura-de-pantalla-2025-09-17-a-las-8-34-14\" data-orig-file=\"https:\/\/i0.wp.com\/elgeneracionalpost.com\/wp-content\/uploads\/2025\/09\/Captura-de-pantalla-2025-09-17-a-las-8.34.14.png?fit=1114%2C850&amp;ssl=1\" data-orig-size=\"1114,850\" data-comments-opened=\"0\" data-image-meta=\"{&quot;aperture&quot;:&quot;0&quot;,&quot;credit&quot;:&quot;&quot;,&quot;camera&quot;:&quot;&quot;,&quot;caption&quot;:&quot;&quot;,&quot;created_timestamp&quot;:&quot;0&quot;,&quot;copyright&quot;:&quot;&quot;,&quot;focal_length&quot;:&quot;0&quot;,&quot;iso&quot;:&quot;0&quot;,&quot;shutter_speed&quot;:&quot;0&quot;,&quot;title&quot;:&quot;&quot;,&quot;orientation&quot;:&quot;0&quot;}\" data-image-title=\"Captura de pantalla 2025-09-17 a las 8.34.14\" data-image-description=\"\" data-image-caption=\"&lt;p&gt;Hecher Sosa con su padre celebrando su victoria en WOW FC 20 siendo campe\u00f3n del peso gallo | Fuente: Instagram (@wowfc)&lt;\/p&gt;&#10;\" data-medium-file=\"https:\/\/i0.wp.com\/elgeneracionalpost.com\/wp-content\/uploads\/2025\/09\/Captura-de-pantalla-2025-09-17-a-las-8.34.14.png?fit=300%2C229&amp;ssl=1\" data-large-file=\"https:\/\/i0.wp.com\/elgeneracionalpost.com\/wp-content\/uploads\/2025\/09\/Captura-de-pantalla-2025-09-17-a-las-8.34.14.png?fit=696%2C531&amp;ssl=1\" class=\"size-full wp-image-238025\" src=\"https:\/\/www.europesays.com\/es\/wp-content\/uploads\/2025\/09\/Captura-de-pantalla-2025-09-17-a-las-8.34.14.png\" alt=\"\" width=\"696\" height=\"531\"  \/>Hecher Sosa con su padre celebrando su victoria en WOW FC 20 siendo campe\u00f3n del peso gallo | Fuente: Instagram (@wowfc)<\/p>\n<p>Con el coraz\u00f3n roto pero la determinaci\u00f3n intacta, sali\u00f3 al oct\u00e1gono de Las Vegas y se enfrent\u00f3 al brasile\u00f1o invicto Mackson Lee. Lo domin\u00f3 con wrestling, grappling y presi\u00f3n, convenciendo a los jueces con una decisi\u00f3n un\u00e1nime que fue mucho m\u00e1s que una victoria deportiva: <strong>fue un homenaje, un acto de amor y de resistencia<\/strong>.<\/p>\n<p>Un futuro abierto en la UFC<\/p>\n<p>Aunque su debut oficial dentro del calendario de UFC a\u00fan no tiene fecha exacta ni rival confirmado, su nombre ya figura entre los que formar\u00e1n parte de la mayor liga de artes marciales mixtas del mundo. <strong>Un orgullo para Espa\u00f1a<\/strong> se cierne sobre los hombros de un canario que nunca dej\u00f3 de crecer. <strong>Para \u00e9l, el camino no ha hecho m\u00e1s que empezar<\/strong>:<\/p>\n<p><strong>\u201cVoy a demostrar que deb\u00eda estar aqu\u00ed hace tiempo\u201d,<\/strong> dijo en declaraciones posteriores, con la mirada fija en un futuro prometedor y la memoria de su padre y hermana acompa\u00f1\u00e1ndolo en cada paso.<\/p>\n<p>Me gusta esto:<\/p>\n<p>Me gusta Cargando&#8230;<\/p>\n<p><a class=\"sd-link-color\"\/><\/p>\n<p>\n\tRelacionado\n<\/p>\n<p><script async src=\"\/\/www.instagram.com\/embed.js\"><\/script><\/p>\n","protected":false},"excerpt":{"rendered":"El canario culmina a\u00f1os de esfuerzo y sacrificio firmando su contrato con la UFC tras una victoria inolvidable&hellip;\n","protected":false},"author":2,"featured_media":120257,"comment_status":"","ping_status":"","sticky":false,"template":"","format":"standard","meta":{"footnotes":""},"categories":[276],"tags":[4555,353,168,25,24,10816,743,23,167,343,39737,39738],"class_list":{"0":"post-120256","1":"post","2":"type-post","3":"status-publish","4":"format-standard","5":"has-post-thumbnail","7":"category-ufc","8":"tag-artes-marciales-mixtas","9":"tag-dana-white","10":"tag-deportes","11":"tag-es","12":"tag-espana","13":"tag-hecher-sosa","14":"tag-mma","15":"tag-spain","16":"tag-sports","17":"tag-ufc","18":"tag-ufc-espana","19":"tag-wow-fc"},"share_on_mastodon":{"url":"","error":""},"_links":{"self":[{"href":"https:\/\/www.europesays.com\/es\/wp-json\/wp\/v2\/posts\/120256","targetHints":{"allow":["GET"]}}],"collection":[{"href":"https:\/\/www.europesays.com\/es\/wp-json\/wp\/v2\/posts"}],"about":[{"href":"https:\/\/www.europesays.com\/es\/wp-json\/wp\/v2\/types\/post"}],"author":[{"embeddable":true,"href":"https:\/\/www.europesays.com\/es\/wp-json\/wp\/v2\/users\/2"}],"replies":[{"embeddable":true,"href":"https:\/\/www.europesays.com\/es\/wp-json\/wp\/v2\/comments?post=120256"}],"version-history":[{"count":0,"href":"https:\/\/www.europesays.com\/es\/wp-json\/wp\/v2\/posts\/120256\/revisions"}],"wp:featuredmedia":[{"embeddable":true,"href":"https:\/\/www.europesays.com\/es\/wp-json\/wp\/v2\/media\/120257"}],"wp:attachment":[{"href":"https:\/\/www.europesays.com\/es\/wp-json\/wp\/v2\/media?parent=120256"}],"wp:term":[{"taxonomy":"category","embeddable":true,"href":"https:\/\/www.europesays.com\/es\/wp-json\/wp\/v2\/categories?post=120256"},{"taxonomy":"post_tag","embeddable":true,"href":"https:\/\/www.europesays.com\/es\/wp-json\/wp\/v2\/tags?post=120256"}],"curies":[{"name":"wp","href":"https:\/\/api.w.org\/{rel}","templated":true}]}}