{"id":120262,"date":"2025-09-17T07:03:12","date_gmt":"2025-09-17T07:03:12","guid":{"rendered":"https:\/\/www.europesays.com\/es\/120262\/"},"modified":"2025-09-17T07:03:12","modified_gmt":"2025-09-17T07:03:12","slug":"el-cta-da-la-razon-al-barca-con-el-penalti-reclamado-en-el-ultimo-partido","status":"publish","type":"post","link":"https:\/\/www.europesays.com\/es\/120262\/","title":{"rendered":"El CTA da la raz\u00f3n al Bar\u00e7a con el penalti reclamado en el \u00faltimo partido"},"content":{"rendered":"<p class=\"ft-text\"><strong>El Comit\u00e9 T\u00e9cnico de \u00c1rbitros (CTA) considera que el FC Barcelona debi\u00f3 disponer de un penalti en los minutos finales del encuentro ante el DUX Logro\u00f1o<\/strong>, correspondiente a la \u00faltima jornada de la Liga F y disputado el pasado viernes en el Estadi Johan Cruyff, donde las azulgranas se impusieron <a class=\"ft-link ft-link--decoration\" href=\"https:\/\/www.sport.es\/es\/noticias\/barca\/futbol-femenino\/inicio-goleador-pichichi-aitana-bonmati-121545710\" rel=\"nofollow noopener\" target=\"_blank\">por 4-0 con doblete de Aitana Bonmat\u00ed<\/a> y goles de Ewa Pajor y Kika Nazareth.<\/p>\n<p class=\"ft-text\">En el programa Tiempo de Revisi\u00f3n de la RFEF, la portavoz del CTA, Marta Fr\u00edas, analiz\u00f3 las jugadas pol\u00e9micas de la jornada en Primera y Segunda divisi\u00f3n masculina y en la Liga F, entre ellas la acci\u00f3n sobre Kika. Con el partido pr\u00e1cticamente decidido, el t\u00e9cnico del Bar\u00e7a, Pere Romeu, solicit\u00f3 una de las cartas de revisi\u00f3n <a class=\"ft-link ft-link--decoration\" href=\"https:\/\/www.sport.es\/es\/noticias\/futbol-femenino\/liga-f-aprueba-var-demanda-120460667\" rel=\"nofollow noopener\" target=\"_blank\">\u2014una de las novedades de esta temporada, que permite a los equipos pedir la revisi\u00f3n de una jugada concreta<\/a>, como en la Primera RFEF masculina\u2014 para reclamar penalti. <strong>La \u00e1rbitra Raquel Su\u00e1rez, tras varios minutos de chequeo en el monitor, mantuvo su decisi\u00f3n inicial de no se\u00f1alar la infracci\u00f3n.<\/strong><\/p>\n<p class=\"ft-text\">Sin embargo, el an\u00e1lisis arbitral posterior es claro. \u201c<strong>En el minuto 88 se produce un centro al \u00e1rea defendida por el DUX y una jugadora de este equipo agarra y derriba a una delantera del Barcelona. (&#8230;) La defensora consigue anular la posibilidad de participaci\u00f3n de la contraria con una sujeci\u00f3n antirreglamentaria y por ese motivo el Comit\u00e9 considera que la \u00e1rbitra debi\u00f3 cambiar su decisi\u00f3n y se\u00f1alar penalti tras visionarla en el monitor\u201d<\/strong>, explic\u00f3 Fr\u00edas.<\/p>\n<p class=\"ft-text\"><strong>La decisi\u00f3n no tuvo incidencia en el resultado final,<\/strong> <a class=\"ft-link ft-link--decoration\" href=\"https:\/\/www.sport.es\/es\/noticias\/barca\/futbol-femenino\/espuela-bestial-aitana-inicia-goleada-121517310\" rel=\"nofollow noopener\" target=\"_blank\">ya que el Bar\u00e7a ya ganaba por 4-0<\/a> y ten\u00eda asegurada la victoria<\/p>\n","protected":false},"excerpt":{"rendered":"El Comit\u00e9 T\u00e9cnico de \u00c1rbitros (CTA) considera que el FC Barcelona debi\u00f3 disponer de un penalti en los&hellip;\n","protected":false},"author":2,"featured_media":120263,"comment_status":"","ping_status":"","sticky":false,"template":"","format":"standard","meta":{"footnotes":""},"categories":[268],"tags":[2296,210,37175,168,39739,25,24,4649,280,282,21913,6173,6346,39740,1550,281,23,167,6959],"class_list":{"0":"post-120262","1":"post","2":"type-post","3":"status-publish","4":"format-standard","5":"has-post-thumbnail","7":"category-futbol","8":"tag-barca","9":"tag-barcelona","10":"tag-cta","11":"tag-deportes","12":"tag-dux","13":"tag-es","14":"tag-espana","15":"tag-femenino","16":"tag-football","17":"tag-futbol","18":"tag-kika","19":"tag-logrono","20":"tag-penalti","21":"tag-pere-romeu","22":"tag-rfef","23":"tag-soccer","24":"tag-spain","25":"tag-sports","26":"tag-var"},"share_on_mastodon":{"url":"","error":""},"_links":{"self":[{"href":"https:\/\/www.europesays.com\/es\/wp-json\/wp\/v2\/posts\/120262","targetHints":{"allow":["GET"]}}],"collection":[{"href":"https:\/\/www.europesays.com\/es\/wp-json\/wp\/v2\/posts"}],"about":[{"href":"https:\/\/www.europesays.com\/es\/wp-json\/wp\/v2\/types\/post"}],"author":[{"embeddable":true,"href":"https:\/\/www.europesays.com\/es\/wp-json\/wp\/v2\/users\/2"}],"replies":[{"embeddable":true,"href":"https:\/\/www.europesays.com\/es\/wp-json\/wp\/v2\/comments?post=120262"}],"version-history":[{"count":0,"href":"https:\/\/www.europesays.com\/es\/wp-json\/wp\/v2\/posts\/120262\/revisions"}],"wp:featuredmedia":[{"embeddable":true,"href":"https:\/\/www.europesays.com\/es\/wp-json\/wp\/v2\/media\/120263"}],"wp:attachment":[{"href":"https:\/\/www.europesays.com\/es\/wp-json\/wp\/v2\/media?parent=120262"}],"wp:term":[{"taxonomy":"category","embeddable":true,"href":"https:\/\/www.europesays.com\/es\/wp-json\/wp\/v2\/categories?post=120262"},{"taxonomy":"post_tag","embeddable":true,"href":"https:\/\/www.europesays.com\/es\/wp-json\/wp\/v2\/tags?post=120262"}],"curies":[{"name":"wp","href":"https:\/\/api.w.org\/{rel}","templated":true}]}}