{"id":12027,"date":"2025-07-29T16:31:07","date_gmt":"2025-07-29T16:31:07","guid":{"rendered":"https:\/\/www.europesays.com\/es\/12027\/"},"modified":"2025-07-29T16:31:07","modified_gmt":"2025-07-29T16:31:07","slug":"hara-reir-llorar-y-pensar","status":"publish","type":"post","link":"https:\/\/www.europesays.com\/es\/12027\/","title":{"rendered":"Har\u00e1 re\u00edr, llorar y pensar"},"content":{"rendered":"<p class=\"paragraph\">Los millones de fans de BTS est\u00e1n de enhorabuena. Este mi\u00e9rcoles 30 de julio desembarca de forma excepcional en los cines de todo el planeta la nueva pel\u00edcula de la banda coreana,<a href=\"https:\/\/www.heraldo.es\/noticias\/ocio-y-cultura\/2025\/07\/28\/los-goonies-la-historia-de-spielberg-que-marco-a-una-generacion-cumple-40-anos-1842847.html\" rel=\"nofollow noopener\" target=\"_blank\"> titulada &#8216;BTS Army: Forever we are young&#8217;. Un filme que solo se podr\u00e1 ver en una sesi\u00f3n en dos cines de Zaragoza.\u00a0<\/a><\/p>\n<p class=\"paragraph\"><b>La sala 11 de los cines Aragonia (19.30, la entrada cuesta 12,90 euros) y la sala 2 del complejo Cinesa Puerto Venecia (19.10) <\/b>son los dos lugares elegidos para la proyecci\u00f3n de este t\u00edtulo tan esperado por los seguidores de la formaci\u00f3n asi\u00e1tica. Las entradas se pueden adquirir en las p\u00e1ginas webs respectivas.\u00a0<\/p>\n<p class=\"paragraph\">Y es que precisamente son los fans los grandes protagonistas de la pel\u00edcula. As\u00ed lo presenta la distribuidora: \u00abDe Se\u00fal a Los \u00c1ngeles, de Texas a Ciudad de M\u00e9xico,<b> el fandom Army de BTS est\u00e1 en todas partes.<\/b> &#8216;Forever we are young&#8217; se sumerge en la pasi\u00f3n de una comunidad que catapult\u00f3 a estos \u00edconos del pop del siglo XXI hasta convertirlos en un nombre reconocido a nivel mundial\u00bb.\u00a0<\/p>\n<p class=\"paragraph\">Y concreta en episodios que se tratar\u00e1n durante la hora y media de proyecci\u00f3n:<b> \u00abConoceremos a fans en una convenci\u00f3n dedicada al grupo, ReactorCon, en Lewisville, Texas;<\/b> a una instructora de baile en Se\u00fal que ense\u00f1a exclusivamente sus coreograf\u00edas; y a seguidores que, desde 2013, se han organizado para ayudar a la banda a dominar las listas de \u00e9xitos. Desafiando los estereotipos que reducen a los fans del pop a adolescentes con demasiada efusividad, Army representa un movimiento intergeneracional\u00bb.<\/p>\n<p class=\"paragraph\">La pel\u00edcula <b>se estren\u00f3 en el festival SXSW 2025<\/b> celebrado en Austin (Texas), y posteriormente ha realizado un itinerario por otros festivales de todo el planeta, desde Copenhague a M\u00e9xico pasando por Hawai y Los \u00c1ngeles.<\/p>\n<p class=\"paragraph\">Las codirectoras de &#8216;BTS Army: Forever we are young&#8217; son Grace Lee y Patty Ahn. As\u00ed explican la filosof\u00eda de la pel\u00edcula: \u00abNo hay BTS sin Army, ni Army sin BTS. Estamos impacientes por que el p\u00fablico experimente <b>un viaje emocional y conozca a un fandom que nos ha hecho re\u00edr, llorar y pensar. <\/b>Nos ha conmovido constantemente el poder, la resistencia, la creatividad y el humor de los fans, y esperamos que al p\u00fablico tambi\u00e9n\u00bb.\u00a0<\/p>\n","protected":false},"excerpt":{"rendered":"Los millones de fans de BTS est\u00e1n de enhorabuena. Este mi\u00e9rcoles 30 de julio desembarca de forma excepcional&hellip;\n","protected":false},"author":2,"featured_media":12028,"comment_status":"","ping_status":"","sticky":false,"template":"","format":"standard","meta":{"footnotes":""},"categories":[170],"tags":[8407,146,147,25,24,184,185,1257,23,491],"class_list":{"0":"post-12027","1":"post","2":"type-post","3":"status-publish","4":"format-standard","5":"has-post-thumbnail","7":"category-musica","8":"tag-bts","9":"tag-entertainment","10":"tag-entretenimiento","11":"tag-es","12":"tag-espana","13":"tag-music","14":"tag-musica","15":"tag-pelicula","16":"tag-spain","17":"tag-zaragoza"},"share_on_mastodon":{"url":"","error":""},"_links":{"self":[{"href":"https:\/\/www.europesays.com\/es\/wp-json\/wp\/v2\/posts\/12027","targetHints":{"allow":["GET"]}}],"collection":[{"href":"https:\/\/www.europesays.com\/es\/wp-json\/wp\/v2\/posts"}],"about":[{"href":"https:\/\/www.europesays.com\/es\/wp-json\/wp\/v2\/types\/post"}],"author":[{"embeddable":true,"href":"https:\/\/www.europesays.com\/es\/wp-json\/wp\/v2\/users\/2"}],"replies":[{"embeddable":true,"href":"https:\/\/www.europesays.com\/es\/wp-json\/wp\/v2\/comments?post=12027"}],"version-history":[{"count":0,"href":"https:\/\/www.europesays.com\/es\/wp-json\/wp\/v2\/posts\/12027\/revisions"}],"wp:featuredmedia":[{"embeddable":true,"href":"https:\/\/www.europesays.com\/es\/wp-json\/wp\/v2\/media\/12028"}],"wp:attachment":[{"href":"https:\/\/www.europesays.com\/es\/wp-json\/wp\/v2\/media?parent=12027"}],"wp:term":[{"taxonomy":"category","embeddable":true,"href":"https:\/\/www.europesays.com\/es\/wp-json\/wp\/v2\/categories?post=12027"},{"taxonomy":"post_tag","embeddable":true,"href":"https:\/\/www.europesays.com\/es\/wp-json\/wp\/v2\/tags?post=12027"}],"curies":[{"name":"wp","href":"https:\/\/api.w.org\/{rel}","templated":true}]}}