{"id":120309,"date":"2025-09-17T07:39:08","date_gmt":"2025-09-17T07:39:08","guid":{"rendered":"https:\/\/www.europesays.com\/es\/120309\/"},"modified":"2025-09-17T07:39:08","modified_gmt":"2025-09-17T07:39:08","slug":"una-nina-curada-tras-los-rezos-de-su-abuela-en-regla","status":"publish","type":"post","link":"https:\/\/www.europesays.com\/es\/120309\/","title":{"rendered":"una ni\u00f1a curada tras los rezos de su abuela en Regla"},"content":{"rendered":"<p>16\/09\/2025<br \/>\n<br \/><strong><br \/>\nActualizado a las 22:46h.<br \/>\n<\/strong><\/p>\n<p class=\"voc-p\" style=\"\">La reliquia de San Carlo Acutis, <strong>el joven italiano canonizado recientemente por el Papa Leon XVI en Roma ,<\/strong> y conocido como el santo milenial, <strong>recorre el mundo y desde el pasado mes de julio<\/strong> se encuentra en el Santuario de Nuestra Se\u00f1ora de Regla de Chipiona, custodiada por la Orden Franciscana de la Inmaculada Concepci\u00f3n.<\/p>\n<p class=\"voc-p\" style=\"\"> Su presencia en la localidad gaditana ha generado <strong>una profunda devoci\u00f3n entre fieles y enfermos,<\/strong> en virtud de la estrecha relaci\u00f3n fraternal que une al convento chipionero con la comunidad franciscana de As\u00eds (Italia). Despu\u00e9s de que el pericardio del santo italiano permaneciera durante varias semanas custodiado en el santuario de Regla y saliera el pasado 8 de septiembre junto a la virgen, convirti\u00e9ndose en la primera procesi\u00f3n de Espa\u00f1a en portar una reliquia del santo, <strong>ahora recorre los hospitales de la comarca para servir de consuelo a enfermos.<\/strong><\/p>\n<p class=\"voc-p\" style=\"\">El rector del santuario, fray Juan Jos\u00e9 Rodr\u00edguez Mej\u00edas, junto al delegado de la familia Acutis, <strong>Carlos Heret, y miembros de la asociaci\u00f3n dedicada al nuevo santo<\/strong>, han llevado la reliquia a hospitales de Sanl\u00facar y Chipiona. All\u00ed, pacientes y familiares relataron experiencias de fe y alivio espiritual. En declaraciones a ABC, fray Juan Jos\u00e9 narr\u00f3 c\u00f3mo dos enfermos, sin haber solicitado ver la reliquia,<strong> aseguraban esperar la visita del joven santo.<\/strong><\/p>\n<p class=\"voc-p\" style=\"\">Uno de los testimonios m\u00e1s destacados procede de una familia de Badajoz, una de las numerosas que acude cada a\u00f1o a veranear a Chipiona. Durante el verano, la abuela de una ni\u00f1a de apenas a\u00f1o y medio,<strong> aquejada de graves problemas de piel<\/strong>, rez\u00f3 ante la reliquia en Chipiona pidiendo por la salud de su nieta. D\u00edas despu\u00e9s, la peque\u00f1a comenz\u00f3 a mejorar hasta quedar completamente restablecida, seg\u00fan relataron sus familiares al rector del santuario.<\/p>\n<p class=\"voc-p\" style=\"\">La devoci\u00f3n a San Carlo tambi\u00e9n se hizo notar durante las celebraciones de <strong>la Virgen de Regla, patrona de Chipiona<\/strong>. La novena y la festividad del 8 de septiembre congregaron a un n\u00famero de fieles superior al de a\u00f1os anteriores. Ese d\u00eda, apenas 24 horas despu\u00e9s de la canonizaci\u00f3n de Carlo Acutis en Roma, se vivi\u00f3 un hecho hist\u00f3rico: la procesi\u00f3n de la Virgen de Regla se convirti\u00f3 en la primera de Espa\u00f1a en portar la reliquia del nuevo santo.<\/p>\n<p class=\"voc-p\" style=\"\">Se trataba de una parte de pericardio del coraz\u00f3n del joven que hab\u00eda permanecido durante dos meses en el santuario, donde fue venerado por miles de fieles y se realizaron <strong>numerosos actos en recuerdo del nuevo santo italiano<\/strong>. <\/p>\n<p>Reportar un error<\/p>\n","protected":false},"excerpt":{"rendered":"16\/09\/2025 Actualizado a las 22:46h. La reliquia de San Carlo Acutis, el joven italiano canonizado recientemente por el&hellip;\n","protected":false},"author":2,"featured_media":120310,"comment_status":"","ping_status":"","sticky":false,"template":"","format":"standard","meta":{"footnotes":""},"categories":[8],"tags":[20265,39748,17,18,35883,28336,39749,25,24,13,14,11,19,20,10095,9,1388,10,15,16,39750,16500,2228,29983,23,12,575,21,22],"class_list":{"0":"post-120309","1":"post","2":"type-post","3":"status-publish","4":"format-standard","5":"has-post-thumbnail","7":"category-espana","8":"tag-abuela","9":"tag-acutis","10":"tag-breaking-news","11":"tag-breakingnews","12":"tag-carlo","13":"tag-chipiona","14":"tag-curada","15":"tag-es","16":"tag-espana","17":"tag-featured-news","18":"tag-featurednews","19":"tag-headlines","20":"tag-latest-news","21":"tag-latestnews","22":"tag-milagro","23":"tag-news","24":"tag-nina","25":"tag-noticias","26":"tag-noticias-destacadas","27":"tag-noticiasdestacadas","28":"tag-oraciones","29":"tag-regla","30":"tag-san","31":"tag-santuario","32":"tag-spain","33":"tag-titulares","34":"tag-tras","35":"tag-ultimas-noticias","36":"tag-ultimasnoticias"},"share_on_mastodon":{"url":"","error":""},"_links":{"self":[{"href":"https:\/\/www.europesays.com\/es\/wp-json\/wp\/v2\/posts\/120309","targetHints":{"allow":["GET"]}}],"collection":[{"href":"https:\/\/www.europesays.com\/es\/wp-json\/wp\/v2\/posts"}],"about":[{"href":"https:\/\/www.europesays.com\/es\/wp-json\/wp\/v2\/types\/post"}],"author":[{"embeddable":true,"href":"https:\/\/www.europesays.com\/es\/wp-json\/wp\/v2\/users\/2"}],"replies":[{"embeddable":true,"href":"https:\/\/www.europesays.com\/es\/wp-json\/wp\/v2\/comments?post=120309"}],"version-history":[{"count":0,"href":"https:\/\/www.europesays.com\/es\/wp-json\/wp\/v2\/posts\/120309\/revisions"}],"wp:featuredmedia":[{"embeddable":true,"href":"https:\/\/www.europesays.com\/es\/wp-json\/wp\/v2\/media\/120310"}],"wp:attachment":[{"href":"https:\/\/www.europesays.com\/es\/wp-json\/wp\/v2\/media?parent=120309"}],"wp:term":[{"taxonomy":"category","embeddable":true,"href":"https:\/\/www.europesays.com\/es\/wp-json\/wp\/v2\/categories?post=120309"},{"taxonomy":"post_tag","embeddable":true,"href":"https:\/\/www.europesays.com\/es\/wp-json\/wp\/v2\/tags?post=120309"}],"curies":[{"name":"wp","href":"https:\/\/api.w.org\/{rel}","templated":true}]}}