{"id":120313,"date":"2025-09-17T07:41:08","date_gmt":"2025-09-17T07:41:08","guid":{"rendered":"https:\/\/www.europesays.com\/es\/120313\/"},"modified":"2025-09-17T07:41:08","modified_gmt":"2025-09-17T07:41:08","slug":"aitana-santome-rompe-el-dedo-gordo-y-estara-varios-meses-de-baja","status":"publish","type":"post","link":"https:\/\/www.europesays.com\/es\/120313\/","title":{"rendered":"Aitana Santom\u00e9 rompe el dedo gordo y estar\u00e1 varios meses de baja"},"content":{"rendered":"<p class=\"paragraph-atom &#10;        B-500-300-700-N B-550-300-700-N--md  \">El <a href=\"https:\/\/www.atlantico.net\/temas\/club-balonmano-porrino\/\" rel=\"nofollow noopener\" target=\"_blank\">Balonm\u00e1n Porri\u00f1o<\/a> obtuvo la victoria en la Copa Galicia ante el Guard\u00e9s, pero recibi\u00f3 una noticia dura para la presente campa\u00f1a porque la moa\u00f1esa Aitana Santom\u00e9 sufri\u00f3 la fractura del dedo gordo de su mano derecha, la de lanzamiento. Por lo tanto, a falta de conocer el <strong>diagn\u00f3stico definitivo<\/strong> y si necesita pasar por el quir\u00f3fano, se perder\u00e1 varios meses de competici\u00f3n. Lo m\u00ednimo ser\u00e1n dos, aunque lo probable es que se ampl\u00ede uno o dos m\u00e1s. Depender\u00e1 de si hay que intervenir o no. <\/p>\n<p class=\"paragraph-atom &#10;        B-500-300-700-N B-550-300-700-N--md  \">Por lo tanto, el conjunto louri\u00f1\u00e9s, que este curso sufri\u00f3 una profunda remodelaci\u00f3n, pierde a una jugadora clave porque, adem\u00e1s de su trabajo defensivo, en la presente campa\u00f1a estaba llamada a ser un pilar en ataque y as\u00ed lo estaba mostrando<strong> en el comienzo de temporada<\/strong>. Las reci\u00e9n llegadas Vicky Zsembery y la viguesa Adriana Rial deber\u00e1n dar un paso adelante para cubrir la ausencia de la morracense. <\/p>\n<p class=\"paragraph-atom &#10;        B-500-300-700-N B-550-300-700-N--md  \">Con el calendario en la mano, la Divisi\u00f3n de Honor de balonmano atravesar\u00e1 un par\u00f3n grande en<strong> la competici\u00f3n entre el 15 de noviembre y el 17 de diciembre<\/strong> por la disputa del Mundial femenino. Por lo tanto, dados los plazos, todo indica que Santom\u00e9 no volver\u00e1 hasta pasada la cita planetaria, en caso de que el diagn\u00f3stico y la recuperaci\u00f3n vayan por buen camino. En todo caso, es una ausencia notable para Isma Mart\u00ednez, que pierde a una deportista clave en su equipo.<\/p>\n","protected":false},"excerpt":{"rendered":"El Balonm\u00e1n Porri\u00f1o obtuvo la victoria en la Copa Galicia ante el Guard\u00e9s, pero recibi\u00f3 una noticia dura&hellip;\n","protected":false},"author":2,"featured_media":120314,"comment_status":"","ping_status":"","sticky":false,"template":"","format":"standard","meta":{"footnotes":""},"categories":[278],"tags":[3519,376,30626,168,25,24,6321,375,18368,105,39751,23,167],"class_list":{"0":"post-120313","1":"post","2":"type-post","3":"status-publish","4":"format-standard","5":"has-post-thumbnail","7":"category-balonmano","8":"tag-aitana","9":"tag-balonmano","10":"tag-dedo","11":"tag-deportes","12":"tag-es","13":"tag-espana","14":"tag-gordo","15":"tag-handball","16":"tag-porrino","17":"tag-rompe","18":"tag-santome","19":"tag-spain","20":"tag-sports"},"share_on_mastodon":{"url":"","error":""},"_links":{"self":[{"href":"https:\/\/www.europesays.com\/es\/wp-json\/wp\/v2\/posts\/120313","targetHints":{"allow":["GET"]}}],"collection":[{"href":"https:\/\/www.europesays.com\/es\/wp-json\/wp\/v2\/posts"}],"about":[{"href":"https:\/\/www.europesays.com\/es\/wp-json\/wp\/v2\/types\/post"}],"author":[{"embeddable":true,"href":"https:\/\/www.europesays.com\/es\/wp-json\/wp\/v2\/users\/2"}],"replies":[{"embeddable":true,"href":"https:\/\/www.europesays.com\/es\/wp-json\/wp\/v2\/comments?post=120313"}],"version-history":[{"count":0,"href":"https:\/\/www.europesays.com\/es\/wp-json\/wp\/v2\/posts\/120313\/revisions"}],"wp:featuredmedia":[{"embeddable":true,"href":"https:\/\/www.europesays.com\/es\/wp-json\/wp\/v2\/media\/120314"}],"wp:attachment":[{"href":"https:\/\/www.europesays.com\/es\/wp-json\/wp\/v2\/media?parent=120313"}],"wp:term":[{"taxonomy":"category","embeddable":true,"href":"https:\/\/www.europesays.com\/es\/wp-json\/wp\/v2\/categories?post=120313"},{"taxonomy":"post_tag","embeddable":true,"href":"https:\/\/www.europesays.com\/es\/wp-json\/wp\/v2\/tags?post=120313"}],"curies":[{"name":"wp","href":"https:\/\/api.w.org\/{rel}","templated":true}]}}