{"id":120315,"date":"2025-09-17T07:42:09","date_gmt":"2025-09-17T07:42:09","guid":{"rendered":"https:\/\/www.europesays.com\/es\/120315\/"},"modified":"2025-09-17T07:42:09","modified_gmt":"2025-09-17T07:42:09","slug":"triunfo-de-duarte-fernandes-y-leonardo-hernandez-en-la-corrida-de-rejones-de-villatobas-toledo","status":"publish","type":"post","link":"https:\/\/www.europesays.com\/es\/120315\/","title":{"rendered":"Triunfo de Duarte Fernandes y Leonardo Hern\u00e1ndez en la corrida de rejones de Villatobas (Toledo)"},"content":{"rendered":"<p>Los rejoneadores salieron a hombros tras lidiar con brillantez a los toros de Monteviejo, en una plaza llena hasta la bandera<\/p>\n<p><img fetchpriority=\"high\" class=\"voc-img\" src=\"https:\/\/www.europesays.com\/es\/wp-content\/uploads\/2025\/09\/31afa3ed-b0bb-4600-a332-47d443b21661-RrusTbco2RO9JmKCC9tjJBJ-1200x840@diario_abc.jpg\" loading=\"eager\" decoding=\"async\" alt=\"El portugu\u00e9s Duarte Fernandes y el espa\u00f1ol Leonardo Hern\u00e1ndez triunfaron en Villatobas\" width=\"1200\" height=\"840\"\/><\/p>\n<p>El portugu\u00e9s Duarte Fernandes y el espa\u00f1ol Leonardo Hern\u00e1ndez triunfaron en Villatobas    mar\u00eda jes\u00fas fern\u00e1ndez clemente  <\/p>\n<p class=\"voc-p\" style=\"\">La localidad toledana de <strong>Villatobas<\/strong> vivi\u00f3 durante sus fiestas patronales una tarde de rejones para el recuerdo, con<strong> lleno absoluto<\/strong> y un ambiente de gran expectaci\u00f3n. El cartel de no hay billetes fue el preludio de una<strong> jornada triunfal<\/strong> en la que el p\u00fablico disfrut\u00f3 de principio a fin.<\/p>\n<p class=\"voc-p\" style=\"\">El portugu\u00e9s<strong> Duarte Fernandes<\/strong> y el espa\u00f1ol <strong>Leonardo Hern\u00e1ndez<\/strong> compartieron protagonismo frente a los <strong>astados de Monteviejo<\/strong>, hierro propiedad de Victorino Mart\u00edn, que ofrecieron un excelente juego en la arena. <\/p>\n<p class=\"voc-p\" style=\"\"><strong>La calidad y nobleza de los ejemplares<\/strong> permitieron que ambos rejoneadores desplegaran todo su repertorio, arrancando constantes ovaciones del p\u00fablico.<\/p>\n<p class=\"voc-p\" style=\"\">El resultado no pudo ser mejor: triunfo sonado y<strong> salida a hombros para los dos caballeros<\/strong>, que rubricaron as\u00ed una tarde redonda en la que Villatobas confirm\u00f3 su gran afici\u00f3n y su apuesta por la tauromaquia en las fiestas locales.<\/p>\n<p>Reportar un error<\/p>\n","protected":false},"excerpt":{"rendered":"Los rejoneadores salieron a hombros tras lidiar con brillantez a los toros de Monteviejo, en una plaza llena&hellip;\n","protected":false},"author":2,"featured_media":120316,"comment_status":"","ping_status":"","sticky":false,"template":"","format":"standard","meta":{"footnotes":""},"categories":[277],"tags":[373,1569,168,2243,25,24,7806,4504,2253,13649,23,167,1952,374,2886,39752],"class_list":{"0":"post-120315","1":"post","2":"type-post","3":"status-publish","4":"format-standard","5":"has-post-thumbnail","7":"category-toreo","8":"tag-bullfighting","9":"tag-corrida","10":"tag-deportes","11":"tag-duarte","12":"tag-es","13":"tag-espana","14":"tag-fernandes","15":"tag-hernandez","16":"tag-leonardo","17":"tag-rejones","18":"tag-spain","19":"tag-sports","20":"tag-toledo","21":"tag-toreo","22":"tag-triunfo","23":"tag-villatobas"},"share_on_mastodon":{"url":"","error":""},"_links":{"self":[{"href":"https:\/\/www.europesays.com\/es\/wp-json\/wp\/v2\/posts\/120315","targetHints":{"allow":["GET"]}}],"collection":[{"href":"https:\/\/www.europesays.com\/es\/wp-json\/wp\/v2\/posts"}],"about":[{"href":"https:\/\/www.europesays.com\/es\/wp-json\/wp\/v2\/types\/post"}],"author":[{"embeddable":true,"href":"https:\/\/www.europesays.com\/es\/wp-json\/wp\/v2\/users\/2"}],"replies":[{"embeddable":true,"href":"https:\/\/www.europesays.com\/es\/wp-json\/wp\/v2\/comments?post=120315"}],"version-history":[{"count":0,"href":"https:\/\/www.europesays.com\/es\/wp-json\/wp\/v2\/posts\/120315\/revisions"}],"wp:featuredmedia":[{"embeddable":true,"href":"https:\/\/www.europesays.com\/es\/wp-json\/wp\/v2\/media\/120316"}],"wp:attachment":[{"href":"https:\/\/www.europesays.com\/es\/wp-json\/wp\/v2\/media?parent=120315"}],"wp:term":[{"taxonomy":"category","embeddable":true,"href":"https:\/\/www.europesays.com\/es\/wp-json\/wp\/v2\/categories?post=120315"},{"taxonomy":"post_tag","embeddable":true,"href":"https:\/\/www.europesays.com\/es\/wp-json\/wp\/v2\/tags?post=120315"}],"curies":[{"name":"wp","href":"https:\/\/api.w.org\/{rel}","templated":true}]}}