{"id":120317,"date":"2025-09-17T07:43:10","date_gmt":"2025-09-17T07:43:10","guid":{"rendered":"https:\/\/www.europesays.com\/es\/120317\/"},"modified":"2025-09-17T07:43:10","modified_gmt":"2025-09-17T07:43:10","slug":"el-conejero-hecher-sosa-segundo-canario-en-lograr-un-contrato-para-pelear-en-la-ufc","status":"publish","type":"post","link":"https:\/\/www.europesays.com\/es\/120317\/","title":{"rendered":"El conejero Hecher Sosa, segundo canario en lograr un contrato para pelear en la UFC"},"content":{"rendered":"<p class=\"ft-text ft-helper-closenews\"><a class=\"ft-link ft-link--decoration\" href=\"https:\/\/www.laprovincia.es\/deportes-canarias\/2024\/05\/27\/magico-triunfo-hecher-sosa-llama-ufc-dv-102962239.html\" rel=\"nofollow noopener\" target=\"_blank\">Hecher Sosa<\/a> ha hecho <strong>historia en las Artes Marciales Mixtas<\/strong> al convertirse en el <strong>primer espa\u00f1ol capaz de superar la entrevista de trabajo m\u00e1s dura del mundo, la Dana White&#8217;s Contender Series<\/strong>. El luchador conejero arroll\u00f3 a su contendiente, el brasile\u00f1o <strong>Mackson Lee<\/strong>, quien llegaba a la cita invicto (9-0), por un r\u00e9cord de 13-1 del canario, aunque no logr\u00f3 finalizarle en los m\u00faltiples derribos que le propin\u00f3 durante los tres asaltos que dur\u00f3 su puesta en escena durante el combate estelar de la velada, llev\u00e1ndose la pelea a los puntos (30-27, 30-27 y 30-26).<\/p>\n<p class=\"ft-text\">Un<strong> intento de guillota del carioca en el primer asalto<\/strong>, al lograr atrapar el cuello del canario en uno de sus intentos de derribo, puso en apuros al luchador canario, que aguant\u00f3 estoicamente y demostr\u00f3 su resiliencia ante los atentos ojos de Dana White, el gran jefe de la UFC, que no dud\u00f3 en firmar el contrato que le convierte en el <strong>segundo canario en fichar por la mejor compa\u00f1ia de MMA del planeta<\/strong>, recogiendo el testigo de <strong>Juan Espino, &#8216;El Guapo<\/strong>&#8216;. Sosa se convierte adem\u00e1s en el <strong>noveno espa\u00f1ol en firmar un contrato por la UFC<\/strong> tras los pasos de Cerro Le\u00f3n -compiti\u00f3 en la UFC2-, Enrique &#8216;Wasabi&#8217; Mar\u00edn, Abner Lloveras, el propio Juan Espino, Joel \u00c1lvarez, Dani Barez, Ilia Topuria y Aleksander Topuria.<\/p>\n<p class=\"ft-text\">El <strong>Guanche Warrior recib\u00eda la noticia del fallecimiento de su padre<\/strong> el d\u00eda en el que iniciaba su corte de peso, sin duda alguna el momento m\u00e1s duro en la preparaci\u00f3n de un luchador, a pesar de lo cual, el grancanario se mantuvo firme en su decisi\u00f3n de entrar en la jaula para cumplir con su sue\u00f1o y poder dedic\u00e1rselo tanto a su progenitor como a su hermana, fallecida tambi\u00e9n hace un a\u00f1o de c\u00e1ncer de p\u00e1ncreas, y a su hija. Una vez terminada su pelea no falt\u00f3 su gesto con dos dedos se\u00f1alando hacia el cielo para dedicarle a ambos su triunfo.<\/p>\n<p class=\"ft-text\">La mayor envergadura del brasile\u00f1o oblig\u00f3 a Hecher Sosa a renunciar al stricking, su principal cualidad, salvo en el inicio del segundo asalto, para llevar la pelea al suelo donde domin\u00f3 al brasile\u00f1o, aunque sin llegar a someterlo, a pesar del acoso y derribo al que le someti\u00f3 el conejero de principio a fin.<\/p>\n<p class=\"ft-text\"><strong>Campe\u00f3n de Fight Club Rush y the Wow<\/strong>, el nuevo reto para el canario arranca con su nuevo contrato para pelear con los mejores en la UFC.<\/p>\n<p>Sosa: \u00abQuiero representar a Espa\u00f1a en la UFC como luchador, pero tambi\u00e9n como persona con mis valores\u00bb<\/p>\n<p class=\"ft-text\">Tras su merecida victoria ante Lee, Sosa reconoci\u00f3 en la entrevista post combate que \u00abten\u00eda preparado un repertorio m\u00e1s grande, pero <strong>con lo de mi padre justo antes de empezar el recorte de peso no pude dormir bien<\/strong>, no he descansado, estoy roto por dentro, pero esto es por los dos, porque al final era su sue\u00f1o, es el m\u00edo y aunque estoy roto psicol\u00f3gicamente, aqu\u00ed estoy cumpliendo, para cumplir con el sue\u00f1o de mi padre, con mi madre que lo ha estado viendo por la tele, por mi hermana y por el resto de mi familia, por lo menos hoy les he podido brindar a todos una alegr\u00eda\u00bb.<\/p>\n<p class=\"ft-text\">Sobre su capacidad para reponerse de un golpe tran demoledor como el de la muerte de su padre, resalt\u00f3 que \u00abllorando en la cama no solucionas nada, por eso he querido seguir adelante y cumplir mi sue\u00f1o, porque esa es la mejor manera, s\u00e9 que mucha gente ha pasado por problemas psicol\u00f3gicos, yo <strong>no lo he pasado bien tampoco, pero me ayuda ir al gimnasio, enfocarme en un objetivo, en cumplir sue\u00f1os<\/strong>, porque un sue\u00f1o se acaba y empieza otro, as\u00ed que eso es lo \u00fanico que quiero y que necesito, seguir cumpliendo sue\u00f1os y avanzando cada d\u00eda\u00bb.<\/p>\n<p class=\"ft-text\">Sobre su gesta reconoci\u00f3 que \u00ab<strong>me hace mucha ilusi\u00f3n poder ser el primer espa\u00f1ol que entra en la UFC ganando la Dana White&#8217;s Contender Series<\/strong>, me har\u00eda mucha ilusi\u00f3n poder representar a Espa\u00f1a no s\u00f3lo como peleador sino tambi\u00e9n como persona, con valores, honor, respeto y la palabra de un hombre que asegur\u00f3 que hoy iba a estar en la jaula y a pesar de todo ha estado en la jaula\u00bb. \u00abA nivel personal<strong> me gustar\u00eda que mi hija, que tiene cinco a\u00f1os, el d\u00eda de ma\u00f1ana vea esto y se sienta orgullosa<\/strong> y que coja todo esto como un ejemplo de como afrontar los problemas de la vida, poder inculcarle el d\u00eda de ma\u00f1ana la mentalidad que yo tengo y eso es lo que la quiero transmitir d\u00eda a d\u00eda\u00bb.<\/p>\n<p>El reconocimiento de Dana White<img decoding=\"async\" src=\"https:\/\/www.europesays.com\/es\/wp-content\/uploads\/2025\/09\/9e234595-fd59-43a9-b11b-dbca7292a3cc_alta-libre-aspect-ratio_default_0.jpg\" width=\"1200\" height=\"1600\" alt=\"Nota manuscrita de Dana White entregada a Hecher Sosa.\" class=\"ft-helper-img-rd\" loading=\"lazy\" hasdataaida=\"true\"\/><\/p>\n<p class=\"ft-helper-fontColor-quaternary ft-helper-fontSize-body-S ft-helper-spacer-t-xxs\">Nota manuscrita de Dana White entregada a Hecher Sosa.  \/ UFC<\/p>\n<p class=\"ft-text\">Tras conocerse el veredicto positivo de Dana White, el luchador conejero desvel\u00f3 el contenido de una<strong> nota entregada por el jefe de la UFC<\/strong>, escrito de su pu\u00f1o y letra, que rezaba &#8216;Be the fucking reason your last name means something one day&#8217; &#8211;<strong>&#8216;S\u00e9 la p***a raz\u00f3n por la que quieres que tu apellido signifique algo alg\u00fan d\u00eda<\/strong>&#8216;-. \u00abEstas palabras son por mi padre, para que sea fuerte por \u00e9l, porque \u00e9l me ha ense\u00f1ado todo, ha sido siempre mi mejor amigo, ahora no est\u00e1 ya con nosotros y no voy a poder volver a hablar m\u00e1s con \u00e9l, pero s\u00e9 que \u00e9l me ver\u00e1 desde el cielo y estar\u00e1 orgulloso\u00bb.<\/p>\n<p class=\"ft-text\">El peleador canario expres\u00f3 en la entrevista posterior a la decisi\u00f3n del jefe de la UFC que \u00ablos luchadores tambi\u00e9n tenemos sentimientos, que en los momentos malos<strong> debemos de luchar tambi\u00e9n contra nuestros demonios<\/strong>, que Dios est\u00e1 arriba y nosotros s\u00f3lo tenemos que seguir el camino y hacerlo lo mejor posible\u00bb.<\/p>\n<p class=\"ft-text\">\u00abLos sue\u00f1osse cumplen para todos aquellos que luchan por y para ellos sin descanso, yo llevo 10 a\u00f1os dedicados a este deporte, lo he dado todo de m\u00ed, mucha gente no apostaba ni confiaba en m\u00ed, me dec\u00edan que nunca lo iba a lograr, pero nunca escuch\u00e9 esas voces, confi\u00e9 en m\u00ed y aqu\u00ed estoy, el siguiente espa\u00f1ol en la UFC, <strong>voy a dar mi sangre, mi sudor y mis l\u00e1grimas para representarles, voy a dar mi cuerpo y alma para representar a Espa\u00f1a de la mejor manera<\/strong> y creanme que no voy a parar hasta ser la mejor persona y estar muchos a\u00f1os aqu\u00ed, en la mejor compa\u00f1\u00eda del mundo.<\/p>\n<p data-close=\"closedContent\" class=\"subscribeHideForDisplay\">Suscr\u00edbete para seguir leyendo<\/p>\n","protected":false},"excerpt":{"rendered":"Hecher Sosa ha hecho historia en las Artes Marciales Mixtas al convertirse en el primer espa\u00f1ol capaz de&hellip;\n","protected":false},"author":2,"featured_media":120318,"comment_status":"","ping_status":"","sticky":false,"template":"","format":"standard","meta":{"footnotes":""},"categories":[276],"tags":[16089,36113,168,25,24,260,8000,39753,743,1566,805,8001,23,167,3466,343],"class_list":{"0":"post-120317","1":"post","2":"type-post","3":"status-publish","4":"format-standard","5":"has-post-thumbnail","7":"category-ufc","8":"tag-canario","9":"tag-conejero","10":"tag-deportes","11":"tag-es","12":"tag-espana","13":"tag-gente","14":"tag-hecher","15":"tag-juan-espino","16":"tag-mma","17":"tag-segundo","18":"tag-series","19":"tag-sosa","20":"tag-spain","21":"tag-sports","22":"tag-sueno","23":"tag-ufc"},"share_on_mastodon":{"url":"","error":""},"_links":{"self":[{"href":"https:\/\/www.europesays.com\/es\/wp-json\/wp\/v2\/posts\/120317","targetHints":{"allow":["GET"]}}],"collection":[{"href":"https:\/\/www.europesays.com\/es\/wp-json\/wp\/v2\/posts"}],"about":[{"href":"https:\/\/www.europesays.com\/es\/wp-json\/wp\/v2\/types\/post"}],"author":[{"embeddable":true,"href":"https:\/\/www.europesays.com\/es\/wp-json\/wp\/v2\/users\/2"}],"replies":[{"embeddable":true,"href":"https:\/\/www.europesays.com\/es\/wp-json\/wp\/v2\/comments?post=120317"}],"version-history":[{"count":0,"href":"https:\/\/www.europesays.com\/es\/wp-json\/wp\/v2\/posts\/120317\/revisions"}],"wp:featuredmedia":[{"embeddable":true,"href":"https:\/\/www.europesays.com\/es\/wp-json\/wp\/v2\/media\/120318"}],"wp:attachment":[{"href":"https:\/\/www.europesays.com\/es\/wp-json\/wp\/v2\/media?parent=120317"}],"wp:term":[{"taxonomy":"category","embeddable":true,"href":"https:\/\/www.europesays.com\/es\/wp-json\/wp\/v2\/categories?post=120317"},{"taxonomy":"post_tag","embeddable":true,"href":"https:\/\/www.europesays.com\/es\/wp-json\/wp\/v2\/tags?post=120317"}],"curies":[{"name":"wp","href":"https:\/\/api.w.org\/{rel}","templated":true}]}}