{"id":120326,"date":"2025-09-17T07:51:23","date_gmt":"2025-09-17T07:51:23","guid":{"rendered":"https:\/\/www.europesays.com\/es\/120326\/"},"modified":"2025-09-17T07:51:23","modified_gmt":"2025-09-17T07:51:23","slug":"mugak-invita-a-pensar-en-la-arquitectura-del-futuro-desde-las-utopias","status":"publish","type":"post","link":"https:\/\/www.europesays.com\/es\/120326\/","title":{"rendered":"Mugak invita a pensar en la arquitectura del futuro desde las utop\u00edas"},"content":{"rendered":"<p>Bajo el lema &#8216;Castillos en el aire o, como construir la utopia de hoy&#8217;, la quinta edici\u00f3n de la Bienas de Arquitectura Internacional Mugak reunir\u00e1  &#8230; a profesionales locales e internaciones y presentar\u00e1 proyectos y exposiciones colectivas para invitar a la reflexi\u00f3n y explorar utop\u00edas arquitect\u00f3nicas de nuestro tiempo que faciliten avanzar en construcciones futuras que mejores la condiciones de habitabilidad de las viviendas. <\/p>\n<p class=\"v-p\">La programaci\u00f3n completa de la cita se ha presentado este martes en el Instituto de Arquitectura de Euskadi (IAE), sede principal de la bienal, en un acto en el que han participado Miguel de Los Toyos, viceconsejero de Vivienda; Mar\u00eda Jos\u00e9 Telleer\u00eda, directora general de cultura de la diputaci\u00f3n; Pablo Garc\u00eda Astrain, director de Vivienda, Suelo y Arquitectura del Gobierno Vasco, y la comisaria de la bienal, Mar\u00eda Arana Zubieta. En la presentaci\u00f3n tambi\u00e9n han estado presentes entidades y agentes que participan y colaboran en la cita.<\/p>\n<p class=\"v-p\">Mugak programar\u00e1 m\u00e1s de 80 actividades entre exposiciones, conferencias y talleres, entre el 9 de octubre y el 14 de noviembre en las tres capitales vascas. Un a\u00f1o m\u00e1s, la sede de IAE en San Sebasti\u00e1n acoger\u00e1 la exposici\u00f3n central, que llevar\u00e1 por t\u00edtulo &#8216;Eu-utop\u00eda, Ou-top\u00edas&#8217;, en el que nueve personalidades y entidades, la mayor\u00eda de origen internacional y gran reconocimiento, representar\u00e1n la utop\u00eda a trav\u00e9s de su obra. En palabras de la comisaria de la bienal, \u00abqueremos reivindicar la capacidad de la utop\u00eda para mantener la esperanza en estos tiempos convulsos, y la arquitectura puede aportar mucho\u00bb. <\/p>\n<p class=\"v-p\">La arquitecta, catedr\u00e1tica y activista ghanesa-escocesa Lesley Lokko OBE protagonizar\u00e1 la conferencia inaugural de la bienal el 9 de octubre en el Kursaal. Otro destacado invitado ser\u00e1 el arquitecto ingl\u00e9s sir Peter Cook, cofundador de Archigram, que ofrecer\u00e1 una charla en el Teatro Principal de Donostia. Por su parte, el italiano Massimiliano Fuksas conversar\u00e1 en el Azkuna Zentroa de Bilbao el 31 de octubre, con Ram\u00f3n Prat, de la editorial Actar. <\/p>\n<p>Programa variado<\/p>\n<p class=\"v-p\">Adem\u00e1s de la exposici\u00f3n central, habr\u00e1 m\u00e1s muestra en otros escenarios. As\u00ed, Chillida Leku acoger\u00e1 &#8216;Limina &#8211; Cosmopolitan Chicken Project 30&#8217;, proyecto que se centra en la diversidad cultural y que invitar\u00e1 al p\u00fablico a salirse del recorrido expositivo habitual. En las marquesinas de Dbus se mostrar\u00e1n proyectos de arquitectura y urbanismo que no se llevaron a cabo en la ciudad a trav\u00e9s de &#8216;Ucron\u00edas de San Sebasti\u00e1n&#8217;, de Santos Brega\u00f1a, que incluye textos de Harkaitz Cano. Por su parte, en la antigua sede de bomberos de la calle Easo se podr\u00e1n ver los cinco proyectos premiados en el concurso p\u00fablico para dise\u00f1ar el espacio que dejar\u00e1 libre la estaci\u00f3n del topo de Easo. <\/p>\n<p class=\"v-p\">Una edici\u00f3n m\u00e1s, la arquietctura ef\u00edmera estar\u00e1 presente en la tres capitales vascas, con tres proyectos distintos. En el caso de San Sebasti\u00e1n, el 10 de octubre se inaugurar\u00e1 la propuesta &#8216;Levedad y denuncia: el bordado como utop\u00eda en femenino&#8217;, de Izaskun Chinchilla Architects en la explanada de Alderdi Eder, una intervenci\u00f3n que recupera el bordado como tradici\u00f3n asociada al cuidado y a la producci\u00f3n artesanal femenina.<\/p>\n<p class=\"v-p\">Adem\u00e1s de las conferencias y talleres programadas, tambi\u00e9n se ofrecer\u00e1 la instalaci\u00f3n inmersiva y performace que Edorta Subijana, Garazi Egiguren y J. Sasso llevar\u00e1n a la Iglesia Iesu de Donostia del 6 al 8 de noviembre a las 21.00 horas, inspiradas en el arquitecto radical Lebbeus Woods, donde la guerra, la destrucci\u00f3n y la reconstrucci\u00f3n est\u00e1n presentes. El formato elegido para clausurar este edici\u00f3n ser\u00e1 una reflexi\u00f3n sobre las bienales de arquitectura entendidas como plataformas para visibilizar discursos emergentes. <\/p>\n<p>Encuentro para la reflexi\u00f3n<\/p>\n<p class=\"v-p\">La comisaria de la bienal ha subrayado que Mugak \u00abconstituye un compromiso decidido de las instituciones p\u00fablicas por abrir y sostener espacios de pensamiento cr\u00edtico y de creaci\u00f3n colectiva que trascienden lo estrictamente disciplinar\u00bb, y ha a\u00f1adido que esta cita \u00abse convierte en un dispositivo cultural que promueve la reflexi\u00f3n, que desaf\u00eda inercias y que estimula la imaginaci\u00f3n compartida\u00bb.<\/p>\n<p class=\"v-p\">Por su parte, Miguel de los Toyos ha puesto en valor que la bienal crece en n\u00famero de asistentes en cada edici\u00f3n, manteniendo siempre \u00abel mestizaje entre la presencia de grandes figuras de la arquitectura y un punto de encuentro de referentes locales\u00bb. <\/p>\n","protected":false},"excerpt":{"rendered":"Bajo el lema &#8216;Castillos en el aire o, como construir la utopia de hoy&#8217;, la quinta edici\u00f3n de&hellip;\n","protected":false},"author":2,"featured_media":120327,"comment_status":"","ping_status":"","sticky":false,"template":"","format":"standard","meta":{"footnotes":""},"categories":[173],"tags":[801,229,233,231,230,232,234,1349,146,147,25,24,2848,8287,39756,30311,23,39757],"class_list":{"0":"post-120326","1":"post","2":"type-post","3":"status-publish","4":"format-standard","5":"has-post-thumbnail","7":"category-arte-y-diseno","8":"tag-arquitectura","9":"tag-arte","10":"tag-arte-y-diseno","11":"tag-arts","12":"tag-arts-and-design","13":"tag-design","14":"tag-diseno","15":"tag-donostia","16":"tag-entertainment","17":"tag-entretenimiento","18":"tag-es","19":"tag-espana","20":"tag-futuro","21":"tag-invita","22":"tag-mugak","23":"tag-pensar","24":"tag-spain","25":"tag-utopias"},"share_on_mastodon":{"url":"","error":""},"_links":{"self":[{"href":"https:\/\/www.europesays.com\/es\/wp-json\/wp\/v2\/posts\/120326","targetHints":{"allow":["GET"]}}],"collection":[{"href":"https:\/\/www.europesays.com\/es\/wp-json\/wp\/v2\/posts"}],"about":[{"href":"https:\/\/www.europesays.com\/es\/wp-json\/wp\/v2\/types\/post"}],"author":[{"embeddable":true,"href":"https:\/\/www.europesays.com\/es\/wp-json\/wp\/v2\/users\/2"}],"replies":[{"embeddable":true,"href":"https:\/\/www.europesays.com\/es\/wp-json\/wp\/v2\/comments?post=120326"}],"version-history":[{"count":0,"href":"https:\/\/www.europesays.com\/es\/wp-json\/wp\/v2\/posts\/120326\/revisions"}],"wp:featuredmedia":[{"embeddable":true,"href":"https:\/\/www.europesays.com\/es\/wp-json\/wp\/v2\/media\/120327"}],"wp:attachment":[{"href":"https:\/\/www.europesays.com\/es\/wp-json\/wp\/v2\/media?parent=120326"}],"wp:term":[{"taxonomy":"category","embeddable":true,"href":"https:\/\/www.europesays.com\/es\/wp-json\/wp\/v2\/categories?post=120326"},{"taxonomy":"post_tag","embeddable":true,"href":"https:\/\/www.europesays.com\/es\/wp-json\/wp\/v2\/tags?post=120326"}],"curies":[{"name":"wp","href":"https:\/\/api.w.org\/{rel}","templated":true}]}}