{"id":120336,"date":"2025-09-17T07:59:09","date_gmt":"2025-09-17T07:59:09","guid":{"rendered":"https:\/\/www.europesays.com\/es\/120336\/"},"modified":"2025-09-17T07:59:09","modified_gmt":"2025-09-17T07:59:09","slug":"hay-quienes-no-actualizan-a-ios-26-para-no-gastar-mas-bateria-pero-hay-un-nuevo-modo-de-ahorro-con-ia-que-lo-soluciona","status":"publish","type":"post","link":"https:\/\/www.europesays.com\/es\/120336\/","title":{"rendered":"Hay quienes no actualizan a iOS 26 para no gastar m\u00e1s bater\u00eda. Pero hay un nuevo modo de ahorro con IA que lo soluciona"},"content":{"rendered":"<p>Actualizar a <a class=\"text-outboundlink\" href=\"https:\/\/www.applesfera.com\/nuevo\/ios-19-informacion\" data-vars-post-title=\"Nuevo iOS 26: novedades, iPhone compatibles y toda la informaci\u00f3n sobre el cambio de era para el iPhone\" data-vars-post-url=\"https:\/\/www.applesfera.com\/nuevo\/ios-19-informacion\" rel=\"nofollow noopener\" target=\"_blank\">iOS 26<\/a> supone tener una menor autonom\u00eda en el iPhone. Al menos <strong>durante los primeros d\u00edas<\/strong>. De hecho, <a class=\"text-outboundlink\" href=\"https:\/\/www.applesfera.com\/ios\/has-notado-que-bateria-tu-iphone-vuela-ios-26-apple-confirma-que-temporal-esta-razon\" data-vars-post-title=\"\u00bfHas notado que la bater\u00eda de tu iPhone vuela con iOS 26? Apple confirma que es temporal y esta es la raz\u00f3n \" data-vars-post-url=\"https:\/\/www.applesfera.com\/ios\/has-notado-que-bateria-tu-iphone-vuela-ios-26-apple-confirma-que-temporal-esta-razon\" rel=\"nofollow noopener\" target=\"_blank\">lo confirma la mism\u00edsima Apple<\/a>. De ah\u00ed que tambi\u00e9n se haya lanzado <a class=\"text-outboundlink\" href=\"https:\/\/www.applesfera.com\/ios\/apple-lanza-ios-18-7-para-quien-no-quiera-pueda-actualizar-a-ios-26\" data-vars-post-title=\"Apple lanza iOS 18.7 para quien no quiera (o no pueda) actualizar a iOS 26\" data-vars-post-url=\"https:\/\/www.applesfera.com\/ios\/apple-lanza-ios-18-7-para-quien-no-quiera-pueda-actualizar-a-ios-26\" rel=\"nofollow noopener\" target=\"_blank\">iOS 18.7 para quien no quiera actualizar todav\u00eda<\/a> a la nueva versi\u00f3n. Sin embargo, todav\u00eda hay soluci\u00f3n si est\u00e1s en iOS 26.<\/p>\n<p>Apple ha lanzado un <strong>nuevo modo de ahorro de bater\u00eda inteligente<\/strong> aparte del cl\u00e1sico modo de bajo consumo que llevamos a\u00f1os teniendo. Se trata de una modalidad disponible en los ajustes y que, mediante IA, es capaz de gestionar todos los recursos para alargar la autonom\u00eda. \u00a1Y funciona!<\/p>\n<p>El nuevo modo de ahorro es algo exclusivo<\/p>\n<p>Lo primero que hay que decir es que <strong>este modo no est\u00e1 disponible en todos los iPhone<\/strong>, pese a que estos sean compatibles con iOS 26. Dado que se exige un procesador y memoria con capacidades para ejecutar procesos de inteligencia artificial, Apple lo limita a estos modelos (son los mismos compatibles con <a class=\"text-outboundlink\" href=\"https:\/\/www.applesfera.com\/nuevo\/apple-intelligence-informacion\" data-vars-post-title=\"Apple Intelligence: todo lo que puedes hacer con la IA de Apple y qu\u00e9 dispositivos son compatibles\" data-vars-post-url=\"https:\/\/www.applesfera.com\/nuevo\/apple-intelligence-informacion\" rel=\"nofollow noopener\" target=\"_blank\">Apple Intelligence<\/a>):<\/p>\n<ul>\n<li value=\"1\">iPhone 15 Pro.<\/li>\n<li value=\"2\">iPhone 15 Pro Max.<\/li>\n<li value=\"3\">iPhone 16.<\/li>\n<li value=\"4\">iPhone 16 Plus.<\/li>\n<li value=\"5\">iPhone 16 Pro.<\/li>\n<li value=\"6\">iPhone 16 Pro Max.<\/li>\n<li value=\"7\">iPhone 16e.<\/li>\n<li value=\"8\">iPhone 17 (vendr\u00e1 activado por defecto).<\/li>\n<li value=\"9\">iPhone Air (vendr\u00e1 activado por defecto).<\/li>\n<li value=\"10\">iPhone 17 Pro (vendr\u00e1 activado por defecto).<\/li>\n<li value=\"11\">iPhone 17 Pro Max (vendr\u00e1 activado por defecto).<\/li>\n<\/ul>\n<p>    <a href=\"https:\/\/www.applesfera.com\/trucos\/no-te-gusta-diseno-liquid-glass-ios-26-hay-solucion-simple-boton-que-se-activa-10-segundos\" class=\"pivot-outboundlink\" data-vars-post-title=\"Si no te gusta el dise\u00f1o Liquid Glass de iOS 26, hay una soluci\u00f3n. Y es un simple bot\u00f3n que se activa en menos de 10 segundos \" rel=\"nofollow noopener\" target=\"_blank\"><br \/>\n     <img loading=\"lazy\" decoding=\"async\" alt=\"Si no te gusta el dise\u00f1o Liquid Glass de iOS 26, hay una soluci\u00f3n. Y es un simple bot\u00f3n que se activa en menos de 10 segundos \" width=\"375\" height=\"142\" src=\"https:\/\/i.blogs.es\/1723c5\/liquid-glass\/375_142.webp\" onerror=\"this.src=\" https:=\"\"\/><br \/>\n    <\/a><\/p>\n<p>C\u00f3mo se activa y en qu\u00e9 se diferencia del cl\u00e1sico modo de bajo consumo<\/p>\n<p>                   <img class=\"centro_sinmarco\" height=\"900\" width=\"1350\" loading=\"lazy\" decoding=\"async\"  fetchpriority=\"high\"  src=\"https:\/\/i.blogs.es\/fea3b0\/consumo-adaptativo\/450_1000.webp\" alt=\"Consumo Adaptativo\" onerror=\"this.src=\" https:=\"\" false=\"\"\/><\/p>\n<p>Si tienes uno de los citados iPhone, salvo que sea uno de los nuevos en los que ya est\u00e1 activado por defecto, el \u00fanico paso que debes seguir es el de acudir a <strong>Ajustes <\/strong><strong>&gt; <\/strong><strong>Bater\u00eda <\/strong><strong>&gt; <\/strong><strong>Modo de consumo<\/strong><strong> <\/strong>y all\u00ed activar la pesta\u00f1a de<strong> <\/strong><strong>Consumo adaptativo<\/strong>.<\/p>\n<p>Lo que har\u00e1 este modo es <strong>analizar tus patrones de uso <\/strong>y, en los momentos en los que est\u00e9s consumiendo m\u00e1s bater\u00eda de lo normal, proceder\u00e1 a realizar ciertos ajustes en segundo plano sin que te des cuenta. Todo ello con el fin de que la autonom\u00eda del dispositivo se alargue lo m\u00e1ximo posible.<\/p>\n<p>Por ejemplo, podr\u00eda cerrar ciertas apps que est\u00e9n abiertas en segundo plano, bajar el brillo de la pantalla o priorizar la conexi\u00f3n a redes de datos m\u00f3viles 4G en lugar de 5G. Todo ello <strong>puede afectar al rendimiento habitual <\/strong>del iPhone en tanto en cuanto algunas apps podr\u00edan tardar m\u00e1s en abrir. Sin embargo, llevamos <a class=\"text-outboundlink\" href=\"https:\/\/www.applesfera.com\/ios\/bateria-tu-iphone-durara-ios-26-he-encontrado-ajustes-funcion-que-apple-no-ha-anunciado-keynote\" data-vars-post-title=\"La bater\u00eda de tu iPhone durar\u00e1 m\u00e1s con iOS 26. He encontrado en Ajustes una funci\u00f3n que Apple no ha anunciado en la Keynote \" data-vars-post-url=\"https:\/\/www.applesfera.com\/ios\/bateria-tu-iphone-durara-ios-26-he-encontrado-ajustes-funcion-que-apple-no-ha-anunciado-keynote\" rel=\"nofollow noopener\" target=\"_blank\">prob\u00e1ndolo desde que apareci\u00f3 en las betas<\/a> y podemos dar fe de que compensa.<\/p>\n<p>    <a href=\"https:\/\/www.applesfera.com\/aplicaciones-ios\/vista-previa-mis-novedades-favoritas-ios-26-cinco-maneras-que-le-saco-partido\" class=\"pivot-outboundlink\" data-vars-post-title=\"Vista Previa es una de mis novedades favoritas de iOS 26: cinco maneras en las que le saco partido \" rel=\"nofollow noopener\" target=\"_blank\"><br \/>\n     <img loading=\"lazy\" decoding=\"async\" alt=\"Vista Previa es una de mis novedades favoritas de iOS 26: cinco maneras en las que le saco partido \" width=\"375\" height=\"142\" src=\"https:\/\/i.blogs.es\/fea322\/vista-previa\/375_142.webp\" onerror=\"this.src=\" https:=\"\"\/><br \/>\n    <\/a><\/p>\n<p><strong>Su diferencia con el llamado <\/strong><strong>Modo de bajo consumo<\/strong><strong> <\/strong>es que no siempre act\u00faa igual, ni de forma constante. Es decir, que puede que en una ocasi\u00f3n te paralice las conexiones 5G, pero te mantenga el brillo alto, pero en otras te reduzca ambos o ninguno. De hecho, si el consumo de por s\u00ed no est\u00e1 siendo elevado, puede que no reduzca nada.<\/p>\n<p>Por su parte, <strong>el modo de ahorro cl\u00e1sico s\u00ed mantiene siempre las mismas restricciones<\/strong>. Entre las que m\u00e1s destacan est\u00e1 la reducci\u00f3n del refresco de la pantalla pasando de 120 Hz a 60 Hz, la imposibilidad de recibir notificaciones push o el pausado de sincronizaci\u00f3n de fotos en iCloud.<\/p>\n<p>El modo de ahorro cl\u00e1sico sigue disponible y de hecho puede ser activado autom\u00e1ticamente mediante el nuevo<\/p>\n<p>Cabe destacar que precisamente el modo de bajo consumo es uno de los ajustes que tambi\u00e9n puede activar el de consumo adaptativo cuando el nivel de bater\u00eda sea inferior al 20%.\u00a0<\/p>\n<p>Por tanto, si nos preguntas <strong>cu\u00e1l de los dos merece m\u00e1s la pena<\/strong>, nuestra respuesta es clara: el modo adaptativo. Si el consumo no es alto te seguir\u00e1 manteniendo siempre el rendimiento m\u00e1ximo del iPhone y sabr\u00e1 c\u00f3mo actuar cuando se requiera. Eso s\u00ed, no es milagroso, as\u00ed que en caso de necesitarlo por pasar muchas horas lejos de un enchufe, el consejo sigue siendo el de llevar una buena powerbank.<\/p>\n<p>En Applesfera | <a class=\"text-outboundlink\" href=\"https:\/\/www.applesfera.com\/tutoriales\/ladron-bateria-escondido-tu-iphone-25-cosas-que-dilapidan-su-autonomia\" data-vars-post-title=\"El ladr\u00f3n de bater\u00eda escondido en tu iPhone: 25 cosas que dilapidan su autonom\u00eda\" data-vars-post-url=\"https:\/\/www.applesfera.com\/tutoriales\/ladron-bateria-escondido-tu-iphone-25-cosas-que-dilapidan-su-autonomia\" rel=\"nofollow noopener\" target=\"_blank\">El ladr\u00f3n de bater\u00eda escondido en tu iPhone: 25 cosas que dilapidan su autonom\u00eda<\/a><\/p>\n<p>En Applesfera | <a class=\"text-outboundlink\" href=\"https:\/\/www.applesfera.com\/nuevo\/ios-27-informacion\" data-vars-post-title=\"Nuevo iOS 27 - todo lo que creemos saber sobre el futuro sistema operativo para el iPhone\" data-vars-post-url=\"https:\/\/www.applesfera.com\/nuevo\/ios-27-informacion\" rel=\"nofollow noopener\" target=\"_blank\">Nuevo iOS 27 &#8211; todo lo que creemos saber sobre el futuro sistema operativo para el iPhone<\/a><\/p>\n","protected":false},"excerpt":{"rendered":"Actualizar a iOS 26 supone tener una menor autonom\u00eda en el iPhone. Al menos durante los primeros d\u00edas.&hellip;\n","protected":false},"author":2,"featured_media":120337,"comment_status":"","ping_status":"","sticky":false,"template":"","format":"standard","meta":{"footnotes":""},"categories":[81],"tags":[119,123,124,25,24,117,121,122,23,118,120],"class_list":{"0":"post-120336","1":"post","2":"type-post","3":"status-publish","4":"format-standard","5":"has-post-thumbnail","7":"category-ciencia-y-tecnologia","8":"tag-ciencia","9":"tag-ciencia-y-tecnologia","10":"tag-cienciaytecnologia","11":"tag-es","12":"tag-espana","13":"tag-science","14":"tag-science-and-technology","15":"tag-scienceandtechnology","16":"tag-spain","17":"tag-technology","18":"tag-tecnologia"},"share_on_mastodon":{"url":"","error":""},"_links":{"self":[{"href":"https:\/\/www.europesays.com\/es\/wp-json\/wp\/v2\/posts\/120336","targetHints":{"allow":["GET"]}}],"collection":[{"href":"https:\/\/www.europesays.com\/es\/wp-json\/wp\/v2\/posts"}],"about":[{"href":"https:\/\/www.europesays.com\/es\/wp-json\/wp\/v2\/types\/post"}],"author":[{"embeddable":true,"href":"https:\/\/www.europesays.com\/es\/wp-json\/wp\/v2\/users\/2"}],"replies":[{"embeddable":true,"href":"https:\/\/www.europesays.com\/es\/wp-json\/wp\/v2\/comments?post=120336"}],"version-history":[{"count":0,"href":"https:\/\/www.europesays.com\/es\/wp-json\/wp\/v2\/posts\/120336\/revisions"}],"wp:featuredmedia":[{"embeddable":true,"href":"https:\/\/www.europesays.com\/es\/wp-json\/wp\/v2\/media\/120337"}],"wp:attachment":[{"href":"https:\/\/www.europesays.com\/es\/wp-json\/wp\/v2\/media?parent=120336"}],"wp:term":[{"taxonomy":"category","embeddable":true,"href":"https:\/\/www.europesays.com\/es\/wp-json\/wp\/v2\/categories?post=120336"},{"taxonomy":"post_tag","embeddable":true,"href":"https:\/\/www.europesays.com\/es\/wp-json\/wp\/v2\/tags?post=120336"}],"curies":[{"name":"wp","href":"https:\/\/api.w.org\/{rel}","templated":true}]}}