{"id":120338,"date":"2025-09-17T08:00:08","date_gmt":"2025-09-17T08:00:08","guid":{"rendered":"https:\/\/www.europesays.com\/es\/120338\/"},"modified":"2025-09-17T08:00:08","modified_gmt":"2025-09-17T08:00:08","slug":"el-ibex-se-mueve-en-lateral-mientras-las-bolsas-cuentan-las-horas-para-el-veredicto-de-la-fed","status":"publish","type":"post","link":"https:\/\/www.europesays.com\/es\/120338\/","title":{"rendered":"El IBEX se mueve en lateral mientras las bolsas cuentan las horas para el veredicto de la Fed"},"content":{"rendered":"\n<p class=\"yf-1090901\">17 sep (Reuters) &#8211; El \u00edndice burs\u00e1til espa\u00f1ol IBEX 35 iniciaba la sesi\u00f3n del mi\u00e9rcoles con un ligero avance, aunque el sentimiento predominante era la cautela mientras los mercados financieros aguardan el desenlace de la reuni\u00f3n de la Reserva Federal (Fed).<\/p>\n<p class=\"yf-1090901\">Con los parqu\u00e9s europeos ya cerrados, la Fed anunciar\u00e1 previsiblemente una rebaja de 25 puntos b\u00e1sicos (pb) en los tipos de inter\u00e9s de referencia. M\u00e1s all\u00e1 de la decisi\u00f3n del mi\u00e9rcoles, la atenci\u00f3n se centrar\u00e1 en los comentarios del presidente del banco central, Jerome Powell, sobre la hoja de ruta monetaria.<\/p>\n<p class=\"yf-1090901\">El \u00abdot plot\u00bb \u2014un gr\u00e1fico que refleja las proyecciones sobre tipos de los gobernadores de la Fed\u2014 podr\u00eda revelar una inclinaci\u00f3n hacia m\u00e1s rebajas en el coste de los pr\u00e9stamos en los pr\u00f3ximos meses, en un contexto de creciente debate sobre la independencia de la instituci\u00f3n frente a las presiones pol\u00edticas.<\/p>\n<p class=\"yf-1090901\">\u00abLa cuesti\u00f3n clave no es tanto qu\u00e9 har\u00e1 hoy la Fed, sino hasta d\u00f3nde llegar\u00e1 bajando tipos en 2026, sobre todo a partir de mayo cuando Powell dejar\u00e1 de ser gobernador para ser reemplazado por alguien m\u00e1s af\u00edn a Trump (\u2026)\u00bb, dijeron analistas de Bankinter.<\/p>\n<p class=\"yf-1090901\">\u00ab(&#8230;) el mercado descuenta -150pb acumulados para Dic.2026, adem\u00e1s del recorte de hoy, y eso significa llegar hasta 2,50%\/2,75%&#8230; que parece excesivo considerando que la inflaci\u00f3n parece anclarse en el entorno del 3%. Que se cumpla o no esta expectativa depender\u00e1 de la pol\u00edtica y no del criterio t\u00e9cnico\u00bb, a\u00f1adieron estos analistas en su canal de Telegram.<\/p>\n<p class=\"yf-1090901\">Seg\u00fan los futuros de tipos en la herramienta IRPR de LSEG, se esperan rebajas de hasta 68 pb en lo que queda de a\u00f1o y 148 pb para finales de 2026.<\/p>\n<p class=\"yf-1090901\">Estas perspectivas castigaban al d\u00f3lar , lo que a su vez ha llevado al d\u00f3lar a nuevos m\u00e1ximos hist\u00f3ricos, por la correlaci\u00f3n negativa entre los dos activos.<\/p>\n<p class=\"yf-1090901\">\u00ab(&#8230;) su apreciaci\u00f3n es resultado l\u00f3gico y directo de la depreciaci\u00f3n del USD (correlaci\u00f3n inversa cl\u00e1sica), temor a una inflaci\u00f3n futura superior (hoy en +2,9% la americana), tipos de inter\u00e9s inferiores (Fed, no BCE) e irresponsabilidad fiscal generalizada por parte de todos los gobiernos, especialmente el americano\u2026 entre los factores principales\u00bb, se\u00f1alaron en Bankinter.<\/p>\n<p class=\"yf-1090901\">La cita de la Fed eclipsaba otras referencias que se dar\u00e1n a conocer durante la jornada, como el \u00edndice de precios al consumo final de agosto en la eurozona (0900 GMT) y la decisi\u00f3n del Banco de Canad\u00e1, del que se espera un recorte los tipos para mitigar el debilitamiento del mercado laboral y las fricciones comerciales.<\/p>\n<p class=\"yf-1090901\">Tras dejarse un 1,5% en la v\u00edspera, en un contexto de recogida de beneficios, a las 0715 GMT del mi\u00e9rcoles, el selectivo burs\u00e1til espa\u00f1ol IBEX 35 sub\u00eda 28,90 puntos, un 0,19%, hasta 15.192,20 puntos, mientras que el \u00edndice de grandes valores europeos FTSE Eurofirst 300 avanzaba un 0,09%.<\/p>\n<p> Story Continues  <\/p>\n<p class=\"yf-1090901\">En el sector bancario, Santander sub\u00eda un 0,06%, BBVA se anotaba un 0,06%, Caixabank avanzaba un 0,12%, Sabadell ca\u00eda un 0,71%, Bankinter se revalorizaba un 0,35% y Unicaja Banco sub\u00eda un 0,25%.<\/p>\n<p class=\"yf-1090901\">Entre los grandes valores no financieros, Telef\u00f3nica retroced\u00eda un 0,24%, Inditex avanzaba un 1,54%, Iberdrola se dejaba un 0,26%, Cellnex ca\u00eda un 0,27% y la petrolera Repsol perd\u00eda un 0,71%.<\/p>\n<p class=\"yf-1090901\">Indra protagonizaba la mayor subida del IBEX 35, con un alza del 1,57%\u200b\u200b, tras iniciar Berenberg la cobertura de la empresa con una recomendaci\u00f3n de \u00abcomprar\u00bb ante el potencial de crecimiento de su negocio de defensa.<\/p>\n<p class=\"yf-1090901\">(Informaci\u00f3n de Tom\u00e1s Cobos e Irene Mart\u00ednez; edici\u00f3n de Mar\u00eda Bayarri C\u00e1rdenas)<\/p>\n","protected":false},"excerpt":{"rendered":"17 sep (Reuters) &#8211; El \u00edndice burs\u00e1til espa\u00f1ol IBEX 35 iniciaba la sesi\u00f3n del mi\u00e9rcoles con un ligero&hellip;\n","protected":false},"author":2,"featured_media":120339,"comment_status":"","ping_status":"","sticky":false,"template":"","format":"standard","meta":{"footnotes":""},"categories":[80],"tags":[82,95,94,25,24,939,5222,37163,1845,23,6407],"class_list":{"0":"post-120338","1":"post","2":"type-post","3":"status-publish","4":"format-standard","5":"has-post-thumbnail","7":"category-economia","8":"tag-business","9":"tag-economia","10":"tag-economy","11":"tag-es","12":"tag-espana","13":"tag-fed","14":"tag-ibex","15":"tag-indice-de-precios-al-consumo","16":"tag-jerome-powell","17":"tag-spain","18":"tag-tipos-de-interes"},"share_on_mastodon":{"url":"","error":""},"_links":{"self":[{"href":"https:\/\/www.europesays.com\/es\/wp-json\/wp\/v2\/posts\/120338","targetHints":{"allow":["GET"]}}],"collection":[{"href":"https:\/\/www.europesays.com\/es\/wp-json\/wp\/v2\/posts"}],"about":[{"href":"https:\/\/www.europesays.com\/es\/wp-json\/wp\/v2\/types\/post"}],"author":[{"embeddable":true,"href":"https:\/\/www.europesays.com\/es\/wp-json\/wp\/v2\/users\/2"}],"replies":[{"embeddable":true,"href":"https:\/\/www.europesays.com\/es\/wp-json\/wp\/v2\/comments?post=120338"}],"version-history":[{"count":0,"href":"https:\/\/www.europesays.com\/es\/wp-json\/wp\/v2\/posts\/120338\/revisions"}],"wp:featuredmedia":[{"embeddable":true,"href":"https:\/\/www.europesays.com\/es\/wp-json\/wp\/v2\/media\/120339"}],"wp:attachment":[{"href":"https:\/\/www.europesays.com\/es\/wp-json\/wp\/v2\/media?parent=120338"}],"wp:term":[{"taxonomy":"category","embeddable":true,"href":"https:\/\/www.europesays.com\/es\/wp-json\/wp\/v2\/categories?post=120338"},{"taxonomy":"post_tag","embeddable":true,"href":"https:\/\/www.europesays.com\/es\/wp-json\/wp\/v2\/tags?post=120338"}],"curies":[{"name":"wp","href":"https:\/\/api.w.org\/{rel}","templated":true}]}}