{"id":120346,"date":"2025-09-17T08:04:08","date_gmt":"2025-09-17T08:04:08","guid":{"rendered":"https:\/\/www.europesays.com\/es\/120346\/"},"modified":"2025-09-17T08:04:08","modified_gmt":"2025-09-17T08:04:08","slug":"quien-no-nos-haya-visto-se-encontrara-un-equipo-con-garra-y-atractivo-de-ver","status":"publish","type":"post","link":"https:\/\/www.europesays.com\/es\/120346\/","title":{"rendered":"\u00abQuien no nos haya visto se encontrar\u00e1 un equipo con garra y atractivo de ver\u00bb"},"content":{"rendered":"<p>Posiblemente la parcela que m\u00e1s ha reforzado el Ciudad de Logro\u00f1o es la porter\u00eda. La llegada del asturiano Marcos Cancio (Gij\u00f3n, 10 de mayo del  &#8230; 2000) ha hecho mucho m\u00e1s fuerte al equipo franjivino, que hasta ahora solo pod\u00eda encomendarse a Xoan Ledo. As\u00ed lo demostr\u00f3 este guardameta que lleg\u00f3 despu\u00e9s de militar siete temporadas en el Anaitasuna con sus catorce intervenciones ante el Guadalajara, con un 41,2% de efectividad bajo palos. <\/p>\n<p class=\"v-p\"><strong>&#8211; Lo suyo ha sido llegar y besar el santo.<\/strong><\/p>\n<p class=\"v-p\">&#8211; S\u00ed, la verdad, s\u00ed. No hay mejor forma de empezar y encima con los dos puntos, que es lo importante. <\/p>\n<p class=\"v-p\"><strong>&#8211; Un partido complicado que se resolvi\u00f3 en los minutos finales.<\/strong><\/p>\n<p class=\"v-p\">&#8211; S\u00ed, as\u00ed es el Guadalajara. Parece que te puedes despegar en el marcador pero continuamente est\u00e1 ah\u00ed, siempre te compite hasta el final del partido. <\/p>\n<p class=\"v-p\"><strong>&#8211; \u00bfCu\u00e1l fue la clave?<\/strong><\/p>\n<p class=\"v-p\">&#8211; Creo que el descanso. Salimos a la segunda parte con las pilas cargadas, sabiendo lo que ten\u00edamos que hacer, corrigiendo lo que est\u00e1bamos haciendo mal en la primera parte. Eso fue lo que diferenci\u00f3 el partido.<\/p>\n<p class=\"v-p\"><strong>&#8211; \u00bfQu\u00e9 grupo se ha encontrado aqu\u00ed? Cierto es que son ocho los &#8216;nuevos&#8217;&#8230;<\/strong><\/p>\n<p class=\"v-p\">&#8211; S\u00ed, al final somos muchos nuevos, pero los que ya estaban en Logro\u00f1o tienen un grupo muy unido y eso se agradece una vez que llegas a un sitio nuevo, que te traten como nos est\u00e1n tratando aqu\u00ed.<\/p>\n<p class=\"v-p\"><strong>&#8211; Tambi\u00e9n es m\u00e1s f\u00e1cil llegar junto a Aitor Garc\u00eda, \u00bfno?<\/strong><\/p>\n<p class=\"v-p\">&#8211; S\u00ed, es m\u00e1s f\u00e1cil. Nos conocemos desde hace muchos a\u00f1os, jugamos juntos y es un poquito m\u00e1s f\u00e1cil cambiar de equipo. <\/p>\n<p class=\"v-p\"><strong>&#8211; Con Xoan Ledo se le ve trabajar a gusto. \u00bfEs as\u00ed?<\/strong><\/p>\n<p class=\"v-p\">&#8211; S\u00ed, al final, obviamente, como todos queremos jugar, pero aqu\u00ed lo importante es el equipo, que salgan los resultados y si un d\u00eda no estoy bien y \u00e9l lo hace bien, pues perfecto. Y viceversa. <\/p>\n<p class=\"v-p\"><strong>&#8211; Para quien no haya podido venir el s\u00e1bado, \u00bfqu\u00e9 equipo se va a encontrar al venir al Palacio?<\/strong><\/p>\n<p class=\"v-p\">&#8211; Creo que se va a encontrar un equipo que corre, un equipo atractivo para ver y que tiene mucha garra. <\/p>\n<p class=\"v-p\"><strong>&#8211; \u00bfQu\u00e9 objetivos colectivos y personales se marcar para esta temporada?<\/strong><\/p>\n<p class=\"v-p\">&#8211; Colectivos, creo que con el partido que nos viene este domingo (Torrelavega) no hay nada m\u00e1s importante que pensar en \u00e9l. Y personales, seguir creciendo como llevo haciendo estos a\u00f1os e ir asent\u00e1ndome en la Liga. <\/p>\n<p class=\"v-p\"><strong>&#8211; \u00bfQu\u00e9 Torrelavega esperan?<\/strong><\/p>\n<p class=\"v-p\">&#8211; Un Torrelavega que ah\u00ed, en el Trueba, siempre aprieta much\u00edsimo y con la buena temporada que hicieron el a\u00f1o pasado seguro est\u00e1n a tope. En su campo andan siempre muy enchufados y es uno de los equipos que luchar\u00e1 en la zona alta.<\/p>\n","protected":false},"excerpt":{"rendered":"Posiblemente la parcela que m\u00e1s ha reforzado el Ciudad de Logro\u00f1o es la porter\u00eda. La llegada del asturiano&hellip;\n","protected":false},"author":2,"featured_media":120347,"comment_status":"","ping_status":"","sticky":false,"template":"","format":"standard","meta":{"footnotes":""},"categories":[278],"tags":[2762,376,168,9775,622,25,24,28522,375,23,167,809,8922],"class_list":{"0":"post-120346","1":"post","2":"type-post","3":"status-publish","4":"format-standard","5":"has-post-thumbnail","7":"category-balonmano","8":"tag-atractivo","9":"tag-balonmano","10":"tag-deportes","11":"tag-encontrara","12":"tag-equipo","13":"tag-es","14":"tag-espana","15":"tag-garra","16":"tag-handball","17":"tag-spain","18":"tag-sports","19":"tag-ver","20":"tag-visto"},"share_on_mastodon":{"url":"","error":""},"_links":{"self":[{"href":"https:\/\/www.europesays.com\/es\/wp-json\/wp\/v2\/posts\/120346","targetHints":{"allow":["GET"]}}],"collection":[{"href":"https:\/\/www.europesays.com\/es\/wp-json\/wp\/v2\/posts"}],"about":[{"href":"https:\/\/www.europesays.com\/es\/wp-json\/wp\/v2\/types\/post"}],"author":[{"embeddable":true,"href":"https:\/\/www.europesays.com\/es\/wp-json\/wp\/v2\/users\/2"}],"replies":[{"embeddable":true,"href":"https:\/\/www.europesays.com\/es\/wp-json\/wp\/v2\/comments?post=120346"}],"version-history":[{"count":0,"href":"https:\/\/www.europesays.com\/es\/wp-json\/wp\/v2\/posts\/120346\/revisions"}],"wp:featuredmedia":[{"embeddable":true,"href":"https:\/\/www.europesays.com\/es\/wp-json\/wp\/v2\/media\/120347"}],"wp:attachment":[{"href":"https:\/\/www.europesays.com\/es\/wp-json\/wp\/v2\/media?parent=120346"}],"wp:term":[{"taxonomy":"category","embeddable":true,"href":"https:\/\/www.europesays.com\/es\/wp-json\/wp\/v2\/categories?post=120346"},{"taxonomy":"post_tag","embeddable":true,"href":"https:\/\/www.europesays.com\/es\/wp-json\/wp\/v2\/tags?post=120346"}],"curies":[{"name":"wp","href":"https:\/\/api.w.org\/{rel}","templated":true}]}}