{"id":120348,"date":"2025-09-17T08:05:13","date_gmt":"2025-09-17T08:05:13","guid":{"rendered":"https:\/\/www.europesays.com\/es\/120348\/"},"modified":"2025-09-17T08:05:13","modified_gmt":"2025-09-17T08:05:13","slug":"los-jandillas-fueron-menos-de-lo-esperado","status":"publish","type":"post","link":"https:\/\/www.europesays.com\/es\/120348\/","title":{"rendered":"Los Jandillas fueron menos de lo esperado"},"content":{"rendered":"<p>La ganader\u00eda de Jandilla siempre ha sido de las preferidas por las figuras del toreo, por su docilidad y en muchas ocasiones por su bravura, pero la de ayer, no fue brava y docilidad tuvo siempre y cuando no se le intentase someter por abajo, pues se volv\u00edan protestones y dif\u00edciles de torear. Una corrida que, siguiendo la t\u00f3nica general de esta feria, salvo excepciones, no tuvo ninguna gracia, y los toreros le cortaron dos orejitas solitarias porque pusieron voluntad, pero poco m\u00e1s y adem\u00e1s, el p\u00fablico de nuestra plaza est\u00e1 en un tono amable que da que pensar. No se trata de ser m\u00e1s papistas que el papa, pero hay que tener el conocimiento justo para disfrutar y a la vez saber lo que est\u00e1 pasando en el ruedo.<\/p>\n<p>Las cuadrillas, estuvieron en una t\u00f3nica buena en general, como viene siendo habitual en esta y casi todas las ferias. Siempre hablamos de la gran preparaci\u00f3n de picadores y banderilleros y, salvo raras excepciones, se les est\u00e1 dando una lidia impecable, se les est\u00e1 picando con mesura, pero sin dejarlos crudos, bien cogidos y con las cuerdas metidas antes de que ofrezcan dificultades, por lo que lo que ocurra despu\u00e9s, ya no es debido a una mala lidia, sino a las condiciones innatas de los animales. Mal a\u00f1o para los toros de lidia, pero siempre tendremos la esperanza de que el \u00faltimo d\u00eda los Victorinos nos dejen un sabor de boca dulce para recordar algo bueno el resto del a\u00f1o.<\/p>\n<p>Ayer los picadores fueron breves y efectivos. Javier Garc\u00eda le meti\u00f3 las cuerdas r\u00e1pido al primero, y de propina se llev\u00f3 un picotazo del de la puerta, por \u00abgolismero\u00bb, pues no ten\u00eda nada que hacer all\u00ed. Jos\u00e9 Antonio Barroso lo agarr\u00f3 muy bien al tercero, que se le vino de lejos, cogi\u00e9ndolo a la primera y aguantando la embestida abajo de Velador, mientras que Jos\u00e9 Manuel Garc\u00eda midi\u00f3 al cuarto con un breve puyacito. El quinto quer\u00eda quitarse el palo cuando lo sinti\u00f3, pero para entonces, Juan Bernal ya le hab\u00eda metido las cuerdas y se fue con su puyazo y Rub\u00e9n S\u00e1nchez cogi\u00f3 muy bien al sexto que empuj\u00f3 abajo. Tampoco necesit\u00f3 la corrida de ayer mucho m\u00e1s castigo en varas y lejos quedan aquellas peleas en varas de toros con empuje y encastados, que necesitaban un gran puyazo largo, aunque tambi\u00e9n hay que decir que hace 20 o 30 a\u00f1os, ni los picadores ten\u00edan esta pericia ni los caballos estaban tan bien domados. Buenas lidias de Caricol al primero, Abraham Neiro al segundo, Sergio Blasco al tercero, Juan Manuel P\u00e9rez al cuarto, Morenito de Arles al quinto y revuelta al sexto, todos con suavidad y pocos capotazos. En banderillas, destacar a Fernando S\u00e1nchez en los dos toros de Rufo, que salud\u00f3 con Revuelta tras el tercero, tres buenos pares de Juan Manuel P\u00e9rez y Arruga en el primero, quien junto con Caricor brillaron en el cuarto, al igual que Neiro en el quinto y Sergio Blasco con Fernando S\u00e1nchez en el que cerr\u00f3 plaza.<\/p>\n","protected":false},"excerpt":{"rendered":"La ganader\u00eda de Jandilla siempre ha sido de las preferidas por las figuras del toreo, por su docilidad&hellip;\n","protected":false},"author":2,"featured_media":120349,"comment_status":"","ping_status":"","sticky":false,"template":"","format":"standard","meta":{"footnotes":""},"categories":[277],"tags":[373,24295,168,25,24,1949,15183,36851,23,167,625,374,444],"class_list":{"0":"post-120348","1":"post","2":"type-post","3":"status-publish","4":"format-standard","5":"has-post-thumbnail","7":"category-toreo","8":"tag-bullfighting","9":"tag-cuadrillas","10":"tag-deportes","11":"tag-es","12":"tag-espana","13":"tag-ganaderia","14":"tag-javier-garcia","15":"tag-ruben-sanchez","16":"tag-spain","17":"tag-sports","18":"tag-tauromaquia","19":"tag-toreo","20":"tag-toros"},"share_on_mastodon":{"url":"","error":""},"_links":{"self":[{"href":"https:\/\/www.europesays.com\/es\/wp-json\/wp\/v2\/posts\/120348","targetHints":{"allow":["GET"]}}],"collection":[{"href":"https:\/\/www.europesays.com\/es\/wp-json\/wp\/v2\/posts"}],"about":[{"href":"https:\/\/www.europesays.com\/es\/wp-json\/wp\/v2\/types\/post"}],"author":[{"embeddable":true,"href":"https:\/\/www.europesays.com\/es\/wp-json\/wp\/v2\/users\/2"}],"replies":[{"embeddable":true,"href":"https:\/\/www.europesays.com\/es\/wp-json\/wp\/v2\/comments?post=120348"}],"version-history":[{"count":0,"href":"https:\/\/www.europesays.com\/es\/wp-json\/wp\/v2\/posts\/120348\/revisions"}],"wp:featuredmedia":[{"embeddable":true,"href":"https:\/\/www.europesays.com\/es\/wp-json\/wp\/v2\/media\/120349"}],"wp:attachment":[{"href":"https:\/\/www.europesays.com\/es\/wp-json\/wp\/v2\/media?parent=120348"}],"wp:term":[{"taxonomy":"category","embeddable":true,"href":"https:\/\/www.europesays.com\/es\/wp-json\/wp\/v2\/categories?post=120348"},{"taxonomy":"post_tag","embeddable":true,"href":"https:\/\/www.europesays.com\/es\/wp-json\/wp\/v2\/tags?post=120348"}],"curies":[{"name":"wp","href":"https:\/\/api.w.org\/{rel}","templated":true}]}}