{"id":12035,"date":"2025-07-29T16:35:08","date_gmt":"2025-07-29T16:35:08","guid":{"rendered":"https:\/\/www.europesays.com\/es\/12035\/"},"modified":"2025-07-29T16:35:08","modified_gmt":"2025-07-29T16:35:08","slug":"el-grec-2025-refuerza-el-trabajo-en-red-y-consolida-las-coproducciones-info-barcelona","status":"publish","type":"post","link":"https:\/\/www.europesays.com\/es\/12035\/","title":{"rendered":"El Grec 2025 refuerza el trabajo en red y consolida las coproducciones | Info Barcelona"},"content":{"rendered":"<p>Un mes despu\u00e9s de empezar con el espect\u00e1culo Le Petit Cirque, el 26 de junio, el Grec cierra la edici\u00f3n de este a\u00f1o con un balance que constata <strong>una alta ocupaci\u00f3n, el fortalecimiento de los mecanismos de trabajo en red<\/strong>, tanto locales como internacionales, y la consolidaci\u00f3n de las <strong>coproducciones como uno de los grandes motores del festival<\/strong>.<\/p>\n<p>Se calcula que, durante el Grec 2025, los recintos gestionados directamente por el festival (buena parte de estos en Montju\u00efc) han alcanzado una <strong>ocupaci\u00f3n del 92\u00a0% y el resto de equipamientos, del 68 %<\/strong>. En esta edici\u00f3n, se ha mostrado como un festival vivo, descentralizado y estrechamente vinculado al contexto cultural, y se han reforzado los v\u00ednculos con instituciones culturales de la ciudad, estatales e internacionales, al tiempo que ha incorporado otras nuevas, entre las que se encuentran la Fundaci\u00f3n SGAE, <a href=\"https:\/\/ajuntament.barcelona.cat\/lavirreina\/es\" rel=\"nofollow noopener\" target=\"_blank\">la Virreina Centro de la Imagen<\/a>, el <a href=\"https:\/\/dafilmfestival.com\/\" target=\"_blank\" rel=\"noopener nofollow\">Festival D\u2019A<\/a> y el <a href=\"https:\/\/ajuntament.barcelona.cat\/lavirreina\/es\" rel=\"nofollow noopener\" target=\"_blank\">Centro Danza Matadero<\/a>.<\/p>\n<p>Las <strong>coproducciones<\/strong>, muy a menudo vistas en espacios emblem\u00e1ticos, han sido otro de los ejes de un festival que se consolida como motor para la creaci\u00f3n en la escena contempor\u00e1nea, y que pone especial atenci\u00f3n en el apoyo a la creaci\u00f3n local con el objetivo de buscar nuevos formatos y espacios de actuaci\u00f3n. En este sentido, se ha trabajado de forma estrecha con las <a href=\"https:\/\/ajuntament.barcelona.cat\/fabriquescreacio\/es\" rel=\"nofollow noopener\" target=\"_blank\">F\u00e1bricas de Creaci\u00f3n de la ciudad<\/a>, c\u00f3mplices en algunos de los proyectos vistos este a\u00f1o.<\/p>\n<p>La edici\u00f3n de 2025 ha vuelto a tener como centro el Teatre Grec, donde se han visto grandes espect\u00e1culos como las actuaciones del m\u00fasico <strong>Max Richter<\/strong>, del director teatral <strong>Tiago Rodrigues<\/strong> y del bailar\u00edn y core\u00f3grafo <strong>Sidi Larbi Cherkaoui<\/strong> o la colaboraci\u00f3n entre<strong> Indi-Gest<\/strong> y la <strong>Banda Municipal de Barcelona<\/strong> en La nit del m\u00fasic m\u00e9s alt.<\/p>\n<p>Los recintos que han registrado una ocupaci\u00f3n m\u00e1s elevada son el <strong>Teatre Grec<\/strong>, el <strong>Teatre Lliure Gr\u00e0cia<\/strong>, <strong>el Jard\u00ed Bot\u00e0nic<\/strong>, los<strong> Jardins de Rubi\u00f3 y Lluch<\/strong> y, con el 100 % de ocupaci\u00f3n, el <strong>Arco de Triunfo<\/strong>, donde se celebr\u00f3 una nueva acci\u00f3n del proyecto Teatres de Campanya, de <strong>Marc Salicr\u00fa<\/strong>. Entre los espect\u00e1culos m\u00e1s vistos se encuentran Le Petit Cirque, el concierto de <strong>Rozal\u00e9n<\/strong>, la actuaci\u00f3n de <strong>Sidi Larbi Cherkaoui<\/strong> o el concierto dedicado a <strong>Pau Riba<\/strong>, entre otros.<\/p>\n<p>Por procedencia, el <strong>67\u00a0% de los espect\u00e1culos eran barceloneses<\/strong>, el 11\u00a0% proced\u00eda del \u00e1rea metropolitana y el 12\u00a0% del resto de Catalu\u00f1a. Se calcula que el <strong>64\u00a0% de los asistentes al festival son p\u00fablico recurrente<\/strong> y el 36\u00a0% restante corresponde a espectadores y espectadoras nuevos.<\/p>\n","protected":false},"excerpt":{"rendered":"Un mes despu\u00e9s de empezar con el espect\u00e1culo Le Petit Cirque, el 26 de junio, el Grec cierra&hellip;\n","protected":false},"author":2,"featured_media":12036,"comment_status":"","ping_status":"","sticky":false,"template":"","format":"standard","meta":{"footnotes":""},"categories":[91],"tags":[146,147,25,24,8408,23],"class_list":{"0":"post-12035","1":"post","2":"type-post","3":"status-publish","4":"format-standard","5":"has-post-thumbnail","7":"category-entretenimiento","8":"tag-entertainment","9":"tag-entretenimiento","10":"tag-es","11":"tag-espana","12":"tag-info-barcelona","13":"tag-spain"},"share_on_mastodon":{"url":"","error":""},"_links":{"self":[{"href":"https:\/\/www.europesays.com\/es\/wp-json\/wp\/v2\/posts\/12035","targetHints":{"allow":["GET"]}}],"collection":[{"href":"https:\/\/www.europesays.com\/es\/wp-json\/wp\/v2\/posts"}],"about":[{"href":"https:\/\/www.europesays.com\/es\/wp-json\/wp\/v2\/types\/post"}],"author":[{"embeddable":true,"href":"https:\/\/www.europesays.com\/es\/wp-json\/wp\/v2\/users\/2"}],"replies":[{"embeddable":true,"href":"https:\/\/www.europesays.com\/es\/wp-json\/wp\/v2\/comments?post=12035"}],"version-history":[{"count":0,"href":"https:\/\/www.europesays.com\/es\/wp-json\/wp\/v2\/posts\/12035\/revisions"}],"wp:featuredmedia":[{"embeddable":true,"href":"https:\/\/www.europesays.com\/es\/wp-json\/wp\/v2\/media\/12036"}],"wp:attachment":[{"href":"https:\/\/www.europesays.com\/es\/wp-json\/wp\/v2\/media?parent=12035"}],"wp:term":[{"taxonomy":"category","embeddable":true,"href":"https:\/\/www.europesays.com\/es\/wp-json\/wp\/v2\/categories?post=12035"},{"taxonomy":"post_tag","embeddable":true,"href":"https:\/\/www.europesays.com\/es\/wp-json\/wp\/v2\/tags?post=12035"}],"curies":[{"name":"wp","href":"https:\/\/api.w.org\/{rel}","templated":true}]}}