{"id":120352,"date":"2025-09-17T08:09:11","date_gmt":"2025-09-17T08:09:11","guid":{"rendered":"https:\/\/www.europesays.com\/es\/120352\/"},"modified":"2025-09-17T08:09:11","modified_gmt":"2025-09-17T08:09:11","slug":"competir-en-una-gran-vuelta-es-inviable-el-n","status":"publish","type":"post","link":"https:\/\/www.europesays.com\/es\/120352\/","title":{"rendered":"\u00abCompetir en una gran vuelta es inviable. El n&#8230;"},"content":{"rendered":"<p>                    Se ha estrenado con el maillot del Lidl-Trek como ciclista profesional a sus 35 a\u00f1os&#8230;\u00a1pero tambi\u00e9n ha competido en Moto GP!<\/p>\n<p class=\"c-news-list__author\">Redacci\u00f3n Ciclismo a fondo<\/p>\n<p class=\"c-mainarticle__date\">\n<p>                    16 de septiembre de 2025 (13:20 CET)<\/p>\n<p>                                                                                                                                        <img fetchpriority=\"high\" decoding=\"async\" src=\"https:\/\/www.ciclismoafondo.es\/uploads\/s1\/14\/47\/86\/04\/aleix-espargaro-ok.webp\" alt=\"Aleix Espargar\u00f3, ciclista del Lidl-Trek\" title=\"Aleix Espargar\u00f3, ciclista del Lidl-Trek\" class=\"c-mainarticle__img\" loading=\"eager\" width=\"790\" height=\"454\"\/><\/p>\n<p>                    Aleix Espargar\u00f3, ciclista del Lidl-Trek<\/p>\n<p>Pudimos estar junto a <strong>Aleix Espargar\u00f3<\/strong> \u00abhaciendo la compra\u00bb en un Lidl. En efecto, nos citaron en uno de los supermercados de Lidl en Barcelona. All\u00ed pudimos hablar con el hombre que a sus 35 a\u00f1os ha compaginado este a\u00f1o su salto al ciclismo profesional con competir en Moto GP.<\/p>\n<p>All\u00ed nos cont\u00f3 como cambi\u00f3 el mono por el maillot y culotte. \u00abTen\u00eda pensado dejar ya Moto GP a tiempo completo y hablando con <strong>Carlos Verona<\/strong>, que es uno de mis mejores amigos, me dijo que era el momento de intentar ser ciclista profesional. El habl\u00f3 con el equipo y desde el principio en Lidl-Trek estuvieron muy interesados en contar conmigo. Nunca hubiera pensado llegar al ciclismo en uno de los mejores equipos del mundo\u00bb. Aleix nos cuenta lo estresante que ha sido compaginar las motos y el ciclismo. \u00abCuadrar los dos calendarios, sacar todas las horas que necesitas para estar en la bici y luego descansar,,,muy duro a nivel f\u00edsico y mental, pero a mi me encantan los retos.\u00a0<\/p>\n<p>Le preguntamos por las diferentes exigencias entre los dos deportes. \u00abTodos los pilotos de la parilla de Moto GP son atletas, pero es que el ciclismo para m\u00ed\u00a0el deporte m\u00e1s duro del mundo. Exige muchas horas de entrenamiento y un gran sacrificio tambi\u00e9n a nivel de tu vida para dar prioridad al descanso y a la nutrici\u00f3n, un punto clave en un deporte de resistencia tan exigente. Respecto a cuando estaba s\u00f3lo en las motos como m\u00e1s, sobre todo carbohidratos s\u00ed. Estoy algo m\u00e1s fino que el a\u00f1o pasado, pero sobre todo presto mucha m\u00e1s atenci\u00f3n a qu\u00e9 y cu\u00e1ndo como. Entrenando en motos inger\u00eda mucho menos. Ahora pasamos de 100 gramos de carbohidratos por hora entrenando. Adem\u00e1s peso la comida en casa, algo nuevo para m\u00ed.<\/p>\n<p><strong>\u00bfC\u00f3mo fueron tus primeros d\u00edas en el Lidl-Trek, te sentiste un poco extra\u00f1o?<\/strong><\/p>\n<p>Fue una sensaci\u00f3n rara cuando llegu\u00e9 a la concentraci\u00f3n del equipo, porque all\u00ed estaban \u00eddolos como <strong>Pedersen o Ciccone, <\/strong>pero enseguida me hicieron sentir como uno de ellos. Les encantan las motos y me preguntan mucho. \u00a1Yo creo que les gustan m\u00e1s las motos a ellos que a m\u00ed las bicis casi!<\/p>\n<p><strong>Finalmente pudiste debutar en la Vuelta a Austria. \u00bfC\u00f3mo fue la primera experiencia en carrera?<\/strong><\/p>\n<p>Impresiona la tensi\u00f3n que se vive en el pelot\u00f3n. Lo puedes intuir cuando se ve en la tele, pero desde dentro es una barbaridad. Puede parecer que vas muy r\u00e1pido en el puerto, pero\u00a0cuando llegas al puerto dices casi te alegras. Lo m\u00e1s duro es luchar por la posici\u00f3n cuando hay se acerca un puerto.<\/p>\n<p><strong>\u00bfY despu\u00e9s de este primer a\u00f1o? <\/strong><\/p>\n<p>Creo que he mejorado m\u00e1s de lo que pensaba en este a\u00f1o y a mis 35 a\u00f1os lo que aspiro es a seguir aprendiendo.<\/p>\n<p><strong>\u00bfCorrer una grande?<\/strong><\/p>\n<p>\u00a1Imposible!. El nivel es alt\u00edsimo. He mejorado y tengo un nivel decente como buen amateur, pero competir en una gran vuelta es inviable.<\/p>\n<p><strong>Y el a\u00f1o que viene, Juan Ayuso de compa\u00f1ero&#8230;<\/strong><\/p>\n<p>Ser\u00eda brutal si\u00a0se confirma. Para mi es el ciclista joven con m\u00e1s proyecci\u00f3n en el mundo. Lidl Trek necesita un corredor para disputar generales y Juan Ayuso ser\u00eda un salto enorme de calidad para nuestro equipo.<\/p>\n<p>\u00a0<\/p>\n","protected":false},"excerpt":{"rendered":"Se ha estrenado con el maillot del Lidl-Trek como ciclista profesional a sus 35 a\u00f1os&#8230;\u00a1pero tambi\u00e9n ha competido&hellip;\n","protected":false},"author":2,"featured_media":120353,"comment_status":"","ping_status":"","sticky":false,"template":"","format":"standard","meta":{"footnotes":""},"categories":[273],"tags":[313,312,168,25,24,23,167],"class_list":{"0":"post-120352","1":"post","2":"type-post","3":"status-publish","4":"format-standard","5":"has-post-thumbnail","7":"category-ciclismo","8":"tag-ciclismo","9":"tag-cycling","10":"tag-deportes","11":"tag-es","12":"tag-espana","13":"tag-spain","14":"tag-sports"},"share_on_mastodon":{"url":"","error":""},"_links":{"self":[{"href":"https:\/\/www.europesays.com\/es\/wp-json\/wp\/v2\/posts\/120352","targetHints":{"allow":["GET"]}}],"collection":[{"href":"https:\/\/www.europesays.com\/es\/wp-json\/wp\/v2\/posts"}],"about":[{"href":"https:\/\/www.europesays.com\/es\/wp-json\/wp\/v2\/types\/post"}],"author":[{"embeddable":true,"href":"https:\/\/www.europesays.com\/es\/wp-json\/wp\/v2\/users\/2"}],"replies":[{"embeddable":true,"href":"https:\/\/www.europesays.com\/es\/wp-json\/wp\/v2\/comments?post=120352"}],"version-history":[{"count":0,"href":"https:\/\/www.europesays.com\/es\/wp-json\/wp\/v2\/posts\/120352\/revisions"}],"wp:featuredmedia":[{"embeddable":true,"href":"https:\/\/www.europesays.com\/es\/wp-json\/wp\/v2\/media\/120353"}],"wp:attachment":[{"href":"https:\/\/www.europesays.com\/es\/wp-json\/wp\/v2\/media?parent=120352"}],"wp:term":[{"taxonomy":"category","embeddable":true,"href":"https:\/\/www.europesays.com\/es\/wp-json\/wp\/v2\/categories?post=120352"},{"taxonomy":"post_tag","embeddable":true,"href":"https:\/\/www.europesays.com\/es\/wp-json\/wp\/v2\/tags?post=120352"}],"curies":[{"name":"wp","href":"https:\/\/api.w.org\/{rel}","templated":true}]}}