{"id":120362,"date":"2025-09-17T08:14:08","date_gmt":"2025-09-17T08:14:08","guid":{"rendered":"https:\/\/www.europesays.com\/es\/120362\/"},"modified":"2025-09-17T08:14:08","modified_gmt":"2025-09-17T08:14:08","slug":"sutil-y-colorida-forja-en-saldana-palencia","status":"publish","type":"post","link":"https:\/\/www.europesays.com\/es\/120362\/","title":{"rendered":"Sutil y colorida forja en Salda\u00f1a (Palencia)"},"content":{"rendered":"<p>La dureza que se le atribuye a los metales contrasta con la ligereza de las l\u00edneas que recorren cada una de las piezas que crea en su forja de Tarilonte de la Pe\u00f1a el escultor Jos\u00e9 Javier Castrillo, natural de la vecina localidad de Guardo. Forja art\u00edstica con sello palentino llevada a la m\u00e1xima potencia que sorprende en las galer\u00edas m\u00e1s prestigiosas del pa\u00eds y se hace un hueco tambi\u00e9n en salas de exposiciones del medio rural como la de La Casona de Salda\u00f1a.\u00a0<\/p>\n<p>All\u00ed se puede visitar hasta este domingo El guardi\u00e1n de la naturaleza, t\u00edtulo que engloba una veintena de piezas de mediano y gran formato con las que el artista quiere poner el acento en la importancia de cuidar el patrimonio natural, m\u00e1s a\u00fan en un verano especialmente complicado para la Monta\u00f1a Palentina, comarca donde \u00e9l crea y da forma a las obras de arte con las que recorre Espa\u00f1a.<\/p>\n<p>Quienes se acerquen por La Casona dar\u00e1n cuenta de una veintena de trabajos, entre los que e incluye sobre un tapiz de c\u00e9sped artificial un guerrero de terracota, cig\u00fce\u00f1as de diferentes estilos, una ara\u00f1a colgada del techo y sus particulares hormigas, que son sello de la casa y no pod\u00edan faltar en su cita en Salda\u00f1a. Completan la muestra un espejo y flores de diferentes formas y tama\u00f1os que, adem\u00e1s de ser una obra de arte elaborada en forja, funcionan como l\u00e1mparas ideales para dar un toque distintivo a cualquier estancia. Rematan el recorrido una papelera vac\u00eda, con la que se habla de la importancia de no dejar residuos en el campo, y una maleta, que Castrillo invita a llenar de experiencias y buenos recuerdos en las visitas a la naturaleza.<\/p>\n<p><strong>GRAN REPERCUSI\u00d3N<\/strong><\/p>\n<p>El guardi\u00e1n de la naturaleza ha gozado de una gran repercusi\u00f3n en Salda\u00f1a. Como muestra, seg\u00fan los datos aportados por el Ayuntamiento, han pasado por all\u00ed m\u00e1s de 600 personas, \u00aby f\u00e1cilmente llegaremos a las 700 en estos d\u00edas\u00bb.\u00a0<\/p>\n<p>\u00abEstoy muy contento con la acogida de la exposici\u00f3n y con las impresiones de quienes la han visto ya. Ha funcionado muy bien, especialmente durante las fiestas de la Virgen del Valle, y por eso la ampliamos una semana m\u00e1s\u00bb, explica Castrillo. El artista est\u00e1 inmerso ya en nuevos proyectos, que ver\u00e1n la luz en los meses sucesivos, tras un intenso verano en el que tambi\u00e9n ha expuesto en Aguilar de Campoo y Carri\u00f3n de los Condes.<\/p>\n","protected":false},"excerpt":{"rendered":"La dureza que se le atribuye a los metales contrasta con la ligereza de las l\u00edneas que recorren&hellip;\n","protected":false},"author":2,"featured_media":120363,"comment_status":"","ping_status":"","sticky":false,"template":"","format":"standard","meta":{"footnotes":""},"categories":[173],"tags":[29318,229,233,231,230,29320,232,234,146,147,25,24,241,7945,7944,1409,6442,29319,23],"class_list":{"0":"post-120362","1":"post","2":"type-post","3":"status-publish","4":"format-standard","5":"has-post-thumbnail","7":"category-arte-y-diseno","8":"tag-aguilar-de-campoo","9":"tag-arte","10":"tag-arte-y-diseno","11":"tag-arts","12":"tag-arts-and-design","13":"tag-carrion-de-los-condes","14":"tag-design","15":"tag-diseno","16":"tag-entertainment","17":"tag-entretenimiento","18":"tag-es","19":"tag-espana","20":"tag-exposiciones","21":"tag-guardo","22":"tag-montana-palentina","23":"tag-naturaleza","24":"tag-palencia","25":"tag-saldana","26":"tag-spain"},"share_on_mastodon":{"url":"","error":""},"_links":{"self":[{"href":"https:\/\/www.europesays.com\/es\/wp-json\/wp\/v2\/posts\/120362","targetHints":{"allow":["GET"]}}],"collection":[{"href":"https:\/\/www.europesays.com\/es\/wp-json\/wp\/v2\/posts"}],"about":[{"href":"https:\/\/www.europesays.com\/es\/wp-json\/wp\/v2\/types\/post"}],"author":[{"embeddable":true,"href":"https:\/\/www.europesays.com\/es\/wp-json\/wp\/v2\/users\/2"}],"replies":[{"embeddable":true,"href":"https:\/\/www.europesays.com\/es\/wp-json\/wp\/v2\/comments?post=120362"}],"version-history":[{"count":0,"href":"https:\/\/www.europesays.com\/es\/wp-json\/wp\/v2\/posts\/120362\/revisions"}],"wp:featuredmedia":[{"embeddable":true,"href":"https:\/\/www.europesays.com\/es\/wp-json\/wp\/v2\/media\/120363"}],"wp:attachment":[{"href":"https:\/\/www.europesays.com\/es\/wp-json\/wp\/v2\/media?parent=120362"}],"wp:term":[{"taxonomy":"category","embeddable":true,"href":"https:\/\/www.europesays.com\/es\/wp-json\/wp\/v2\/categories?post=120362"},{"taxonomy":"post_tag","embeddable":true,"href":"https:\/\/www.europesays.com\/es\/wp-json\/wp\/v2\/tags?post=120362"}],"curies":[{"name":"wp","href":"https:\/\/api.w.org\/{rel}","templated":true}]}}