{"id":120368,"date":"2025-09-17T08:19:09","date_gmt":"2025-09-17T08:19:09","guid":{"rendered":"https:\/\/www.europesays.com\/es\/120368\/"},"modified":"2025-09-17T08:19:09","modified_gmt":"2025-09-17T08:19:09","slug":"ciudad-real-se-siente-muy-orgullosa-del-caserio","status":"publish","type":"post","link":"https:\/\/www.europesays.com\/es\/120368\/","title":{"rendered":"\u201cCiudad Real se siente muy orgullosa del Caser\u00edo\u201d"},"content":{"rendered":"<dl class=\"article-info\">\n<dt class=\"article-info-term\"\/>\n<dd class=\"parent-category-name\">\n\t\t\t\t\t\t\t\t\t\t\t\t\t\t\t\t<a href=\"https:\/\/www.ciudadreal.es\/noticias\/zona-de-prensa.html\" rel=\"nofollow noopener\" target=\"_blank\">Noticias<\/a>\t\t\t\t\t\t\t\t\t\t\t\t\t\t&gt;<br \/>\n\t\t\t\t\t\t\t\t\t\t\t\t\t\t\t\t<a href=\"https:\/\/www.ciudadreal.es\/noticias\/alcaldia.html\" rel=\"nofollow noopener\" target=\"_blank\">Alcald\u00eda<\/a>\t\t\t\t\t\t\t\t\t\t\t\t\t\t\t\t<\/dd>\n<dd class=\"published\">\n\t\t\t\t\t Publicado: 17 Septiembre 2025\t\t\t\t<\/dd>\n<\/dl>\n<p>\t\t\t<a class=\"modal thumbnail\" href=\"https:\/\/www.europesays.com\/es\/wp-content\/uploads\/2025\/09\/Gala3.jpg\"><img decoding=\"async\" src=\"https:\/\/www.europesays.com\/es\/wp-content\/uploads\/2025\/09\/Gala3.jpg\" alt=\"\"\/><\/a><\/p>\n<p>El alcalde de Ciudad Real asiste a la gala de presentaci\u00f3n de la nueva temporada del Balonmano Caser\u00edo, en la que por primera vez en su historia competir\u00e1n en Asobal. Francisco Ca\u00f1izares ofreci\u00f3 todo el apoyo del Ayuntamiento al proyecto de la entidad, que sigue creciendo en esfuerzo social y en el cuidado del deporte base<\/p>\n<p>El alcalde de Ciudad Real ha acompa\u00f1ado a la \u201cfamilia\u201d del Balonmano Caser\u00edo en la gala de presentaci\u00f3n de la temporada 2025\/2026, un a\u00f1o muy especial en el que el conjunto ciudadreale\u00f1o estrena presencia en la liga Asobal. En su intervenci\u00f3n ante los asistentes, Francisco Ca\u00f1izares ha valorado ese \u00e9xito deportivo sumado tambi\u00e9n a todo el trabajo social y con el deporte base que desarrollan por lo que el primer edil ha asegurado que \u201cCiudad Real se siente muy orgullosa del Balonmano Caser\u00edo\u201d.<\/p>\n<p>El primer edil ha comprometido el apoyo del Ayuntamiento para que el proyecto siga confirm\u00e1ndose como la gran realidad que ya es: \u201crepresent\u00e1is los mejores valores de esfuerzo, sacrificio e identidad que representan a la ciudad\u201d que han conseguido, a\u00f1adi\u00f3, \u201cun \u00e9xito colectivo\u201d que ha calado como \u201corgullo de ciudad y de provincia\u201d. Ca\u00f1izares agradeci\u00f3 todo el trabajo del Caser\u00edo, que impulsa la Junta directiva de la entidad, que ha logrado la identificaci\u00f3n plena de la sociedad ciudadreale\u00f1a.<\/p>\n<p>El concejal de Deportes, Pau Beltr\u00e1n, y otros integrantes de la corporaci\u00f3n municipal asistieron tambi\u00e9n a la gala en la que el Balonmano Caser\u00edo present\u00f3 a todos sus equipos que competir\u00e1n en diferentes categor\u00edas con las referencias principales del primer equipo femenino (que lo har\u00e1 en la divisi\u00f3n de honor plata), y del masculino (por primera ocasi\u00f3n en Asobal, junto a sus \u201cTitanes\u201d.<\/p>\n<p>El presidente del Caser\u00edo, Juli\u00e1n Amores, reconoci\u00f3 que va a ser una temporada \u201cilusionante, hist\u00f3rica para el club y para la ciudad\u201d y agradeci\u00f3 todo el apoyo que est\u00e1n recibiendo por parte de las instituciones, empresas y sociedad ciudadreale\u00f1a. En un a\u00f1o en el que la entidad incorpora varias novedades deportivas y sociales, el Caser\u00edo ha creado un \u201cPremio al Proyecto Solidario\u201d por el que se dedicar\u00e1 una aportaci\u00f3n econ\u00f3mica a la iniciativa social m\u00e1s destacada que presenten asociaciones o particulares.<\/p>\n<p>Tras la derrota del pasado fin de semana, el equipo de Asobal debutar\u00e1 en el Quijote Arena este s\u00e1bado midi\u00e9ndose al Bm Cuenca.<\/p>\n<p>\u00a0<\/p>\n","protected":false},"excerpt":{"rendered":"Noticias &gt; Alcald\u00eda Publicado: 17 Septiembre 2025 El alcalde de Ciudad Real asiste a la gala de presentaci\u00f3n&hellip;\n","protected":false},"author":2,"featured_media":120369,"comment_status":"","ping_status":"","sticky":false,"template":"","format":"standard","meta":{"footnotes":""},"categories":[93],"tags":[4071,1250,777,1940,168,5509,25,24,10,5510,23,167,5067,4664],"class_list":{"0":"post-120368","1":"post","2":"type-post","3":"status-publish","4":"format-standard","5":"has-post-thumbnail","7":"category-deportes","8":"tag-agenda","9":"tag-ayuntamiento","10":"tag-ciudad","11":"tag-ciudad-real","12":"tag-deportes","13":"tag-empleo","14":"tag-es","15":"tag-espana","16":"tag-noticias","17":"tag-promocion-economica","18":"tag-spain","19":"tag-sports","20":"tag-tramites","21":"tag-turismo"},"share_on_mastodon":{"url":"","error":""},"_links":{"self":[{"href":"https:\/\/www.europesays.com\/es\/wp-json\/wp\/v2\/posts\/120368","targetHints":{"allow":["GET"]}}],"collection":[{"href":"https:\/\/www.europesays.com\/es\/wp-json\/wp\/v2\/posts"}],"about":[{"href":"https:\/\/www.europesays.com\/es\/wp-json\/wp\/v2\/types\/post"}],"author":[{"embeddable":true,"href":"https:\/\/www.europesays.com\/es\/wp-json\/wp\/v2\/users\/2"}],"replies":[{"embeddable":true,"href":"https:\/\/www.europesays.com\/es\/wp-json\/wp\/v2\/comments?post=120368"}],"version-history":[{"count":0,"href":"https:\/\/www.europesays.com\/es\/wp-json\/wp\/v2\/posts\/120368\/revisions"}],"wp:featuredmedia":[{"embeddable":true,"href":"https:\/\/www.europesays.com\/es\/wp-json\/wp\/v2\/media\/120369"}],"wp:attachment":[{"href":"https:\/\/www.europesays.com\/es\/wp-json\/wp\/v2\/media?parent=120368"}],"wp:term":[{"taxonomy":"category","embeddable":true,"href":"https:\/\/www.europesays.com\/es\/wp-json\/wp\/v2\/categories?post=120368"},{"taxonomy":"post_tag","embeddable":true,"href":"https:\/\/www.europesays.com\/es\/wp-json\/wp\/v2\/tags?post=120368"}],"curies":[{"name":"wp","href":"https:\/\/api.w.org\/{rel}","templated":true}]}}