{"id":120373,"date":"2025-09-17T08:22:08","date_gmt":"2025-09-17T08:22:08","guid":{"rendered":"https:\/\/www.europesays.com\/es\/120373\/"},"modified":"2025-09-17T08:22:08","modified_gmt":"2025-09-17T08:22:08","slug":"un-nuevo-estudio-de-la-nasa-revela-un-cambio-inesperado-en-su-actividad","status":"publish","type":"post","link":"https:\/\/www.europesays.com\/es\/120373\/","title":{"rendered":"un nuevo estudio de la NASA revela un cambio inesperado en su actividad"},"content":{"rendered":"<p class=\"c-paragraph\">El mundo, nuestro mundo, gira alrededor del <b>Sol<\/b>. Como tambi\u00e9n lo hacen el resto de los planetas del vecindario c\u00f3smico en el que vivimos. As\u00ed que no es de extra\u00f1ar que con semejante protagonismo <b>la comunidad cient\u00edfica internacional lleve d\u00e9cadas poniendo atenci\u00f3n<\/b> <a href=\"https:\/\/www.20minutos.es\/tecnologia\/actualidad\/primera-fotografia-sol-astrofotografia-aniversario-180-anos-5697802\/\" title=\"La primera foto del Sol: as\u00ed se capt\u00f3 la imagen que hizo historia hace 180 a\u00f1os\" target=\"_blank\" rel=\"nofollow noopener\">a lo que ocurre en su superficie<\/a>.<\/p>\n<p class=\"c-paragraph\">Durante los \u00faltimos a\u00f1os se han logrado<b> importantes hitos que han permitido conocer m\u00e1s de cerca los misterios de nuestra estrella<\/b>. Sin duda uno de ellos ha sido <a href=\"https:\/\/www.20minutos.es\/tecnologia\/actualidad\/sonda-parker-vuelve-rozar-sol-objeto-humano-mas-cercano-nuestra-estrella-5694967\/\" title=\"La sonda Parker vuelve a &#039;rozar&#039; el Sol: ha sido de nuevo el objeto humano m\u00e1s cercano a nuestra estrella\" target=\"_blank\" rel=\"nofollow noopener\">la misi\u00f3n de la sonda Parker<\/a>, que se convirti\u00f3 en el objeto fabricado por la humanidad que m\u00e1s se ha acercado al Sol.<\/p>\n<p class=\"c-paragraph\">Pero aunque Parker se haya llevado muchos titulares, no es ni de lejos el \u00fanico esfuerzo que los astr\u00f3nomos e investigadores est\u00e1n haciendo para desentra\u00f1ar los secretos del Sol. De hecho, uno de los m\u00e1s recientes estudios que se han publicado ha<b> puesto en alerta a los cient\u00edficos: nuestra estrella est\u00e1 despertando<\/b>.<\/p>\n<p>El cambio que ha roto un patr\u00f3n de 200 a\u00f1os<\/p>\n<p class=\"c-paragraph\">Un reciente y sorprendente <a href=\"https:\/\/iopscience.iop.org\/article\/10.3847\/2041-8213\/adf3a6\" rel=\"nofollow noreferrer noopener\" target=\"_blank\">estudio<\/a>\u00a0publicado en The Astrophysical Journal Letters ha revelado un cambio inesperado en el comportamiento del Sol. <b>Desde 2008, nuestra estrella ha estado incrementando su actividad<\/b> de manera constante, revirtiendo una tendencia de disminuci\u00f3n que se hab\u00eda mantenido desde la d\u00e9cada de 1980.<\/p>\n<p class=\"c-paragraph\"><b>Esta inesperada \u00abresurrecci\u00f3n\u00bb solar ha dejado perplejos a los cient\u00edficos<\/b>, quienes esperaban que el Sol entrara en un per\u00edodo de actividad hist\u00f3ricamente baja.\u00a0De hecho, este cambio no se hab\u00eda observado en los \u00faltimos 200 a\u00f1os.<\/p>\n<p class=\"c-paragraph\">Los registros hist\u00f3ricos de la actividad solar, que se remontan al siglo XVII, muestran que nuestra estrella ha pasado por periodos prolongados de calma. Los m\u00e1s notables ocurrieron de 1645 a 1715, y otro, el \u00faltimo comparable, de 1790 a 1830. Este reciente &#8216;m\u00ednimo solar&#8217; de 2008 fue lo que llev\u00f3 a los cient\u00edficos a pensar que el Sol estaba a punto de entrar en un periodo similar.<\/p>\n<p class=\"c-paragraph\">\u201cTodo apuntaba a que el Sol entrar\u00eda en una fase prolongada de baja actividad. As\u00ed que fue una sorpresa ver que esa tendencia se revirti\u00f3. <b>El Sol est\u00e1 despertando lentamente<\/b>\u201d, explica Jamie Jasinski, del Jet Propulsion Laboratory\u00a0de la NASA.<\/p>\n<p class=\"c-paragraph\">El estudio se basa en el an\u00e1lisis de datos heliosf\u00e9ricos disponibles p\u00fablicamente en la plataforma OMNIWeb Plus, administrada por el Centro de Vuelo Espacial Goddard de la NASA, y provienen de una amplia colecci\u00f3n de misiones de la agencia espacial, incluyendo el Explorador de Composici\u00f3n Avanzada (ACE) y la misi\u00f3n Wind.<\/p>\n<p>\u00bfQu\u00e9 significa este \u00abdespertar\u00bb para nuestro mundo?<\/p>\n<p class=\"c-paragraph\">El aumento de la actividad solar no es un dato menor para la Tierra. El Sol emite constantemente una corriente de part\u00edculas cargadas conocida como viento solar. Cuando la actividad aumenta, este viento se intensifica y <b>puede afectar a la magnetosfera terrestre, la burbuja protectora de nuestro planeta<\/b>.\u00a0<\/p>\n<p class=\"c-paragraph\">El aumento de la actividad solar se traduce en un incremento en fen\u00f3menos como <a href=\"https:\/\/www.20minutos.es\/tecnologia\/actualidad\/peligro-tormentas-solares-radiacion-luna-proteccion-astronautas-5717818\/\" title=\"El peligro de las tormentas solares para los humanos: as\u00ed estamos protegi\u00e9ndonos de su radiaci\u00f3n\" target=\"_blank\" rel=\"nofollow noopener\">las erupciones solares<\/a> y las eyecciones de masa coronal. <b>Estos eventos liberan grandes cantidades de energ\u00eda y part\u00edculas al espacio<\/b>.\u00a0<\/p>\n<p class=\"c-paragraph\">Aunque la Tierra est\u00e1 protegida por su magnetosfera, estas explosiones pueden tener <b>consecuencias directas en la tecnolog\u00eda moderna<\/b>.<\/p>\n<p class=\"c-paragraph\">Por ejemplo, un incremento en la actividad puede <b>interrumpir las se\u00f1ales de GPS, afectar las comunicaciones por radio y, en casos extremos, sobrecargar las redes el\u00e9ctricas<\/b>. Adem\u00e1s, representa un riesgo para la exploraci\u00f3n espacial, ya que puede da\u00f1ar sat\u00e9lites y poner en peligro la seguridad de los astronautas en misiones de larga duraci\u00f3n, debido a que<a href=\"\"> la radiaci\u00f3n solar puede aumentar<\/a>.\u00a0<\/p>\n<p>Pr\u00f3ximas investigaciones<\/p>\n<p class=\"c-paragraph\">Este estudio subraya la necesidad de seguir investigando los ciclos solares. Las misiones IMAP (Interstellar Mapping and Acceleration Probe) de la NASA y el Observatorio Geocorona de Carruthers, as\u00ed como la misi\u00f3n SWFO-L1 (Space Weather Follow On-Lagrange 1) de la Administraci\u00f3n Nacional Oce\u00e1nica y Atmosf\u00e9rica, se lanzar\u00e1n pr\u00f3ximamente y ayudar\u00e1n a <b>ampliar la informaci\u00f3n disponible sobre nuestro Sol y el clima espacial<\/b>.<\/p>\n","protected":false},"excerpt":{"rendered":"El mundo, nuestro mundo, gira alrededor del Sol. Como tambi\u00e9n lo hacen el resto de los planetas del&hellip;\n","protected":false},"author":2,"featured_media":120374,"comment_status":"","ping_status":"","sticky":false,"template":"","format":"standard","meta":{"footnotes":""},"categories":[81],"tags":[39762,647,119,123,124,39763,10738,10414,39765,25,24,18384,39766,32181,39764,39769,642,39767,39771,39770,117,121,122,2829,39768,23,118,120],"class_list":{"0":"post-120373","1":"post","2":"type-post","3":"status-publish","4":"format-standard","5":"has-post-thumbnail","7":"category-ciencia-y-tecnologia","8":"tag-actividad-solar","9":"tag-astronomia","10":"tag-ciencia","11":"tag-ciencia-y-tecnologia","12":"tag-cienciaytecnologia","13":"tag-clima-espacial","14":"tag-comunicaciones","15":"tag-descubrimiento","16":"tag-erupciones-solares","17":"tag-es","18":"tag-espana","19":"tag-estudio-cientifico","20":"tag-eyecciones-de-masa-coronal","21":"tag-gps","22":"tag-manchas-solares","23":"tag-misiones-espaciales","24":"tag-nasa","25":"tag-parker-solar-probe","26":"tag-peligro-solar","27":"tag-redes-electricas","28":"tag-science","29":"tag-science-and-technology","30":"tag-scienceandtechnology","31":"tag-sol","32":"tag-sonda-parker","33":"tag-spain","34":"tag-technology","35":"tag-tecnologia"},"share_on_mastodon":{"url":"","error":""},"_links":{"self":[{"href":"https:\/\/www.europesays.com\/es\/wp-json\/wp\/v2\/posts\/120373","targetHints":{"allow":["GET"]}}],"collection":[{"href":"https:\/\/www.europesays.com\/es\/wp-json\/wp\/v2\/posts"}],"about":[{"href":"https:\/\/www.europesays.com\/es\/wp-json\/wp\/v2\/types\/post"}],"author":[{"embeddable":true,"href":"https:\/\/www.europesays.com\/es\/wp-json\/wp\/v2\/users\/2"}],"replies":[{"embeddable":true,"href":"https:\/\/www.europesays.com\/es\/wp-json\/wp\/v2\/comments?post=120373"}],"version-history":[{"count":0,"href":"https:\/\/www.europesays.com\/es\/wp-json\/wp\/v2\/posts\/120373\/revisions"}],"wp:featuredmedia":[{"embeddable":true,"href":"https:\/\/www.europesays.com\/es\/wp-json\/wp\/v2\/media\/120374"}],"wp:attachment":[{"href":"https:\/\/www.europesays.com\/es\/wp-json\/wp\/v2\/media?parent=120373"}],"wp:term":[{"taxonomy":"category","embeddable":true,"href":"https:\/\/www.europesays.com\/es\/wp-json\/wp\/v2\/categories?post=120373"},{"taxonomy":"post_tag","embeddable":true,"href":"https:\/\/www.europesays.com\/es\/wp-json\/wp\/v2\/tags?post=120373"}],"curies":[{"name":"wp","href":"https:\/\/api.w.org\/{rel}","templated":true}]}}