{"id":120377,"date":"2025-09-17T08:24:09","date_gmt":"2025-09-17T08:24:09","guid":{"rendered":"https:\/\/www.europesays.com\/es\/120377\/"},"modified":"2025-09-17T08:24:09","modified_gmt":"2025-09-17T08:24:09","slug":"el-programa-de-ana-rosa-maximo-huerta-lanza-la-pregunta-que-todos-se-hacen-sobre-eurovision-tras-la-salida-de-espana-me-genera-esa-duda","status":"publish","type":"post","link":"https:\/\/www.europesays.com\/es\/120377\/","title":{"rendered":"El programa de Ana Rosa: M\u00e1ximo Huerta lanza la pregunta que todos se hacen sobre Eurovisi\u00f3n tras la salida de Espa\u00f1a: \u00abMe genera esa duda\u00bb"},"content":{"rendered":"<p class=\"voc-pretitle\">\nEl programa de Ana Rosa\n<\/p>\n<p>El colaborador del matinal de Telecinco plante\u00f3 una cuesti\u00f3n que hasta el momento no se hab\u00eda puesto sobre la mesa<\/p>\n<p><img fetchpriority=\"high\" class=\"voc-img\" src=\"https:\/\/www.europesays.com\/es\/wp-content\/uploads\/2025\/09\/maximo-huerta-salida-eurovision-espana-Rj0hkklvF9agxWYKebN9R3O-1200x840@diario_abc.jpg\" loading=\"eager\" decoding=\"async\" alt=\"M\u00e1ximo Huerta, colaborador de 'El programa de Ana Rosa', ha lanzado la pregunta que todos se hacen tras conocer que Espa\u00f1a no acudir\u00e1 a Eurovisi\u00f3n si Israel participa.\" width=\"1200\" height=\"840\"\/><\/p>\n<p>M\u00e1ximo Huerta, colaborador de &#8216;El programa de Ana Rosa&#8217;, ha lanzado la pregunta que todos se hacen tras conocer que Espa\u00f1a no acudir\u00e1 a Eurovisi\u00f3n si Israel participa.    Telecinco  <\/p>\n<p><img decoding=\"async\" class=\"voc-author__img\" src=\"https:\/\/s2.abcstatics.com\/comun\/2015\/img\/autor\/autor-5261-foto-4.png\" alt=\"Mari Carmen Parra\"\/><\/p>\n<p class=\"voc-p\" style=\"\">Nuevo tema de debate nacional a costa de la no participaci\u00f3n de Espa\u00f1a en el <strong>Festival de Eurovisi\u00f3n<\/strong> si Israel participa. As\u00ed, todos los programas de televisi\u00f3n han opinado acerca de la ausencia del pa\u00eds en el certamen. Ana Rosa Quintana fue una de las primeras presentadoras en dejar ante las c\u00e1maras de &#8216;<a href=\"https:\/\/www.abc.es\/noticias\/telecinco\/\" target=\"_self\" data-voc-vtm-id=\"in-text-traffic\" title=\"El programa de Ana Rosa\" data-mrf-link=\"www.abc.es\" rel=\"nofollow noopener\">El programa de Ana Rosa<\/a>&#8216; (Telecinco) su rotunda opini\u00f3n, para a continuaci\u00f3n hacerla p\u00fablica uno de sus colaboradores: <strong>M\u00e1ximo Huerta<\/strong>. S\u00ed, el tertuliano tampoco titube\u00f3 al decir alto y claro lo que pensaba del tema, como tampoco se and\u00f3 con medias tintas para lanzar la pregunta que todos se hacen en el caso de que Espa\u00f1a no participara en el certamen.<\/p>\n<p class=\"voc-p\" style=\"\">Todo ocurr\u00eda cuando tras conocer la decisi\u00f3n del Consejo de RTVE que Espa\u00f1a no participar\u00eda en el<strong> Festival de Eurovisi\u00f3n<\/strong> si Israel acud\u00eda. As\u00ed, tras dedicarle tiempo en la secci\u00f3n pol\u00edtica de &#8216;<a href=\"https:\/\/www.abc.es\/play\/television\/noticias\/rocio-flores-corta-sentenciar-ana-rosa-quintana-20250915093157-nt.html\" target=\"_self\" data-voc-vtm-id=\"in-text-traffic\" title=\"El programa de Ana Rosa\" data-mrf-link=\"www.abc.es\" rel=\"nofollow noopener\">El programa de Ana Rosa<\/a>&#8216;, el asunto tambi\u00e9n se abordaba en su franja de cr\u00f3nica social y entretenimiento, en donde<a href=\"https:\/\/www.abc.es\/play\/television\/noticias\/protestas-vuelta-boicotean-ana-rosa-quintana-gritos-20250915100252-nt.html\" target=\"_self\" data-voc-vtm-id=\"in-text-traffic\" title=\" Ana Rosa Quintana\" data-mrf-link=\"www.abc.es\" rel=\"nofollow noopener\"> Ana Rosa Quintana<\/a> se sentaba con un renovado equivocado de colaboradores, entre los que se encontraba <strong>M\u00e1ximo Huerta<\/strong>, que sin dudarlo hablaba alto y claro sobre el asunto. <\/p>\n<p class=\"voc-p\" style=\"\">\u00ab\u00bfEsto significa que tampoco se va a retransmitir? A ver, no participamos, tampoco lo retransmitimos entonces. Con la vuelta hemos tenido ese conflicto, no queremos que participe el equipo israel\u00ed pero s\u00ed que lo retransmitimos, pero a m\u00ed ah\u00ed me genera esa duda\u00bb, planteaba el colaborador de &#8216;<strong>El programa de Ana Rosa<\/strong>&#8216; que prosegu\u00eda con la exposici\u00f3n de su <strong>opini\u00f3n<\/strong>. <\/p>\n<p class=\"voc-p\" style=\"\">\u00abLa coherencia el ser humano no la puede conseguir en todos los aspectos porque entonces no podr\u00edamos usar el m\u00f3vil que tiene objetos chinos de una dictadura&#8230; Las pel\u00edculas de Bardem son de grupos israel\u00edes&#8230; La coherencia total es imposible\u00bb, comenzaba argumentando<strong> M\u00e1ximo Huerta<\/strong>. \u00abEs m\u00e1s f\u00e1cil decir que no se participa que el f\u00fatbol, es mucho m\u00e1s complicado. Es m\u00e1s f\u00e1cil levantar al p\u00fablico de <strong>Eurovisi\u00f3n<\/strong>, en otras palabras: &#8216;no tienes huevos para parar una cosa de Arabia Saud\u00ed\u00bb, zanjaba el colaborador de &#8216;<a href=\"https:\/\/www.abc.es\/play\/television\/noticias\/ana-rosa-quintana-destapa-llamamiento-oculto-activista-20250915102637-nt.html\" target=\"_self\" data-voc-vtm-id=\"in-text-traffic\" title=\"El programa de Ana Rosa\" data-mrf-link=\"www.abc.es\" rel=\"nofollow noopener\">El programa de Ana Rosa<\/a>&#8216; sobre la pol\u00e9mica de la participaci\u00f3n de Espa\u00f1a en el certamen.<\/p>\n<p>Reportar un error<\/p>\n","protected":false},"excerpt":{"rendered":"El programa de Ana Rosa El colaborador del matinal de Telecinco plante\u00f3 una cuesti\u00f3n que hasta el momento&hellip;\n","protected":false},"author":2,"featured_media":120378,"comment_status":"","ping_status":"","sticky":false,"template":"","format":"standard","meta":{"footnotes":""},"categories":[42],"tags":[17,18,2681,24,24121,13,14,39772,11,38851,61,62,63,64,2629,19,20,5137,9,10,15,16,9464,1965,57,12,575,21,22,65,66,67],"class_list":{"0":"post-120377","1":"post","2":"type-post","3":"status-publish","4":"format-standard","5":"has-post-thumbnail","7":"category-internacional","8":"tag-breaking-news","9":"tag-breakingnews","10":"tag-duda","11":"tag-espana","12":"tag-eurovision","13":"tag-featured-news","14":"tag-featurednews","15":"tag-genera","16":"tag-headlines","17":"tag-huerta","18":"tag-internacional","19":"tag-international","20":"tag-international-news","21":"tag-internationalnews","22":"tag-lanza","23":"tag-latest-news","24":"tag-latestnews","25":"tag-maximo","26":"tag-news","27":"tag-noticias","28":"tag-noticias-destacadas","29":"tag-noticiasdestacadas","30":"tag-pregunta","31":"tag-salida","32":"tag-sobre","33":"tag-titulares","34":"tag-tras","35":"tag-ultimas-noticias","36":"tag-ultimasnoticias","37":"tag-world","38":"tag-world-news","39":"tag-worldnews"},"share_on_mastodon":{"url":"","error":""},"_links":{"self":[{"href":"https:\/\/www.europesays.com\/es\/wp-json\/wp\/v2\/posts\/120377","targetHints":{"allow":["GET"]}}],"collection":[{"href":"https:\/\/www.europesays.com\/es\/wp-json\/wp\/v2\/posts"}],"about":[{"href":"https:\/\/www.europesays.com\/es\/wp-json\/wp\/v2\/types\/post"}],"author":[{"embeddable":true,"href":"https:\/\/www.europesays.com\/es\/wp-json\/wp\/v2\/users\/2"}],"replies":[{"embeddable":true,"href":"https:\/\/www.europesays.com\/es\/wp-json\/wp\/v2\/comments?post=120377"}],"version-history":[{"count":0,"href":"https:\/\/www.europesays.com\/es\/wp-json\/wp\/v2\/posts\/120377\/revisions"}],"wp:featuredmedia":[{"embeddable":true,"href":"https:\/\/www.europesays.com\/es\/wp-json\/wp\/v2\/media\/120378"}],"wp:attachment":[{"href":"https:\/\/www.europesays.com\/es\/wp-json\/wp\/v2\/media?parent=120377"}],"wp:term":[{"taxonomy":"category","embeddable":true,"href":"https:\/\/www.europesays.com\/es\/wp-json\/wp\/v2\/categories?post=120377"},{"taxonomy":"post_tag","embeddable":true,"href":"https:\/\/www.europesays.com\/es\/wp-json\/wp\/v2\/tags?post=120377"}],"curies":[{"name":"wp","href":"https:\/\/api.w.org\/{rel}","templated":true}]}}