{"id":120387,"date":"2025-09-17T08:29:07","date_gmt":"2025-09-17T08:29:07","guid":{"rendered":"https:\/\/www.europesays.com\/es\/120387\/"},"modified":"2025-09-17T08:29:07","modified_gmt":"2025-09-17T08:29:07","slug":"el-lanzaroteno-hecher-sosa-se-impone-en-la-pelea-estelar-del-dwcs-y-consigue-un-contrato-en-ufc","status":"publish","type":"post","link":"https:\/\/www.europesays.com\/es\/120387\/","title":{"rendered":"El lanzarote\u00f1o Hecher Sosa se impone en la pelea estelar del DWCS y consigue un contrato en UFC"},"content":{"rendered":"<p style=\"margin-bottom: 0cm\">El lanzarote\u00f1o Hecher Sosa se ha impuesto por decisi\u00f3n un\u00e1nime (30-27, 30-27 y 30-26) al brasile\u00f1o Mackson Lee en el combate estelar del Dana White&#8217;s Contenders Series (DWCS) y consigue un contrato en la compa\u00f1\u00eda de la UFC, convirti\u00e9ndose en el primer espa\u00f1ol en lograrlo a trav\u00e9s de esta v\u00eda.<\/p>\n<p>Pese a no finalizar a su rival, el canario (con r\u00e9cord de 14-1) domin\u00f3 el combate en los tres asaltos y no permiti\u00f3 a Mackson Lee (9-1) tomar la iniciativa en ning\u00fan momento de la velada, en la que las previsiones previas daban por favorito al sudamericano, invicto hasta la fecha.<\/p>\n<p>\u00abLa vida puede ser muy dura, ponerse muy fea y pasar cosas muy malas, pero superarlo de la forma que lo has hecho, con esa emoci\u00f3n, y venir esta noche y ganar. Estoy muy contento por ti y te deseo lo mejor en la UFC\u201d, le dijo el presidente de la UFC, Dana White, entre bastidores tras el combate.<\/p>\n<p>Sosa se subi\u00f3 al oct\u00f3gono tan solo dos d\u00edas despu\u00e9s del fallecimiento de su padre, con quien ha compartido su carrera desde los inicios, \u00abun alma que vol\u00f3 a Las Vegas para estar conmigo presente dentro de la jaula\u00bb, afirm\u00f3 el canario en un comunicado en redes sociales en la previa al pesaje del combate.<\/p>\n<p>El luchador de 30 a\u00f1os admiti\u00f3 en sala de prensa que ha sido una semana \u00abdif\u00edcil\u00bb con una \u00abmonta\u00f1a rusa de emociones\u00bb en la que antes de viajar a Las Vegas sab\u00eda que \u00abprobablemente no hablara m\u00e1s con mi padre\u00bb: \u00abMe desped\u00ed de \u00e9l, me faltaron muchas cosas por decirle, pero hoy lo represent\u00e9 de la mejor manera y como me ense\u00f1\u00f3. Siempre fuerte, siempre juntos\u00bb.<\/p>\n<p>&#8216;El Guanche Warrior&#8217;, que competir\u00e1 en la categor\u00eda peso gallo, se suma a Ilia Topuria, Joel \u00c1lvarez y Daniel Barez como la representaci\u00f3n espa\u00f1ola en UFC, el campeonato m\u00e1s importante de artes marciales mixtas (MMA) del mundo.<\/p>\n","protected":false},"excerpt":{"rendered":"El lanzarote\u00f1o Hecher Sosa se ha impuesto por decisi\u00f3n un\u00e1nime (30-27, 30-27 y 30-26) al brasile\u00f1o Mackson Lee&hellip;\n","protected":false},"author":2,"featured_media":120388,"comment_status":"","ping_status":"","sticky":false,"template":"","format":"standard","meta":{"footnotes":""},"categories":[276],"tags":[168,25,24,23,167,343],"class_list":{"0":"post-120387","1":"post","2":"type-post","3":"status-publish","4":"format-standard","5":"has-post-thumbnail","7":"category-ufc","8":"tag-deportes","9":"tag-es","10":"tag-espana","11":"tag-spain","12":"tag-sports","13":"tag-ufc"},"share_on_mastodon":{"url":"","error":""},"_links":{"self":[{"href":"https:\/\/www.europesays.com\/es\/wp-json\/wp\/v2\/posts\/120387","targetHints":{"allow":["GET"]}}],"collection":[{"href":"https:\/\/www.europesays.com\/es\/wp-json\/wp\/v2\/posts"}],"about":[{"href":"https:\/\/www.europesays.com\/es\/wp-json\/wp\/v2\/types\/post"}],"author":[{"embeddable":true,"href":"https:\/\/www.europesays.com\/es\/wp-json\/wp\/v2\/users\/2"}],"replies":[{"embeddable":true,"href":"https:\/\/www.europesays.com\/es\/wp-json\/wp\/v2\/comments?post=120387"}],"version-history":[{"count":0,"href":"https:\/\/www.europesays.com\/es\/wp-json\/wp\/v2\/posts\/120387\/revisions"}],"wp:featuredmedia":[{"embeddable":true,"href":"https:\/\/www.europesays.com\/es\/wp-json\/wp\/v2\/media\/120388"}],"wp:attachment":[{"href":"https:\/\/www.europesays.com\/es\/wp-json\/wp\/v2\/media?parent=120387"}],"wp:term":[{"taxonomy":"category","embeddable":true,"href":"https:\/\/www.europesays.com\/es\/wp-json\/wp\/v2\/categories?post=120387"},{"taxonomy":"post_tag","embeddable":true,"href":"https:\/\/www.europesays.com\/es\/wp-json\/wp\/v2\/tags?post=120387"}],"curies":[{"name":"wp","href":"https:\/\/api.w.org\/{rel}","templated":true}]}}