{"id":120389,"date":"2025-09-17T08:31:25","date_gmt":"2025-09-17T08:31:25","guid":{"rendered":"https:\/\/www.europesays.com\/es\/120389\/"},"modified":"2025-09-17T08:31:25","modified_gmt":"2025-09-17T08:31:25","slug":"estos-seran-los-jugadores-reserva-en-la-laver-cup-2025","status":"publish","type":"post","link":"https:\/\/www.europesays.com\/es\/120389\/","title":{"rendered":"Estos ser\u00e1n los jugadores reserva en la Laver Cup 2025"},"content":{"rendered":"<p class=\"quota-display text-align-center\">\n        <a href=\"https:\/\/www.puntodebreak.com\/MDBA-B3-PDB-QUOTA-25\" rel=\"sponsored nofollow noopener\" title=\"Apuesta en bet365\" target=\"_blank\"><\/p>\n<p>            <img decoding=\"async\" alt=\"Bet365\" class=\"bet-logo lazyload\" loading=\"lazy\" src=\"https:\/\/www.europesays.com\/es\/wp-content\/uploads\/2025\/09\/1757996960_569_b365.jpg\"\/>Streaming ITF M25 Setubal en directo<\/p>\n<p> \ud83c\udfbe Alberto Barroso Campos vs Tomas Luis<\/p>\n<ol class=\"stream-card__steps\">\n<li>Entra aqu\u00ed y reg\u00edstrate en Bet365<\/li>\n<li>Haz tu primer dep\u00f3sito de m\u00ednimo 5\u00a0\u20ac<\/li>\n<li>Entra en la secci\u00f3n \u00abDirecto\u00bb y ve todos los partidos<\/li>\n<\/ol>\n<p>\n                                Ver partido en Bet365\n                            <\/p>\n<p>             <a href=\"https:\/\/www.ordenacionjuego.es\/participantes-juego\/juego-seguro\/rgiaj\" target=\"_blank\" rel=\"nofollow noopener\"><br \/>\n                <img decoding=\"async\" loading=\"lazy\" alt=\"autoexclusion\" width=\"38\" height=\"38\" class=\"lazyload\" src=\"https:\/\/www.europesays.com\/es\/wp-content\/uploads\/2025\/09\/1757835430_67_18.webp.webp\"\/><\/a><br \/>\n             <a href=\"https:\/\/www.ordenacionjuego.es\/participantes-juego\/juego-seguro\/rgiaj\" target=\"_blank\" rel=\"nofollow noopener\"><br \/>\n              <img decoding=\"async\" loading=\"lazy\" alt=\"autoexclusion\" width=\"50\" height=\"38\" class=\"lazyload\" src=\"https:\/\/www.europesays.com\/es\/wp-content\/uploads\/2025\/09\/1757835431_68_autoprohibicion.webp.webp\"\/><\/a><br \/>\n             <a href=\"https:\/\/www.ordenacionjuego.es\/participantes-juego\/juego-seguro\" target=\"_blank\" rel=\"nofollow noopener\"><br \/>\n                <img decoding=\"async\" loading=\"lazy\" alt=\"juego seguro\" width=\"223\" height=\"38\" class=\"lazyload\" src=\"https:\/\/www.europesays.com\/es\/wp-content\/uploads\/2025\/09\/1757835432_514_juego-seguro.webp.webp\"\/><\/a><br \/>\n             <a href=\"https:\/\/www.ordenacionjuego.es\/participantes-juego\" target=\"_blank\" rel=\"nofollow noopener\"><br \/>\n                <img decoding=\"async\" loading=\"lazy\" style=\"background:#000;padding:2px;\" alt=\"juega con responsabilidad\" width=\"206\" height=\"55\" class=\"lazyload\" src=\"https:\/\/www.europesays.com\/es\/wp-content\/uploads\/2025\/09\/1757835432_893_juega-con-responsabilidad.webp.webp\"\/><\/a><br \/>\n             \u00a0PUBLICIDAD<\/p>\n<p>        <\/a>\n      <\/p>\n<p class=\"text-align-justify\" data-pm-slice=\"1 1 []\" data-prosemirror-content-type=\"node\" data-prosemirror-node-block=\"true\" data-prosemirror-node-name=\"paragraph\">Contando los d\u00edas que faltan para que arranque una nueva edici\u00f3n de la <strong>Laver Cup<\/strong>, esta vez en San Francisco, donde el #TeamEurope buscar\u00e1 defender su corona con la figura de Carlos Alcaraz como l\u00edder destacado. Tendremos muy presente los banquillos, el fondo de armario de cada equipo, incluidos los dos \u2018<strong>alternates<\/strong>\u2019 que se dieron a conocer este lunes. <strong>Tomas Machac<\/strong> ser\u00e1 el reserva del #TeamEurope, mientras que <strong>Jenson Brooksby<\/strong> har\u00e1 lo propio en el #TeamWorld. Dos nuevas caras que jugar\u00e1 su papel en este show que no ha parado de crecer desde que apareciera en el circuito all\u00e1 por 2017.<\/p>\n","protected":false},"excerpt":{"rendered":"Streaming ITF M25 Setubal en directo \ud83c\udfbe Alberto Barroso Campos vs Tomas Luis Entra aqu\u00ed y reg\u00edstrate en&hellip;\n","protected":false},"author":2,"featured_media":120390,"comment_status":"","ping_status":"","sticky":false,"template":"","format":"standard","meta":{"footnotes":""},"categories":[274],"tags":[168,25,24,23,167,327,326],"class_list":{"0":"post-120389","1":"post","2":"type-post","3":"status-publish","4":"format-standard","5":"has-post-thumbnail","7":"category-tenis","8":"tag-deportes","9":"tag-es","10":"tag-espana","11":"tag-spain","12":"tag-sports","13":"tag-tenis","14":"tag-tennis"},"share_on_mastodon":{"url":"","error":""},"_links":{"self":[{"href":"https:\/\/www.europesays.com\/es\/wp-json\/wp\/v2\/posts\/120389","targetHints":{"allow":["GET"]}}],"collection":[{"href":"https:\/\/www.europesays.com\/es\/wp-json\/wp\/v2\/posts"}],"about":[{"href":"https:\/\/www.europesays.com\/es\/wp-json\/wp\/v2\/types\/post"}],"author":[{"embeddable":true,"href":"https:\/\/www.europesays.com\/es\/wp-json\/wp\/v2\/users\/2"}],"replies":[{"embeddable":true,"href":"https:\/\/www.europesays.com\/es\/wp-json\/wp\/v2\/comments?post=120389"}],"version-history":[{"count":0,"href":"https:\/\/www.europesays.com\/es\/wp-json\/wp\/v2\/posts\/120389\/revisions"}],"wp:featuredmedia":[{"embeddable":true,"href":"https:\/\/www.europesays.com\/es\/wp-json\/wp\/v2\/media\/120390"}],"wp:attachment":[{"href":"https:\/\/www.europesays.com\/es\/wp-json\/wp\/v2\/media?parent=120389"}],"wp:term":[{"taxonomy":"category","embeddable":true,"href":"https:\/\/www.europesays.com\/es\/wp-json\/wp\/v2\/categories?post=120389"},{"taxonomy":"post_tag","embeddable":true,"href":"https:\/\/www.europesays.com\/es\/wp-json\/wp\/v2\/tags?post=120389"}],"curies":[{"name":"wp","href":"https:\/\/api.w.org\/{rel}","templated":true}]}}