{"id":120391,"date":"2025-09-17T08:32:08","date_gmt":"2025-09-17T08:32:08","guid":{"rendered":"https:\/\/www.europesays.com\/es\/120391\/"},"modified":"2025-09-17T08:32:08","modified_gmt":"2025-09-17T08:32:08","slug":"ahora-van-a-por-la-liga","status":"publish","type":"post","link":"https:\/\/www.europesays.com\/es\/120391\/","title":{"rendered":"Ahora van a por la Liga"},"content":{"rendered":"<p>Est\u00e1n exultantes. Otegi, Ione Belarra, Irene Montero, Urtasun y toda la tropa de propalestinos en general est\u00e1n que no caben en s\u00ed de gozo despu\u00e9s del gran \u00e9xito del revent\u00f3n de la Vuelta a Espa\u00f1a. Anta\u00f1o, los reventones eran algo propio de los neum\u00e1ticos de los ciclistas; ahora, es cosa pol\u00edtica maquillada de ayuda a los masacrados habitantes de Gaza, algo que se lleva mucho en la pasarela internacional y gana aplausos en la pista central del Circo Mundial. Han colocado la Vuelta en el epicentro de la protesta antisemita: al fin los palestinos respirar\u00e1n aliviados y hasta las porras flageladoras israel\u00edes les sabr\u00e1n como las que Isabel Preysler moja en el chocolate marbell\u00ed. Han convertido la Vuelta en la Revuelta. <b>Los terroristas de Ham\u00e1s est\u00e1n tan felices con el Apolo de la Moncloa (constantes felicitaciones) que le van a invitarle a la Eid al-Adha, Fiesta del Cordero<\/b>, y a la Eid al-Fitr, Fiesta de la Ruptura del Ayuno, para celebrar con \u00c9l que los gazat\u00edes empiezan a comer.<\/p>\n<blockquote class=\"blockquote\">\n<p class=\"blockquote__quote\">\u00ab\u00daltima hora: parece que de momento han desistido de secuestrar a Mbapp\u00e9, pese a contar con el apoyo log\u00edstico de Ham\u00e1s\u00bb<\/p>\n<\/blockquote>\n<p>Capitaneados por el animoso Apolo, ahora Bildu, Sumar, Podemos y toda la compa\u00f1\u00eda de la yihad, dan un gran paso al frente y, seg\u00fan las lenguas viperinas del rojer\u00edo, proyectan reventar la Liga, el asalto sistem\u00e1tico y constante a los campos de f\u00fatbol para evitar que se celebren partidos. Comentan que Ione Belarra e Irene Montero saltar\u00e1n al Bernab\u00e9u con banderas palestinas y luciendo lo \u00faltimo en kufiyas. Las Fuerzas de Seguridad permanecer\u00e1n (orden superior) de porras ca\u00eddas, y los \u00e1rbitros, capaces de cualquier cosa para castigar al Madrid, culmen del facher\u00edo patrio, ni tan siquiera les pitar\u00e1n a las susodichas activistas un modesto fuera de juego. \u00daltima hora: parece que de momento han desistido de secuestrar a Mbapp\u00e9, pese a contar con el apoyo log\u00edstico de Ham\u00e1s, tan duchos en ese negociado.<\/p>\n","protected":false},"excerpt":{"rendered":"Est\u00e1n exultantes. Otegi, Ione Belarra, Irene Montero, Urtasun y toda la tropa de propalestinos en general est\u00e1n que&hellip;\n","protected":false},"author":2,"featured_media":120392,"comment_status":"","ping_status":"","sticky":false,"template":"","format":"standard","meta":{"footnotes":""},"categories":[273],"tags":[313,312,168,25,24,23,167],"class_list":{"0":"post-120391","1":"post","2":"type-post","3":"status-publish","4":"format-standard","5":"has-post-thumbnail","7":"category-ciclismo","8":"tag-ciclismo","9":"tag-cycling","10":"tag-deportes","11":"tag-es","12":"tag-espana","13":"tag-spain","14":"tag-sports"},"share_on_mastodon":{"url":"","error":""},"_links":{"self":[{"href":"https:\/\/www.europesays.com\/es\/wp-json\/wp\/v2\/posts\/120391","targetHints":{"allow":["GET"]}}],"collection":[{"href":"https:\/\/www.europesays.com\/es\/wp-json\/wp\/v2\/posts"}],"about":[{"href":"https:\/\/www.europesays.com\/es\/wp-json\/wp\/v2\/types\/post"}],"author":[{"embeddable":true,"href":"https:\/\/www.europesays.com\/es\/wp-json\/wp\/v2\/users\/2"}],"replies":[{"embeddable":true,"href":"https:\/\/www.europesays.com\/es\/wp-json\/wp\/v2\/comments?post=120391"}],"version-history":[{"count":0,"href":"https:\/\/www.europesays.com\/es\/wp-json\/wp\/v2\/posts\/120391\/revisions"}],"wp:featuredmedia":[{"embeddable":true,"href":"https:\/\/www.europesays.com\/es\/wp-json\/wp\/v2\/media\/120392"}],"wp:attachment":[{"href":"https:\/\/www.europesays.com\/es\/wp-json\/wp\/v2\/media?parent=120391"}],"wp:term":[{"taxonomy":"category","embeddable":true,"href":"https:\/\/www.europesays.com\/es\/wp-json\/wp\/v2\/categories?post=120391"},{"taxonomy":"post_tag","embeddable":true,"href":"https:\/\/www.europesays.com\/es\/wp-json\/wp\/v2\/tags?post=120391"}],"curies":[{"name":"wp","href":"https:\/\/api.w.org\/{rel}","templated":true}]}}