{"id":120395,"date":"2025-09-17T08:34:10","date_gmt":"2025-09-17T08:34:10","guid":{"rendered":"https:\/\/www.europesays.com\/es\/120395\/"},"modified":"2025-09-17T08:34:10","modified_gmt":"2025-09-17T08:34:10","slug":"alahli-sc-el-campeon-de-africa-como-primer-obstaculo-del-unicaja","status":"publish","type":"post","link":"https:\/\/www.europesays.com\/es\/120395\/","title":{"rendered":"Alahli SC: el campe\u00f3n de \u00c1frica como primer obst\u00e1culo del Unicaja"},"content":{"rendered":"<p>            <a href=\"https:\/\/www.merchanendirecto.es\/wp-content\/uploads\/2025\/09\/ALAHLI-PRIMER-OBSTACULO-PARA-EL-UNICAJA-EN-LA-INTERCONTINENTAL.webp\" data-caption=\"Alahli SC, primer obst\u00e1culo del Unicaja en la Intercontinental de 2025\" rel=\"nofollow noopener\" target=\"_blank\"><img loading=\"lazy\" decoding=\"async\" width=\"696\" height=\"464\" class=\"entry-thumb td-modal-image\" src=\"https:\/\/www.europesays.com\/es\/wp-content\/uploads\/2025\/09\/ALAHLI-PRIMER-OBSTACULO-PARA-EL-UNICAJA-EN-LA-INTERCONTINENTAL-696x464.webp.webp\"   alt=\"ALAHLI PRIMER OBSTACULO PARA EL UNICAJA EN LA INTERCONTINENTAL\" title=\"ALAHLI PRIMER OBSTACULO PARA EL UNICAJA EN LA INTERCONTINENTAL\"\/><\/a>Alahli SC, primer obst\u00e1culo del Unicaja en la Intercontinental de 2025<\/p>\n<p>El <strong><a href=\"https:\/\/www.merchanendirecto.es\/category\/unicaja\/\" target=\"_blank\" rel=\"noreferrer noopener nofollow\">Unicaja<\/a><\/strong> defiende la corona de la <strong>Copa Intercontinental de la FIBA<\/strong>. El equipo de <strong>Ibon Navarro<\/strong> ya est\u00e1 <a href=\"https:\/\/www.merchanendirecto.es\/unicaja\/balcerowski-desde-singapur-a-recuperar-el-jet-lag-y-a-por-la-copa-intercontinental\/\" target=\"_blank\" rel=\"noreferrer noopener nofollow\">en <strong>Singapur<\/strong><\/a> y este martes ha tenido su primera toma de contacto con el <strong>Singapore Indoor Stadium<\/strong>. En ese mismo escenario ser\u00e1 donde se enfrente al campe\u00f3n de la <strong>Basketball \u00c1frica League<\/strong>: <a href=\"https:\/\/www.merchanendirecto.es\/unicaja\/horario-y-television-del-unicaja-vs-alahli-sc-de-la-copa-intercontinental-de-la-fiba\/\" target=\"_blank\" rel=\"noreferrer noopener nofollow\">el <strong>Alahli SC<\/strong> de <strong>Libia<\/strong><\/a>. Se convierte en el primer equipo del pa\u00eds libio en clasificarse a la <strong>Copa Intercontinental de la FIBA<\/strong>. <strong>Libia<\/strong> se suma a la lista que ya representaban <strong>Egipto<\/strong>, <strong>T\u00fanez<\/strong> y <strong>Angola<\/strong>. Para la mayor\u00eda de expertos, el equipo <strong>m\u00e1s flojo<\/strong> de la competici\u00f3n. Logr\u00f3 el billete a <strong>Singapur<\/strong> tras conquistar su <strong>primera BAL<\/strong> de su historia tras imponerse en la final al <strong>Petro de Luanda<\/strong> de <strong>Angola<\/strong> por <strong>88-67<\/strong>.<\/p>\n<p>Su conquista del t\u00edtulo continental africano fue larga. El <strong>Alahli<\/strong> tuvo que superar la ronda previa para llegar a la fase de grupos. Una vez la superaron, firmaron una <strong>primera fase inmaculada<\/strong>. Lograron un <strong>6-0<\/strong> de balance tras vencer al <strong>APR<\/strong> (Ruanda), <strong>MBB<\/strong> (Sud\u00e1frica) y <strong>Nairobi City Thunder<\/strong> (Kenia). Tras esa primera fase, en la <strong>Basketball \u00c1frica League<\/strong> se entra directamente en eliminatorias. En la primera, de <strong>cuartos de final<\/strong>, super\u00f3 al <strong>Kriol Star<\/strong> de <strong>Cabo Verde<\/strong>. En semifinales volvi\u00f3 a medirse al <strong>APR<\/strong> ruand\u00e9s y en la final, siendo superior, venci\u00f3 al <strong>Petro de Luanda<\/strong>. El equipo angole\u00f1o particip\u00f3 el curso pasado en la <strong>Copa Intercontinental de la FIBA<\/strong> y era el vigente campe\u00f3n de la <strong>BAL<\/strong> de <strong>2024<\/strong>. De hecho, el debut del <strong>Unicaja<\/strong> el pasado curso fue ante el equipo angole\u00f1o al que se impuso por <strong>94-78<\/strong>. <\/p>\n<p>En cuanto a la composici\u00f3n de la plantilla, la gran mayor\u00eda de jugadores son locales. <strong>Nueve de ellos<\/strong> son de <strong>Libia<\/strong>. Cuentan con s\u00f3lo un jugador <strong>americano<\/strong>, a priori, el jugador m\u00e1s potente del roster. Se trata de <strong>Marcos Knight<\/strong>. Juega como base y tiene <strong>35 a\u00f1os<\/strong>. Ha tenido una dilatada carrera en <strong>Europa<\/strong>. De hecho, cuenta con experiencia en <strong>ACB<\/strong>. Jug\u00f3 en el <strong>Tecnyconta Zaragoza<\/strong> en <strong>2017<\/strong> y disput\u00f3 <strong>seis partidos<\/strong> donde tuvo buenos promedios ofensivos. Anot\u00f3 <strong>11,2 puntos<\/strong> por encuentro jugando una media de casi <strong>28 minutos<\/strong> en cada uno de ellos. Su mejor partido fue en el <strong>Pr\u00edncipe Felipe<\/strong> ante <strong>Estudiantes<\/strong> donde anot\u00f3 <strong>18 puntos<\/strong>. Uno de los partidos que disput\u00f3 con la camiseta ma\u00f1a fue en el <strong>Mart\u00edn Carpena<\/strong>. Anot\u00f3 <strong>dos triples<\/strong>, su marca tope en su corta estancia en la <strong>ACB<\/strong>. <\/p>\n<p>El base de <strong>Georgia<\/strong>, que mide <strong>1,88m<\/strong>, ha jugado en equipos reconocidos como el <strong>AS M\u00f3naco<\/strong> (2020-21), el <strong>ASVEL<\/strong> <strong>Lyon-Villeurbanne<\/strong> (2021-22) o el <strong>UNICS Kazan<\/strong> de <strong>Rusia<\/strong>. Gran parte de su carrera ha discurrido en <strong>Alemania<\/strong>. De hecho, con el <strong>Science City Jena<\/strong>, en el curso <strong>2016\/17<\/strong>, antes de marcharse a <strong>Zaragoza<\/strong>, promedi\u00f3 <strong>18,1 puntos por encuentro<\/strong>. Un dato que le hizo ser el <strong>segundo m\u00e1ximo anotador<\/strong> y el <strong>tercero m\u00e1s valorado<\/strong> de la <strong>Bundesliga <\/strong>en <strong>Alemania<\/strong>. <\/p>\n<p>El entrenador es <strong>Mohamed Elkardani<\/strong>. Es egipcio y fue jugador profesional de baloncesto. De hecho, fue internacional con la selecci\u00f3n de Egipto. Su carrera como entrenador se ha desarrollado en <strong>Arabia Saud\u00ed<\/strong> y <strong>Egipto<\/strong>. Ahora es el t\u00e9cnico del campe\u00f3n de <strong>\u00c1frica<\/strong> y busca dar la sorpresa en la primera participaci\u00f3n del combinado de <strong>Libia<\/strong> en la <strong>Intercontinental<\/strong>. Para este torneo, adem\u00e1s del mencionado <strong>Marcos Knight<\/strong>, el <strong>Alahli<\/strong> de <strong>Tr\u00edpoli<\/strong> ha hecho un total de <strong>cinco fichajes<\/strong>. Al americano hay que sumarle a <strong>Makur Maker<\/strong> (Sud\u00e1n del Sur), <strong>Iv\u00e1n Almeida<\/strong> (Cabo Verde), <strong>Ismael Romero<\/strong> (internacional absoluto con <strong>Puerto Rico<\/strong>) y <strong>Jean-Jacques Boissy<\/strong> (Senegal). <\/p>\n<p><strong>Alahli SC: el campe\u00f3n de \u00c1frica como primer obst\u00e1culo del Unicaja<\/strong> en la <strong>Copa Intercontinental de la FIBA<\/strong>. <\/p>\n","protected":false},"excerpt":{"rendered":"Alahli SC, primer obst\u00e1culo del Unicaja en la Intercontinental de 2025 El Unicaja defiende la corona de la&hellip;\n","protected":false},"author":2,"featured_media":120396,"comment_status":"","ping_status":"","sticky":false,"template":"","format":"standard","meta":{"footnotes":""},"categories":[269],"tags":[39786,299,298,39787,168,25,24,23,167,2246],"class_list":{"0":"post-120395","1":"post","2":"type-post","3":"status-publish","4":"format-standard","5":"has-post-thumbnail","7":"category-baloncesto","8":"tag-alahli-sc","9":"tag-baloncesto","10":"tag-basketball","11":"tag-copa-intercontinental-de-la-fiba","12":"tag-deportes","13":"tag-es","14":"tag-espana","15":"tag-spain","16":"tag-sports","17":"tag-unicaja"},"share_on_mastodon":{"url":"","error":""},"_links":{"self":[{"href":"https:\/\/www.europesays.com\/es\/wp-json\/wp\/v2\/posts\/120395","targetHints":{"allow":["GET"]}}],"collection":[{"href":"https:\/\/www.europesays.com\/es\/wp-json\/wp\/v2\/posts"}],"about":[{"href":"https:\/\/www.europesays.com\/es\/wp-json\/wp\/v2\/types\/post"}],"author":[{"embeddable":true,"href":"https:\/\/www.europesays.com\/es\/wp-json\/wp\/v2\/users\/2"}],"replies":[{"embeddable":true,"href":"https:\/\/www.europesays.com\/es\/wp-json\/wp\/v2\/comments?post=120395"}],"version-history":[{"count":0,"href":"https:\/\/www.europesays.com\/es\/wp-json\/wp\/v2\/posts\/120395\/revisions"}],"wp:featuredmedia":[{"embeddable":true,"href":"https:\/\/www.europesays.com\/es\/wp-json\/wp\/v2\/media\/120396"}],"wp:attachment":[{"href":"https:\/\/www.europesays.com\/es\/wp-json\/wp\/v2\/media?parent=120395"}],"wp:term":[{"taxonomy":"category","embeddable":true,"href":"https:\/\/www.europesays.com\/es\/wp-json\/wp\/v2\/categories?post=120395"},{"taxonomy":"post_tag","embeddable":true,"href":"https:\/\/www.europesays.com\/es\/wp-json\/wp\/v2\/tags?post=120395"}],"curies":[{"name":"wp","href":"https:\/\/api.w.org\/{rel}","templated":true}]}}