{"id":120410,"date":"2025-09-17T08:44:21","date_gmt":"2025-09-17T08:44:21","guid":{"rendered":"https:\/\/www.europesays.com\/es\/120410\/"},"modified":"2025-09-17T08:44:21","modified_gmt":"2025-09-17T08:44:21","slug":"de-donald-trump-a-meryl-streep-ee-uu-llora-a-robert-redford-uno-de-los-leones-ha-muerto-cine-estrenos-y-criticas","status":"publish","type":"post","link":"https:\/\/www.europesays.com\/es\/120410\/","title":{"rendered":"De Donald Trump a Meryl Streep, EE UU llora a Robert Redford: \u201cUno de los leones ha muerto\u201d | Cine: estrenos y cr\u00edticas"},"content":{"rendered":"<p class=\"\">Fue mucho m\u00e1s que el repeinado marido de Descalzos por el parque, que el avispado periodista de Todos los hombres del presidente, que el vivo retrato del glamur de Hollywood con gorra y tirantes en El golpe, que el aventurero cazador de Memorias de \u00c1frica, incluso que el director de cine ganador del Oscar por Gente ordinaria o el visionario fundador del festival f\u00edlmico de Sundance, que le sobrevive. Robert Redford luch\u00f3 toda su vida por ser m\u00e1s, mucho m\u00e1s, que una cara bonita y unas letras blancas sobre fondo negro en la pantalla. <a href=\"https:\/\/elpais.com\/cultura\/2025-09-16\/muere-el-actor-robert-redford-a-los-89-anos.html\" target=\"_blank\" rel=\"noreferrer nofollow noopener\" title=\"https:\/\/elpais.com\/cultura\/2025-09-16\/muere-el-actor-robert-redford-a-los-89-anos.html\">Al final del viaje, <\/a>ese poso finalmente ha sido reconocido por sus afines y por el mundo entero.<\/p>\n<p class=\"\">Pese a que \u00e9l aseguraba que sab\u00eda reconocer d\u00f3nde estaban los problemas, y particip\u00f3 en consejos y juntas para mejorar el medio ambiente durante d\u00e9cadas, nunca quiso presentarse a un cargo gubernamental. Reconocido dem\u00f3crata, el presidente Barack Obama le entreg\u00f3 la Medalla Presidencial de la Libertad en la Sala Este de la Casa Blanca en noviembre de 2016. Y, desde su primer mandato, fue cr\u00edtico con Trump. En 2017 escribi\u00f3 un art\u00edculo donde alertaba acerca de sus peligros <a href=\"https:\/\/www.washingtonpost.com\/opinions\/robert-redford-45-years-after-watergate-the-truth-is-again-in-danger\/2017\/03\/31\/d7b9bb8c-1334-11e7-ada0-1489b735b3a3_story.html?utm_term=.16fb94370979\" rel=\"nofollow noopener\" target=\"_blank\">en The Washington Post.<\/a> <\/p>\n<p class=\"\">En \u00e9l, ensalzaba que \u201cel periodismo certero defiende nuestra democracia\u201d, y abogaba y hablaba sobre la importancia de Todos los hombres del presidente, centrada en c\u00f3mo se destap\u00f3 el esc\u00e1ndalo Watergate, y sus similitudes con la vida real: \u201cLa mayor es la importancia de la libertad y la independencia de los medios para defender nuestra democracia\u201d. \u201cCuando el presidente<a href=\"http:\/\/internacional.elpais.com\/internacional\/2017\/02\/21\/estados_unidos\/1487712661_956710.html\" rel=\"nofollow noopener\" target=\"_blank\"> Trump habla de estar en guerra<\/a> con los medios\u00bb, escrib\u00eda, \u00ab<a href=\"http:\/\/internacional.elpais.com\/internacional\/2017\/02\/18\/estados_unidos\/1487374207_339655.html\" rel=\"nofollow noopener\" target=\"_blank\">califica a los periodistas como los humanos m\u00e1s deshonestos de la Tierra<\/a> y tuitea que son el enemigo de los estadounidenses, su lenguaje lleva las falsas acusaciones sobre los periodistas de la Administraci\u00f3n Nixon a un nuevo y peligroso nivel\u201d. Precisamente, este martes Donald Trump fue de los primeros en lamentar su muerte: \u201cHubo una \u00e9poca en que era el m\u00e1s popular. Creo que era un grande\u201d, coment\u00f3 cuando un grupo de periodistas le inform\u00f3 de su muerte. <\/p>\n<p>M\u00e1s informaci\u00f3n<\/p>\n<p class=\"\">Pero la estrella (que nunca lleg\u00f3 a<a href=\"https:\/\/elpais.com\/us\/entretenimiento\/2024-05-23\/ana-martinez-la-latina-que-manda-sobre-las-estrellas-del-paseo-de-la-fama-de-hollywood.html\" target=\"_blank\" rel=\"noreferrer nofollow noopener\" title=\"https:\/\/elpais.com\/us\/entretenimiento\/2024-05-23\/ana-martinez-la-latina-que-manda-sobre-las-estrellas-del-paseo-de-la-fama-de-hollywood.html\"> tener una \u00eddem en el Paseo de la Fama de Hollywood<\/a>) ha recibido tambi\u00e9n decenas de homenajes de sus colegas. Han llorado su muerte autores como Stephen King y Marianne Wilson, directores como Ron Howard, pol\u00edticos como <a href=\"https:\/\/x.com\/ObamaFoundation\/status\/1968033227572125955\" target=\"_blank\" rel=\"noreferrer nofollow\" title=\"https:\/\/x.com\/ObamaFoundation\/status\/1968033227572125955\">el propio Obama<\/a>, <a href=\"https:\/\/www.instagram.com\/p\/DOqnggEjoYf\/?utm_source=ig_embed&amp;ig_rid=d55bcd59-7f2d-4ef6-bd46-fa4f9094bafb\" rel=\"nofollow noopener\" title=\"https:\/\/www.instagram.com\/p\/DOqnggEjoYf\/?utm_source=ig_embed&amp;ig_rid=d55bcd59-7f2d-4ef6-bd46-fa4f9094bafb\" target=\"_blank\">Hillary Clinton<\/a> o <a href=\"https:\/\/x.com\/GovCox\/status\/1967946803174838479\" rel=\"nofollow\" title=\"https:\/\/x.com\/GovCox\/status\/1967946803174838479\">Spencer J. Cox, gobernador de Utah<\/a>, y por supuesto actores como Barbra Streisand (\u201cera carism\u00e1tico, inteligente, intenso, siempre interesante, uno de los mejores actores por siempre\u201d), Morgan Freeman, Rosie O\u2019Donnell, Leonardo DiCaprio, Jamie Lee Curtis, Antonio Banderas, Colman Domingo, William Shatner, Julianne Moore, Kerry Washington, Marlee Matlin, James Gunn, Ethan Hawke o Jane Fonda, otra activista y compa\u00f1era, que ha dicho de \u00e9l que era \u201cuna bell\u00edsima persona, en cada faceta\u201d: \u201cEstuvo en pie por unos Estados Unidos por los que tenemos que seguir luchando\u201d. <\/p>\n<p class=\"\">Como ha lamentado Meryl Streep en un comunicado enviado a <a href=\"https:\/\/people.com\/hollywood-pays-tribute-to-robert-redford-following-his-death-at-89-11810808\" rel=\"nofollow noopener\" title=\"https:\/\/people.com\/hollywood-pays-tribute-to-robert-redford-following-his-death-at-89-11810808\" target=\"_blank\">People<\/a>: \u201cUno de los leones ha muerto. Descansa en paz, mi querido amigo\u201d. Incluso Bob Woodward, el periodista al que interpret\u00f3 en Todos los hombres del presidente, ha llorado su partida: \u201cLo quer\u00eda y lo admiraba: por su amistad, su ardiente independencia y la forma en que utilizaba cualquier plataforma que ten\u00eda para ayudar a hacer del mundo un lugar mejor, m\u00e1s justo y m\u00e1s brillante para los dem\u00e1s\u201d.<\/p>\n<p class=\"\">Redford fue abogado de causas, una voz que se hizo escuchar en una industria que mira a la pol\u00edtica y a su activismo con distancia y a menudo hasta con verg\u00fcenza. \u00c9l, no. \u00c9l us\u00f3 su tan conocido nombre para denunciar o poner en valor, lo que le cosech\u00f3 aliados y enemigos, entre ellos, el actual presidente Donald Trump. <\/p>\n<p><img fetchpriority=\"high\" alt=\"Robert Redford (izquierda), junto a Paul Newman en 'El Golpe' (1973).\" decoding=\"auto\" class=\"_re  a_m-h\" height=\"279\"  width=\"414\" src=\"https:\/\/www.europesays.com\/es\/wp-content\/uploads\/2025\/09\/1758098648_68_SVHNKSHFNNC55OQUYVV5EGOHGY.jpg\" loading=\"eager\"\/>Robert Redford (izquierda), junto a Paul Newman en &#8216;El Golpe&#8217; (1973).Bettmann (Bettmann Archive)<img alt=\"Imagen publicada por la revista National Geographic en noviembre de 1976, tras la publicaci\u00f3n de su libro 'Riding the Outlaw Trail'.  \" decoding=\"auto\" class=\"_re lazyload a_m-v\" height=\"467\"  width=\"414\" src=\"https:\/\/www.europesays.com\/es\/wp-content\/uploads\/2025\/09\/1758098649_959_ZFCWXZ3EFZBLXOUMCJLASDNWMU.jpg\" loading=\"lazy\"\/>Imagen publicada por la revista National Geographic en noviembre de 1976, tras la publicaci\u00f3n de su libro &#8216;Riding the Outlaw Trail&#8217;.  AP<img alt=\"Los actores Mike Connors and Robert Redford durante el rodaje de 'Situaci\u00f3n desesperada, pero menos' digirida por German Gottfried Reinhardt, en 1965. \" decoding=\"auto\" class=\"_re lazyload a_m-h\" height=\"307\"  width=\"414\" src=\"https:\/\/www.europesays.com\/es\/wp-content\/uploads\/2025\/09\/1758098649_947_Z4HKXBCIANADZKNRREYQBBICXY.jpg\" loading=\"lazy\"\/>Los actores Mike Connors and Robert Redford durante el rodaje de &#8216;Situaci\u00f3n desesperada, pero menos&#8217; digirida por German Gottfried Reinhardt, en 1965. Sunset Boulevard (Corbis via Getty Images)<img alt=\"El actor Robert Redford en el papel protagonista de la pel\u00edcula western  'Jeremiah Johnson', 1972. \" decoding=\"auto\" class=\"_re lazyload a_m-v\" height=\"518\"  width=\"414\" src=\"https:\/\/www.europesays.com\/es\/wp-content\/uploads\/2025\/09\/BGXRPETMVVEUBC3CXMJIXEGRJ4.jpg\" loading=\"lazy\"\/>El actor Robert Redford en el papel protagonista de la pel\u00edcula western  &#8216;Jeremiah Johnson&#8217;, 1972. Silver Screen Collection (Getty Images)<img alt=\"Redford interpreta a un excampe\u00f3n de rodeo en la pel\u00edcula El Jinete El\u00e9ctrico, en marzo de 1979.  \" decoding=\"auto\" class=\"_re lazyload a_m-h\" height=\"278\"  width=\"414\" src=\"https:\/\/www.europesays.com\/es\/wp-content\/uploads\/2025\/09\/KIF4EA6O7JCFBFEIVGAJL7GFA4.jpg\" loading=\"lazy\"\/>Redford interpreta a un excampe\u00f3n de rodeo en la pel\u00edcula El Jinete El\u00e9ctrico, en marzo de 1979.  Ernst Haas (Getty Images)<img alt=\"Robert Redford, su mujer Lola, y sus hijos Jamie y Shauna, en Nueva York en 1969. \" decoding=\"auto\" class=\"_re lazyload a_m-h\" height=\"289\"  width=\"414\" src=\"https:\/\/www.europesays.com\/es\/wp-content\/uploads\/2025\/09\/1758098651_267_AG44X2XXWRA6LGXLT44U4P6QJM.jpg\" loading=\"lazy\"\/>Robert Redford, su mujer Lola, y sus hijos Jamie y Shauna, en Nueva York en 1969. Tom Wargacki (WireImage)<img alt=\"Robert Redford (izquierda) y Paul Newman, en un fotograma de la pel\u00edcula 'Dos hombre y un destino' (1969). \" decoding=\"auto\" class=\"_re lazyload a_m-h\" height=\"282\"  width=\"414\" src=\"https:\/\/www.europesays.com\/es\/wp-content\/uploads\/2025\/09\/1758098651_34_TJOIQ47ARNCVJPDLNSIUKU6M5M.jpg\" loading=\"lazy\"\/>Robert Redford (izquierda) y Paul Newman, en un fotograma de la pel\u00edcula &#8216;Dos hombre y un destino&#8217; (1969). 20th Century Fox (Getty Images)<img alt=\"El actor Robert Redford en el Festival de Cannes antes de presentar la pel\u00edcula 'Las aventuras de Jeremiah Johnson', el 6 de mayo de 1972.\" decoding=\"auto\" class=\"_re lazyload a_m-h\" height=\"282\"  width=\"414\" src=\"https:\/\/www.europesays.com\/es\/wp-content\/uploads\/2025\/09\/1758098652_895_7ZG2DX6VPNAS5IGN5Z7YGNX6VA.jpg\" loading=\"lazy\"\/>El actor Robert Redford en el Festival de Cannes antes de presentar la pel\u00edcula &#8216;Las aventuras de Jeremiah Johnson&#8217;, el 6 de mayo de 1972.Levy (AP)<img alt=\"Robert Redford y el escritor Gabriel Garcia Marquez, en la Habana, Cuba, en 1988. \" decoding=\"auto\" class=\"_re lazyload a_m-h\" height=\"279\"  width=\"414\" src=\"https:\/\/www.europesays.com\/es\/wp-content\/uploads\/2025\/09\/GMKFVEAEWNE73F7PRDWPJAL6XQ.jpg\" loading=\"lazy\"\/>Robert Redford y el escritor Gabriel Garcia Marquez, en la Habana, Cuba, en 1988. Francoise De Mulder (Roger Viollet via Getty Images)<img alt=\"Robert Redford le lava el pelo a Meryl Streep en la m\u00edtica escena de 'Memorias de \u00c1frica'. \" decoding=\"auto\" class=\"_re lazyload a_m-h\" height=\"280\"  width=\"414\" src=\"https:\/\/www.europesays.com\/es\/wp-content\/uploads\/2025\/09\/KNOGFF254NFELGH4VHVLQJAJAU.jpg\" loading=\"lazy\"\/>Robert Redford le lava el pelo a Meryl Streep en la m\u00edtica escena de &#8216;Memorias de \u00c1frica&#8217;. Sunset Boulevard (Corbis via Getty Images)<img alt=\"Robert Redford y Meryl Streep durante el rodaje de Memorias de \u00c1frica, en 1985. \" decoding=\"auto\" class=\"_re lazyload a_m-h\" height=\"269\"  width=\"414\" src=\"https:\/\/www.europesays.com\/es\/wp-content\/uploads\/2025\/09\/ETCMXPSYDJDDDLM57L4LITX5VQ.jpg\" loading=\"lazy\"\/>Robert Redford y Meryl Streep durante el rodaje de Memorias de \u00c1frica, en 1985. Hulton Archive (Getty Images)<img alt=\"Robert Redford, en el 'Gran Gatsby' (1974). \" decoding=\"auto\" class=\"_re lazyload a_m-h\" height=\"330\"  width=\"414\" src=\"https:\/\/www.europesays.com\/es\/wp-content\/uploads\/2025\/09\/1758098653_898_U54NZLFQ6RGSXEOJLI4F5GGGMY.jpg\" loading=\"lazy\"\/>Robert Redford, en el &#8216;Gran Gatsby&#8217; (1974). Archive Photos (Getty Images)<img alt=\"Robert Redford en una imagen promocional para la pel\u00edcula 'Dos hombres y un destino', dirigida por George Roy Hill, el 1969.  \" decoding=\"auto\" class=\"_re lazyload a_m-v\" height=\"523\"  width=\"414\" src=\"https:\/\/www.europesays.com\/es\/wp-content\/uploads\/2025\/09\/1758098654_295_2Q4GOCM5CNAHLHLRDPZRTKTL3Q.jpg\" loading=\"lazy\"\/>Robert Redford en una imagen promocional para la pel\u00edcula &#8216;Dos hombres y un destino&#8217;, dirigida por George Roy Hill, el 1969.  Michael Ochs Archives (Getty Images)<img alt=\"Los actores americanos Robert Redford y Jane Fonda en una imagen promocional para la pel\u00edcula 'Descalzos por el parque' (1967).   \" decoding=\"auto\" class=\"_re lazyload a_m-h\" height=\"332\"  width=\"414\" src=\"https:\/\/www.europesays.com\/es\/wp-content\/uploads\/2025\/09\/1758098654_566_TOSINMBUXZCRJOYRQVRJ4DJUEM.jpg\" loading=\"lazy\"\/>Los actores americanos Robert Redford y Jane Fonda en una imagen promocional para la pel\u00edcula &#8216;Descalzos por el parque&#8217; (1967).   Silver Screen Collection (Getty Images)<img alt=\"Robert Redford interpreta al periodista Bob Woodward en 'Todos los hombres del presidente' (1976). \" decoding=\"auto\" class=\"_re lazyload a_m-h\" height=\"282\"  width=\"414\" src=\"https:\/\/www.europesays.com\/es\/wp-content\/uploads\/2025\/09\/K2DZLGOM6RHKXFXJOWYGF3NRRM.jpg\" loading=\"lazy\"\/>Robert Redford interpreta al periodista Bob Woodward en &#8216;Todos los hombres del presidente&#8217; (1976). Michael Ochs Archives (Getty Images)<img alt=\"Robert Redford y Dustin Hoffman interpretan a Bob Woodward y Carl Bernstein respectivamente, en 'Todos los hombres del presidente' (1976).  \" decoding=\"auto\" class=\"_re lazyload a_m-v\" height=\"479\"  width=\"414\" src=\"https:\/\/www.europesays.com\/es\/wp-content\/uploads\/2025\/09\/1758098655_444_3LOLEKHT6BDQDKVPZKUBLJLOXE.jpg\" loading=\"lazy\"\/>Robert Redford y Dustin Hoffman interpretan a Bob Woodward y Carl Bernstein respectivamente, en &#8216;Todos los hombres del presidente&#8217; (1976).  Warner Bros. (Getty Images)<img alt=\"Robert Redford y Dustin Hoffman, en otra escena de 'Todos los hombres del presidente' (1976).  \" decoding=\"auto\" class=\"_re lazyload a_m-h\" height=\"287\"  width=\"414\" src=\"https:\/\/www.europesays.com\/es\/wp-content\/uploads\/2025\/09\/1758098655_0_2WE7F2DWA5CB7GATWOIYJUPCCM.jpg\" loading=\"lazy\"\/>Robert Redford y Dustin Hoffman, en otra escena de &#8216;Todos los hombres del presidente&#8217; (1976).  Sunset Boulevard (Corbis via Getty Images)<img alt=\"El Papa Francisco saluda en El Vaticano al actor Robert Redford, el 4 de diciembre de 2019. \" decoding=\"auto\" class=\"_re lazyload a_m-h\" height=\"277\"  width=\"414\" src=\"https:\/\/www.europesays.com\/es\/wp-content\/uploads\/2025\/09\/1758098655_933_BLXNWT6IZNGATOX2DXLAVWEIZQ.jpg\" loading=\"lazy\"\/>El Papa Francisco saluda en El Vaticano al actor Robert Redford, el 4 de diciembre de 2019. Andrew Medichini (AP)<img alt=\"Robert Redford, tras recibir el \u00d3scar a Mejor Director por la pel\u00edcula 'Gente ordinaria', el 31 de marzo de 1981.  \" decoding=\"auto\" class=\"_re lazyload a_m-v\" height=\"639\"  width=\"414\" src=\"https:\/\/www.europesays.com\/es\/wp-content\/uploads\/2025\/09\/1758098656_855_VQGFACKHYFDBBMGSKVMY6TBCLE.jpg\" loading=\"lazy\"\/>Robert Redford, tras recibir el \u00d3scar a Mejor Director por la pel\u00edcula &#8216;Gente ordinaria&#8217;, el 31 de marzo de 1981.  ASSOCIATED PRESS<img alt=\"Robert Redford y Brad Pitt durante en la pel\u00edcula 'The Spy Game' en 2001. \" decoding=\"auto\" class=\"_re lazyload a_m-h\" height=\"250\"  width=\"414\" src=\"https:\/\/www.europesays.com\/es\/wp-content\/uploads\/2025\/09\/4BGR4JJQYJEOHBT4HMXAKAWBD4.jpg\" loading=\"lazy\"\/>Robert Redford y Brad Pitt durante en la pel\u00edcula &#8216;The Spy Game&#8217; en 2001. Pictorial Press Ltd \/ Alamy Stock Photo (Alamy Stock Photo)<img alt=\" Robert Redford, en un episodio de 'La hora de Alfred Hitchcock' (1962). \" decoding=\"auto\" class=\"_re lazyload a_m-h\" height=\"370\"  width=\"414\" src=\"https:\/\/www.europesays.com\/es\/wp-content\/uploads\/2025\/09\/1758098657_964_VLROKLRAXNEKZG4XLRN5O3GNRA.jpg\" loading=\"lazy\"\/> Robert Redford, en un episodio de &#8216;La hora de Alfred Hitchcock&#8217; (1962). CBS Photo Archive (CBS via Getty Images)<img alt=\"Robert Redford y James Drury en 'La maldad que hacen los hombres' (1985)\" decoding=\"auto\" class=\"_re lazyload a_m-h\" height=\"333\"  width=\"414\" src=\"https:\/\/www.europesays.com\/es\/wp-content\/uploads\/2025\/09\/1758098657_120_W3GQC4JCGZF4LFPKB55Z33B4DQ.jpg\" loading=\"lazy\"\/>Robert Redford y James Drury en &#8216;La maldad que hacen los hombres&#8217; (1985)NBC (NBCUniversal via Getty Images)<img alt=\"Robert Redford, en 'El indomable' (1967). \" decoding=\"auto\" class=\"_re lazyload a_m-h\" height=\"300\"  width=\"414\" src=\"https:\/\/www.europesays.com\/es\/wp-content\/uploads\/2025\/09\/1758098658_419_RNIJZFNGOVCXBEWORSRDZINW2Y.jpg\" loading=\"lazy\"\/>Robert Redford, en &#8216;El indomable&#8217; (1967). United Archives (FilmPublicityArchive\/United Archives via Getty Images)<img alt=\"Robert Redford, interpretando al aviador Waldo Pepper, en 'Los intr\u00e9pidos aviadores'(1974).\" decoding=\"auto\" class=\"_re lazyload a_m-h\" height=\"290\"  width=\"414\" src=\"https:\/\/www.europesays.com\/es\/wp-content\/uploads\/2025\/09\/1758098659_690_HGNYWJP555EXZJX4MRMED4LOYE.jpg\" loading=\"lazy\"\/>Robert Redford, interpretando al aviador Waldo Pepper, en &#8216;Los intr\u00e9pidos aviadores'(1974).United Archives (FilmPublicityArchive\/United Archives via Getty Images)<img alt=\"Robert Redford y Jane Fonda posan para los fot\u00f3grafos en el estreno de la pel\u00edcula 'Nosotros en la noche' durante 74 Festival Internacional de Cine de Venecia. \" decoding=\"auto\" class=\"_re lazyload a_m-h\" height=\"277\"  width=\"414\" src=\"https:\/\/www.europesays.com\/es\/wp-content\/uploads\/2025\/09\/1758098659_322_CNWC2JMBTNBMJOFQSQ5UOBLEIY.jpg\" loading=\"lazy\"\/>Robert Redford y Jane Fonda posan para los fot\u00f3grafos en el estreno de la pel\u00edcula &#8216;Nosotros en la noche&#8217; durante 74 Festival Internacional de Cine de Venecia. Joel Ryan (Joel Ryan\/Invision\/AP)<img alt=\"El expresidente de Estados Unidos, Barack Obama, entrega la Medalla Presidencial de la Libertad a Robert Redford en la Sala Este de la Casa Blanca (Washington) , el 22 de noviembre de 2016. \" decoding=\"auto\" class=\"_re lazyload a_m-h\" height=\"338\"  width=\"414\" src=\"https:\/\/www.europesays.com\/es\/wp-content\/uploads\/2025\/09\/1758098660_407_DAYH4RLLKJA6HLOMVTE4PV5D7M.jpg\" loading=\"lazy\"\/>El expresidente de Estados Unidos, Barack Obama, entrega la Medalla Presidencial de la Libertad a Robert Redford en la Sala Este de la Casa Blanca (Washington) , el 22 de noviembre de 2016. Manuel Balce Ceneta (AP)<img alt=\"Robert Redford durante el Festival Internacional de Cine de Marrakech, el 6 de diciembre de 2019. \" decoding=\"auto\" class=\"_re lazyload a_m-h\" height=\"276\"  width=\"414\" src=\"https:\/\/www.europesays.com\/es\/wp-content\/uploads\/2025\/09\/1758098660_913_W3YF63KGIJCSHIJTDGM7LCBZWM.jpg\" loading=\"lazy\"\/>Robert Redford durante el Festival Internacional de Cine de Marrakech, el 6 de diciembre de 2019. Stephane Cardinale &#8211; Corbis (Corbis via Getty Images)<img alt=\"Robert Redford junto a Sibylle Szaggars y el pr\u00edncipe Alberto II de M\u00f3naco en un acto de una fundaci\u00f3n en octubre de 2021. \" decoding=\"auto\" class=\"_re lazyload a_m-h\" height=\"311\"  width=\"414\" src=\"https:\/\/www.europesays.com\/es\/wp-content\/uploads\/2025\/09\/1758098661_186_SGF5EI6U75CYBB3VOHPQ4G25G4.jpg\" loading=\"lazy\"\/>Robert Redford junto a Sibylle Szaggars y el pr\u00edncipe Alberto II de M\u00f3naco en un acto de una fundaci\u00f3n en octubre de 2021. Arnold Jerocki (Getty Images)<\/p>\n<p class=\"\">Apenas ten\u00eda 11 a\u00f1os, a finales de los a\u00f1os cuarenta, cuando tuvo una llamada. Ah\u00ed, de ni\u00f1o, fue de viaje a Yosemite, uno de los grandes parques nacionales de Estados Unidos. Monta\u00f1as, r\u00edos, bosques. \u201cParec\u00eda que Dios hab\u00eda esculpido ese territorio\u201d, recordaba hace unos a\u00f1os en una entrevista con The New York Times. Tanto le impresion\u00f3 que durante dos veranos pidi\u00f3 un empleo en el parque y trabaj\u00f3 all\u00ed, lo que le conect\u00f3 para siempre con la naturaleza. Ese amor adolescente le convirti\u00f3 en un hombre implicado con todas las cuestiones del medio ambiente, conocedor de que los recursos son escasos y abogado por hacer llegar el mensaje. Para ello creo tambi\u00e9n <a href=\"https:\/\/www.redfordcenter.org\/films\/robert-redfords-environmental-legacy\/\" rel=\"nofollow noopener\" title=\"https:\/\/www.redfordcenter.org\/films\/robert-redfords-environmental-legacy\/\" target=\"_blank\">el Redford Center, que recoge su obra<\/a> y la lleva m\u00e1s all\u00e1, en busca de soluciones para la Tierra. \u201cLos recursos de nuestro planeta son limitados\u201d, afirma en la web del mismo. Pese a todo, no le gustaba hacerse llamar activista, un t\u00e9rmino que consideraba como demasiado serio para \u00e9l. Pero, mal que le pesara, <a href=\"https:\/\/elpais.com\/cultura\/2025-09-16\/robert-redford-creible-y-magnetico-en-el-cine-y-en-la-vida.html\" target=\"_blank\" rel=\"noreferrer nofollow noopener\" title=\"https:\/\/elpais.com\/cultura\/2025-09-16\/robert-redford-creible-y-magnetico-en-el-cine-y-en-la-vida.html\">lo fue toda su vida y en su legado. <\/a><\/p>\n<blockquote class=\"twitter-tweet\">\n<p lang=\"en\" dir=\"ltr\">Robert Redford. I loved him, and admired him\u2014for his friendship, his fiery independence, and the way he used any platform he had to help make the world better, fairer, brighter for others. <a href=\"https:\/\/t.co\/Omg433DA3y\" rel=\"nofollow\">pic.twitter.com\/Omg433DA3y<\/a><\/p>\n<p>\u2014 Bob Woodward (@realBobWoodward) <a href=\"https:\/\/twitter.com\/realBobWoodward\/status\/1968031116184686754?ref_src=twsrc%5Etfw\" rel=\"nofollow noopener\" target=\"_blank\">September 16, 2025<\/a><\/p><\/blockquote>\n<p class=\"\">Utah, tan desconocido como cargado con los m\u00e1s exquisitos y salvajes paisajes del Oeste, fue su hogar y su Estado fetiche. Fue insistente en que esos ca\u00f1ones sinuosos en las que recib\u00eda multas de tr\u00e1fico con su Porsche no se convirtieran en una carretera de seis carriles. Batall\u00f3 para que no se instalara una planta de carb\u00f3n en el sur, en las llanuras de Kaiparowits; lo logr\u00f3, y hoy son parte del monumento nacional Grand Staircase-Escalante. Pero entonces la oposici\u00f3n fue tal que los residentes de Kanab, la ciudad m\u00e1s cercana, llegaron a quemar una imagen suya en la calle principal. Redford lleg\u00f3 incluso a escribir un libro sobre el llamado Outlaw Trail, tambi\u00e9n conocido como el Sendero de los Forajidos, una fascinante ruta paisaj\u00edstica que conecta Utah, Colorado, Arizona y Nuevo M\u00e9xico. En los setenta la recorri\u00f3, conociendo a algunos de sus habitantes, hablando con ellos, que recordaban a aquellos viejos pistoleros, recogiendo sus fotograf\u00edas y poniendo sus vivencias por escrito.<\/p>\n<p class=\"\">Esa <a href=\"https:\/\/elpais.com\/cultura\/2025-09-16\/robert-redford-en-13-peliculas-que-marcaron-la-historia-del-cine.html\" target=\"_blank\" rel=\"nofollow noopener\" title=\"https:\/\/elpais.com\/cultura\/2025-09-16\/robert-redford-en-13-peliculas-que-marcaron-la-historia-del-cine.html\">necesidad de salirse del carril hollywoodiense<\/a> le llev\u00f3 a fundar el festival de Sundance. Pero con \u00e9l, como todo lo que tocaba, la popularidad arras\u00f3 mucho m\u00e1s de lo que pretend\u00eda. Decenas de miles de personas inundaban cada enero Salt Lake City, para su desgracia: \u201cQuiero que los vendedores ambulantes, las marcas de vodka, las bolsas de regalos y las Paris Hiltons se vayan para siempre\u201d, le dijo a un periodista hace ya m\u00e1s de una d\u00e9cada. Finalmente, tambi\u00e9n lo logr\u00f3: la edici\u00f3n de 2026 ser\u00e1 precisamente su \u00faltimo a\u00f1o ah\u00ed, <a href=\"https:\/\/elpais.com\/us\/2025-03-27\/el-festival-de-cine-de-sundance-abandona-utah-y-se-muda-a-colorado-a-partir-de-2027.html\" rel=\"nofollow noopener\" title=\"https:\/\/elpais.com\/us\/2025-03-27\/el-festival-de-cine-de-sundance-abandona-utah-y-se-muda-a-colorado-a-partir-de-2027.html\" target=\"_blank\">porque se muda a Colorado<\/a>.<\/p>\n<p><script async src=\"https:\/\/platform.twitter.com\/widgets.js\" charset=\"utf-8\"><\/script><script async src=\"\/\/www.instagram.com\/embed.js\"><\/script><\/p>\n","protected":false},"excerpt":{"rendered":"Fue mucho m\u00e1s que el repeinado marido de Descalzos por el parque, que el avispado periodista de Todos&hellip;\n","protected":false},"author":2,"featured_media":120411,"comment_status":"","ping_status":"","sticky":false,"template":"","format":"standard","meta":{"footnotes":""},"categories":[91],"tags":[20626,39790,1014,1895,643,177,13803,209,352,146,147,25,24,629,1505,39489,8142,23536,23,36814],"class_list":{"0":"post-120410","1":"post","2":"type-post","3":"status-publish","4":"format-standard","5":"has-post-thumbnail","7":"category-entretenimiento","8":"tag-activismo","9":"tag-activismo-climatico","10":"tag-actores","11":"tag-barack-obama","12":"tag-california","13":"tag-cine","14":"tag-cine-americano","15":"tag-cultura","16":"tag-donald-trump","17":"tag-entertainment","18":"tag-entretenimiento","19":"tag-es","20":"tag-espana","21":"tag-estados-unidos","22":"tag-hollywood","23":"tag-jane-fonda","24":"tag-meryl-streep","25":"tag-robert-redford","26":"tag-spain","27":"tag-utah"},"share_on_mastodon":{"url":"","error":""},"_links":{"self":[{"href":"https:\/\/www.europesays.com\/es\/wp-json\/wp\/v2\/posts\/120410","targetHints":{"allow":["GET"]}}],"collection":[{"href":"https:\/\/www.europesays.com\/es\/wp-json\/wp\/v2\/posts"}],"about":[{"href":"https:\/\/www.europesays.com\/es\/wp-json\/wp\/v2\/types\/post"}],"author":[{"embeddable":true,"href":"https:\/\/www.europesays.com\/es\/wp-json\/wp\/v2\/users\/2"}],"replies":[{"embeddable":true,"href":"https:\/\/www.europesays.com\/es\/wp-json\/wp\/v2\/comments?post=120410"}],"version-history":[{"count":0,"href":"https:\/\/www.europesays.com\/es\/wp-json\/wp\/v2\/posts\/120410\/revisions"}],"wp:featuredmedia":[{"embeddable":true,"href":"https:\/\/www.europesays.com\/es\/wp-json\/wp\/v2\/media\/120411"}],"wp:attachment":[{"href":"https:\/\/www.europesays.com\/es\/wp-json\/wp\/v2\/media?parent=120410"}],"wp:term":[{"taxonomy":"category","embeddable":true,"href":"https:\/\/www.europesays.com\/es\/wp-json\/wp\/v2\/categories?post=120410"},{"taxonomy":"post_tag","embeddable":true,"href":"https:\/\/www.europesays.com\/es\/wp-json\/wp\/v2\/tags?post=120410"}],"curies":[{"name":"wp","href":"https:\/\/api.w.org\/{rel}","templated":true}]}}