{"id":120412,"date":"2025-09-17T08:45:11","date_gmt":"2025-09-17T08:45:11","guid":{"rendered":"https:\/\/www.europesays.com\/es\/120412\/"},"modified":"2025-09-17T08:45:11","modified_gmt":"2025-09-17T08:45:11","slug":"entre-el-35-y-el-76-de-descuento","status":"publish","type":"post","link":"https:\/\/www.europesays.com\/es\/120412\/","title":{"rendered":"entre el 35% y el 76% de descuento"},"content":{"rendered":"<p data-gtm-element-container=\"modulo-texto-link\" class=\"paragraph\">Cada d\u00eda cuando suena el despertador nos activamos porque son muchas las cosas que tenemos que hacer durante el d\u00eda. Llevar a los ni\u00f1os al cole, ir a trabajar, hacer la compra, ir al m\u00e9dico&#8230; la tarea que sea. Vamos todo el d\u00eda corriendo a los sitios y aun as\u00ed, no nos da la vida para hacerlo todo. Llevamos una vida fren\u00e9tica que deber\u00edamos frenar e intentar rebajar en intensidad. Al menos, ser\u00eda interesante buscar esos momentos durante el d\u00eda para tomarte un peque\u00f1o descanso y disfrutar de las cosas que nos gustan.<\/p>\n<p>        Lee tambi\u00e9n<\/p>\n<p>    Carlos Dom\u00ednguez<\/p>\n<p>             <img loading=\"lazy\" decoding=\"async\" data-full-src=\"https:\/\/www.lavanguardia.com\/uploads\/2025\/09\/16\/68c93dbf02b60.jpeg\" alt=\"Hazte con tus zapatillas Puma favoritas con descuentos incre\u00edbles en Amazon\" width=\"104\" height=\"108\" src=\"https:\/\/www.europesays.com\/es\/wp-content\/uploads\/2025\/09\/68c93dbf02b60.jpeg\" class=\"lazy\"\/><\/p>\n<p data-gtm-element-container=\"modulo-texto-link\" class=\"paragraph\">Por ejemplo, estoy segura de que te va a gustar lo que vas a ver a continuaci\u00f3n, porque, \u00bfa qui\u00e9n no le gusta encontrar el producto o productos que necesita al mejor precio posible? En un mundo en el que el sueldo se nos va casi entero para pagar el alquiler o la hipoteca, \u00bfa qui\u00e9n no le interesa ahorrar unos euros? Aqu\u00ed tienes los chollos del d\u00eda de Amazon para poder desconectar un poco del frenes\u00ed del d\u00eda y satisfacer alguna necesidad personal o familiar.<\/p>\n<p>5 chollos que puedes comprar en Amazon hoy<br \/>\nMochila de viaje de vac\u00edo46% de descuento<\/p>\n<p>                <img loading=\"lazy\" decoding=\"async\" data-full-src=\"https:\/\/www.lavanguardia.com\/uploads\/2025\/09\/17\/68ca52617ab43.jpeg\" alt=\"Mochila de viaje al vac\u00edo\" width=\"449\" height=\"337\" src=\"https:\/\/www.europesays.com\/es\/wp-content\/uploads\/2025\/09\/68ca52617ab43.jpeg\" class=\"lazy\"\/><\/p>\n<p class=\"caption-title \">Mochila de viaje al vac\u00edo.<\/p>\n<p>                    Amazon<\/p>\n<p data-gtm-element-container=\"modulo-texto-link\" class=\"paragraph\">La mochila de viaje con funci\u00f3n de compresi\u00f3n al vac\u00edo permite expulsar el aire mediante una v\u00e1lvula para maximizar el espacio de almacenamiento, ya sea usando la bomba el\u00e9ctrica incluida o manualmente, optimizando el espacio en tu equipaje y manteni\u00e9ndolo perfectamente organizado. Equipada con una bomba de vac\u00edo recargable por USB Tipo-C y diferentes boquillas, facilita inflar o desinflar con rapidez en diversas situaciones.\u00a0<\/p>\n<p data-gtm-element-container=\"modulo-texto-link\" class=\"paragraph\">Su dise\u00f1o incorpora separaci\u00f3n h\u00fameda\/seca, compartimentos multifuncionales, puerto USB, compartimento para zapatos y port\u00e1til, asegurando aislamiento de objetos y organizaci\u00f3n total. Cumple con las normas de equipaje cabina para Ryanair y otras aerol\u00edneas, con apertura 180\u00b0 tipo maleta para f\u00e1cil acceso. Incluye correa trasera para sujetar a maletas rodantes, bolsillo trasero seguro para objetos de valor y respaldo alveolado impermeable y transpirable para mayor comodidad en viajes de trabajo, universidad y escapadas de fin de semana.<\/p>\n<p>Dron con c\u00e1mara 4k para ni\u00f1os y adultos50% de descuento<\/p>\n<p>                <img loading=\"lazy\" decoding=\"async\" data-full-src=\"https:\/\/www.lavanguardia.com\/uploads\/2025\/09\/17\/68ca5308c3101.jpeg\" alt=\"Dron con c\u00e1mara 4k para ni\u00f1os y adultos\" width=\"449\" height=\"337\" src=\"https:\/\/www.europesays.com\/es\/wp-content\/uploads\/2025\/09\/68ca5308c3101.jpeg\" class=\"lazy\"\/><\/p>\n<p class=\"caption-title \">Dron con c\u00e1mara 4k para ni\u00f1os y adultos.<\/p>\n<p>                    Amazon<\/p>\n<p data-gtm-element-container=\"modulo-texto-link\" class=\"paragraph\">Este dron GPS profesional est\u00e1 equipado con control remoto y pantalla FHD 2K, permitiendo visualizar con claridad incluso bajo luz intensa y garantizando una transmisi\u00f3n fluida y fiable para una experiencia de vuelo completa. La c\u00e1mara 4K UHD con lente gran angular de 120\u00b0 y ajuste de 90\u00b0, junto con grabaci\u00f3n en alta resoluci\u00f3n (3840 x 2160P) y tarjeta SD incluida, ofrece im\u00e1genes y v\u00eddeos de gran calidad y nitidez.\u00a0<\/p>\n<p data-gtm-element-container=\"modulo-texto-link\" class=\"paragraph\">Su manejo es sencillo: basta encender el dron y el mando para comenzar a volar, eliminando la necesidad de configurar el m\u00f3vil previamente. Cuenta con caracter\u00edsticas de seguridad para principiantes como hovering preciso, auto despegue\/aterrizaje y regreso autom\u00e1tico gracias al GPS si pierde se\u00f1al, sale fuera de rango o tiene bater\u00eda baja. Dispone de dos bater\u00edas inteligentes para hasta 45 minutos de autonom\u00eda en total y motores sin escobillas que garantizan velocidad, estabilidad y resistencia al viento.\u00a0<\/p>\n<p data-gtm-element-container=\"modulo-texto-link\" class=\"paragraph\">Es compacto y plegable, pesa menos de 250g, lo que lo exime de registro en la FAA, incluye bolso de transporte y es ideal para fotograf\u00eda a\u00e9rea, viajes y actividades outdoor. Incorpora funciones GPS avanzadas como seguimiento autom\u00e1tico, vuelo en c\u00edrculos y otras opciones inteligentes, con v\u00eddeos tutoriales y soporte t\u00e9cnico para asistencia personalizada y aprendizaje r\u00e1pido.<\/p>\n<p>Cafetera expreso con 2 portafiltros\u00a0WMF Lono47% de descuento<\/p>\n<p>                <img loading=\"lazy\" decoding=\"async\" data-full-src=\"https:\/\/www.lavanguardia.com\/uploads\/2025\/09\/17\/68ca5393c4305.jpeg\" alt=\"Cafetera expreso con 2 portafiltros WMF Lono\" width=\"449\" height=\"337\" src=\"https:\/\/www.europesays.com\/es\/wp-content\/uploads\/2025\/09\/68ca5393c4305.jpeg\" class=\"lazy\"\/><\/p>\n<p class=\"caption-title \">Cafetera expreso con 2 portafiltros WMF Lono.<\/p>\n<p>                    Amazon<\/p>\n<p data-gtm-element-container=\"modulo-texto-link\" class=\"paragraph\">La m\u00e1quina de caf\u00e9 expreso de acero inoxidable Cromargan mate combina potencia de 1350 W y presi\u00f3n de bomba de 15 bares para extraer aromas intensos y crema espesa en cada taza, gracias a la tecnolog\u00eda innovadora \u201cCrema Assist\u201d. Incluye espumador de leche integrado para preparar desde macchiatos suaves hasta cappuccinos cremosos en segundos, permitiendo versatilidad en bebidas. Su dise\u00f1o compacto (14 x 31 x 30,5 cm) incorpora una bandeja de goteo ajustable con indicador de nivel rojo para adaptarse a diferentes tama\u00f1os de taza y mantener la superficie siempre limpia.\u00a0<\/p>\n<p data-gtm-element-container=\"modulo-texto-link\" class=\"paragraph\">El funcionamiento se simplifica con solo 2 botones, aprovechando la experiencia en m\u00e1quinas profesionales de la marca, y permite ajustar temperatura, cantidad de caf\u00e9 y dureza del agua para adaptarse a cada hogar. El set incluye 2 insertos para uno o dos espressos, cuchara dosificadora y prensador, ofreciendo comodidad y precisi\u00f3n en cada preparaci\u00f3n. Su acabado elegante en Cromargan mate aporta distinci\u00f3n y durabilidad para cualquier cocina.<\/p>\n<p>Reloj inteligente hombre\u00a0OUKITEL76% de descuento<\/p>\n<p>                <img loading=\"lazy\" decoding=\"async\" data-full-src=\"https:\/\/www.lavanguardia.com\/uploads\/2025\/09\/17\/68ca543086814.jpeg\" alt=\"Reloj inteligente hombre OUKITEL\" width=\"449\" height=\"337\" src=\"https:\/\/www.europesays.com\/es\/wp-content\/uploads\/2025\/09\/68ca543086814.jpeg\" class=\"lazy\"\/><\/p>\n<p class=\"caption-title \">Reloj inteligente hombre OUKITEL.<\/p>\n<p>                    Amazon<\/p>\n<p data-gtm-element-container=\"modulo-texto-link\" class=\"paragraph\">Este smartwatch deportivo de 2.02\u201d ofrece pantalla t\u00e1ctil HD con ajuste de brillo en 4 niveles, facilitando la lectura bajo cualquier luz y m\u00e1s de 100 fondos personalizables, incluso con fotos propias. Permite realizar y recibir llamadas Bluetooth, adem\u00e1s de recibir mensajes y notificaciones de apps como WhatsApp y Facebook en tiempo real, siendo compatible con iOS y Android.\u00a0<\/p>\n<p data-gtm-element-container=\"modulo-texto-link\" class=\"paragraph\">Incorpora m\u00e1s de 100 modos deportivos, rastreando con precisi\u00f3n pasos, distancia y calor\u00edas, junto a monitorizaci\u00f3n continua de frecuencia card\u00edaca y sue\u00f1o, proporcionando an\u00e1lisis de datos desde la pulsera y la app para un control saludable diario. Equipado con bater\u00eda de 410 mAh, ofrece hasta 15 d\u00edas de uso y 70 d\u00edas en espera, incluyendo funciones adicionales como alarma, cron\u00f3metro, temporizador, recordatorio de sedentarismo y b\u00fasqueda de dispositivo, asegurando m\u00e1xima versatilidad y autonom\u00eda.<\/p>\n<p>Braun Silk-\u00e9pil 735% de descuento<\/p>\n<p>                <img loading=\"lazy\" decoding=\"async\" data-full-src=\"https:\/\/www.lavanguardia.com\/uploads\/2025\/07\/30\/6889cdf33d3e7.jpeg\" alt=\"Depiladora Braun Silk-\u00e9pil 7\" width=\"449\" height=\"337\" src=\"https:\/\/www.europesays.com\/es\/wp-content\/uploads\/2025\/09\/6889cdf33d3e7.jpeg\" class=\"lazy\"\/><\/p>\n<p class=\"caption-title \">Depiladora Braun Silk-\u00e9pil 7<\/p>\n<p>                    Amazon<\/p>\n<p data-gtm-element-container=\"modulo-texto-link\" class=\"paragraph\">La depiladora Braun ofrece hasta un mes de piel suave en cualquier momento y lugar, directamente desde casa, gracias a su cabezal ancho que elimina m\u00e1s vello en cada pasada en comparaci\u00f3n con el Silk-\u00e9pil 5. Es capaz de atrapar vello corto de hasta 0,5 mm, superando la eficacia de la cera convencional. El capuch\u00f3n con rodillo de masaje proporciona depilaci\u00f3n suave de ra\u00edz y reduce la sensaci\u00f3n de dolor.\u00a0<\/p>\n<p data-gtm-element-container=\"modulo-texto-link\" class=\"paragraph\">Permite su uso tanto en seco como en mojado, brindando m\u00e1xima comodidad en la ducha o ba\u00f1era y minimizando el malestar. Funciona sin productos qu\u00edmicos y sin necesidad de esperar a que el vello crezca, atrapando incluso el vello m\u00e1s corto para una depilaci\u00f3n personalizada y eficiente.<\/p>\n<p>        Lee tambi\u00e9n<\/p>\n<p>    Carlos Dom\u00ednguez<\/p>\n<p>             <img loading=\"lazy\" decoding=\"async\" data-full-src=\"https:\/\/www.lavanguardia.com\/uploads\/2025\/09\/16\/68c9217f80cf5.jpeg\" alt=\"Empieza el oto\u00f1o mejorando tus h\u00e1bitos, confiando en ti y construyendo rutinas que aporten\" width=\"334\" height=\"164\" src=\"https:\/\/www.europesays.com\/es\/wp-content\/uploads\/2025\/09\/1758098710_558_68c9217f80cf5.jpeg\" class=\"lazy\"\/><\/p>\n<p>        Lee tambi\u00e9n<\/p>\n<p>    Iv\u00e1n Gim\u00e9nez<\/p>\n<p>             <img loading=\"lazy\" decoding=\"async\" data-full-src=\"https:\/\/www.lavanguardia.com\/uploads\/2025\/09\/15\/68c7e2870338e.jpeg\" alt=\"Gato saliendo del arenero autolimpiable.\" width=\"334\" height=\"164\" src=\"https:\/\/www.europesays.com\/es\/wp-content\/uploads\/2025\/09\/68c7e2870338e.r_d.503-497.jpeg\" class=\"lazy\"\/><\/p>\n<p>        Lee tambi\u00e9n<\/p>\n<p>    Andrea V\u00e1zquez<\/p>\n<p>             <img loading=\"lazy\" decoding=\"async\" data-full-src=\"https:\/\/www.lavanguardia.com\/uploads\/2025\/09\/16\/68c90f198a37b.jpeg\" alt=\"Una mujer aplic\u00e1ndose un producto de belleza en las piernas\" width=\"334\" height=\"164\" src=\"https:\/\/www.europesays.com\/es\/wp-content\/uploads\/2025\/09\/68c90f198a37b.r_d.627-418.jpeg\" class=\"lazy\"\/><\/p>\n","protected":false},"excerpt":{"rendered":"Cada d\u00eda cuando suena el despertador nos activamos porque son muchas las cosas que tenemos que hacer durante&hellip;\n","protected":false},"author":2,"featured_media":120413,"comment_status":"","ping_status":"","sticky":false,"template":"","format":"standard","meta":{"footnotes":""},"categories":[81],"tags":[119,123,124,25,24,117,121,122,23,118,120],"class_list":{"0":"post-120412","1":"post","2":"type-post","3":"status-publish","4":"format-standard","5":"has-post-thumbnail","7":"category-ciencia-y-tecnologia","8":"tag-ciencia","9":"tag-ciencia-y-tecnologia","10":"tag-cienciaytecnologia","11":"tag-es","12":"tag-espana","13":"tag-science","14":"tag-science-and-technology","15":"tag-scienceandtechnology","16":"tag-spain","17":"tag-technology","18":"tag-tecnologia"},"share_on_mastodon":{"url":"","error":""},"_links":{"self":[{"href":"https:\/\/www.europesays.com\/es\/wp-json\/wp\/v2\/posts\/120412","targetHints":{"allow":["GET"]}}],"collection":[{"href":"https:\/\/www.europesays.com\/es\/wp-json\/wp\/v2\/posts"}],"about":[{"href":"https:\/\/www.europesays.com\/es\/wp-json\/wp\/v2\/types\/post"}],"author":[{"embeddable":true,"href":"https:\/\/www.europesays.com\/es\/wp-json\/wp\/v2\/users\/2"}],"replies":[{"embeddable":true,"href":"https:\/\/www.europesays.com\/es\/wp-json\/wp\/v2\/comments?post=120412"}],"version-history":[{"count":0,"href":"https:\/\/www.europesays.com\/es\/wp-json\/wp\/v2\/posts\/120412\/revisions"}],"wp:featuredmedia":[{"embeddable":true,"href":"https:\/\/www.europesays.com\/es\/wp-json\/wp\/v2\/media\/120413"}],"wp:attachment":[{"href":"https:\/\/www.europesays.com\/es\/wp-json\/wp\/v2\/media?parent=120412"}],"wp:term":[{"taxonomy":"category","embeddable":true,"href":"https:\/\/www.europesays.com\/es\/wp-json\/wp\/v2\/categories?post=120412"},{"taxonomy":"post_tag","embeddable":true,"href":"https:\/\/www.europesays.com\/es\/wp-json\/wp\/v2\/tags?post=120412"}],"curies":[{"name":"wp","href":"https:\/\/api.w.org\/{rel}","templated":true}]}}