{"id":120416,"date":"2025-09-17T08:47:09","date_gmt":"2025-09-17T08:47:09","guid":{"rendered":"https:\/\/www.europesays.com\/es\/120416\/"},"modified":"2025-09-17T08:47:09","modified_gmt":"2025-09-17T08:47:09","slug":"todo-lo-que-cambia-con-la-declaracion-de-genocidio-de-la-onu-sobre-israel","status":"publish","type":"post","link":"https:\/\/www.europesays.com\/es\/120416\/","title":{"rendered":"Todo lo que cambia con la declaraci\u00f3n de genocidio de la ONU sobre Israel"},"content":{"rendered":"<p>La resoluci\u00f3n de la Comisi\u00f3n Internacional Independiente de Investigaci\u00f3n de la ONU que concluye que<a href=\"\"> Israel ha cometido genocidio contra los palestinos en Gaza<\/a> marca un punto de inflexi\u00f3n, con implicaciones tambi\u00e9n para el resto de pa\u00edses.<\/p>\n<p><b>\u00bfQu\u00e9 supone que la comisi\u00f3n lo califique como genocidio?<\/b><\/p>\n<p>La Comisi\u00f3n fue establecida por el Consejo de Derechos Humanos de la ONU, que es el \u00f3rgano en materia de derechos humanos m\u00e1s importante de Naciones Unidas. Funciona como un mecanismo de verdad y rendici\u00f3n de cuentas, cuyo objetivo es documentar los cr\u00edmenes de forma independiente para que otros \u00f3rganos puedan actuar judicialmente.<\/p>\n<p>Aunque no es un organismo estrictamente vinculante, seg\u00fan explica a EFE Ana Manero, catedr\u00e1tica de Derecho Internacional P\u00fablico y Relaciones Internacionales de la Universidad Carlos III de Madrid, se trata de una \u00abinterpretaci\u00f3n autorizada, que aclara el marco jur\u00eddico\u00bb.<\/p>\n<p>Determinar que se comete genocidio, a\u00f1ade la experta, supone que hay una violaci\u00f3n de una norma imperativa del derecho internacional, lo que genera obligaciones para los dem\u00e1s Estados. Entre ellas la de no prestar ayuda al mantenimiento de la situaci\u00f3n.<\/p>\n<p>Las obligaciones se derivan precisamente de la violaci\u00f3n de esas normas, y las recomendaciones de la Comisi\u00f3n, que apuntan entre otras al cese de entrega de armas o de material defensivo que pueda usarse en esas operaciones, parten de la constataci\u00f3n de dicha violaci\u00f3n.<\/p>\n<p><b>\u00bfQu\u00e9 importancia tiene la decisi\u00f3n?<\/b><\/p>\n<p>Cuando se tiene constancia de que un pa\u00eds est\u00e1 violando sus obligaciones internacionales, los Estados y las organizaciones con competencia deben dejar de asistir al Estado que comete estas violaciones.<\/p>\n<p>El <a href=\"https:\/\/news.un.org\/es\/story\/2025\/09\/1540443\" target=\"_blank\" rel=\"nofollow noopener\">Consejo de Seguridad de la ONU<\/a> podr\u00eda frenar a Israel con resoluciones vinculantes, pero su par\u00e1lisis debido a la pol\u00edtica de veto de Estados Unidos dificulta que se tomen medidas coercitivas generales. Esto no impide que los pa\u00edses adopten decisiones basadas en el informe, como embargos o la ruptura de relaciones diplom\u00e1ticas o comerciales.<\/p>\n<p>En teor\u00eda, seg\u00fan sostiene Mar\u00eda de los \u00c1ngeles Ruiz, profesora de Derecho Internacional P\u00fablico y Relaciones Internacionales de la Universidad Complutense de Madrid, \u00abtras la decisi\u00f3n de la comisi\u00f3n el Consejo de Seguridad deber\u00eda de adoptar las medidas pertinentes para pacificar la zona afectada\u00bb.<\/p>\n<p>El informe es importante porque, a juicio de Manero, puede servir de base para los tribunales y otros Estados. As\u00ed, podr\u00eda facilitar que la Fiscal\u00eda de la Corte Penal Internacional ampliase los fundamentos en los que basa su orden de detenci\u00f3n contra el primer ministro israel\u00ed, <a href=\"\">Benjam\u00edn Netanyahu<\/a>, o contra el exministro de Defensa Yoav Galant.<\/p>\n<p>Montserrat Abad, profesora de Derecho Internacional en la Carlos III, recalca que el fallo de la comisi\u00f3n \u00abaumenta la presi\u00f3n pol\u00edtica, diplom\u00e1tica y jur\u00eddica\u00bb, fortalece los procesos judiciales en marcha y apuntala aseveraciones anteriores emitidas por organismos vinculados a la ONU.<\/p>\n<p><b>\u00bfPor qu\u00e9 su voz tiene peso?<\/b><\/p>\n<p>La <a href=\"\">Corte Internacional de Justicia (CIJ)<\/a> hab\u00eda dictado medidas cautelares en 2024 y ordenado a Israel tomar acciones dirigidas a prevenir actos que pudieran constituir genocidio, mientras que la Fiscal\u00eda de la Corte Penal Internacional se ha referido a posibles cr\u00edmenes de guerra y contra la humanidad y a la posibilidad de genocidio, pero no han emitido una declaraci\u00f3n final al respecto.<\/p>\n<p>La conclusi\u00f3n de la comisi\u00f3n, seg\u00fan Manero, constituye un \u00abavance significativo\u00bb, al ser un ente establecido por el Consejo de Derechos Humanos de la ONU, que es el principal \u00f3rgano de Naciones Unidas encargado de la promoci\u00f3n y protecci\u00f3n de los derechos humanos en el mundo.<\/p>\n<p>El consenso sobre la perpetraci\u00f3n de genocidio en Gaza, a\u00f1ade Ruiz, \u00abparece que queda de manifiesto a trav\u00e9s de esta decisi\u00f3n\u00bb.<\/p>\n<p><b>La definici\u00f3n de genocidio<\/b><\/p>\n<p>La CIJ, m\u00e1ximo tribunal de la ONU, est\u00e1 en una fase intermedia de un procedimiento iniciado en diciembre de 2023 por Sud\u00e1frica, que acusa a Israel de violar la Convenci\u00f3n, pero este tribunal no lleva a cabo investigaciones propias sobre el terreno, como lo har\u00eda la CPI, sino que examina los argumentos y pruebas que los Estados presentan en un litigio.<\/p>\n<p>En una fase preliminar del proceso, Sud\u00e1frica solicit\u00f3 medidas cautelares urgentes para exigir al Gobierno israel\u00ed proteger a la poblaci\u00f3n civil palestina.<\/p>\n<p>En enero de 2024, la CIJ acept\u00f3 parcialmente la solicitud al considerar que \u201cexiste un riesgo real e inminente de un perjuicio irreparable\u201d a los derechos de los palestinos y acept\u00f3 que era \u201cplausible el derecho del pueblo palestino en Gaza a ser protegido contra actos de genocidio\u201d, sin pronunciarse sobre si esos actos constituyen efectivamente genocidio.<\/p>\n<p>El tribunal orden\u00f3 entonces a Israel adoptar medidas \u201cinmediatas y efectivas\u201d para prevenir actos de genocidio y garantizara la entrada de ayuda humanitaria a Gaza.<\/p>\n<p>Desde entonces, la Corte ha emitido nuevas \u00f3rdenes cautelares en respuesta a la evoluci\u00f3n de la ofensiva en Gaza, sin entrar en el fondo del caso.<\/p>\n<p>Sud\u00e1frica entreg\u00f3 en octubre de 2024 su memoria escrita con los principales argumentos y pruebas, y ahora Israel tiene hasta enero de 2026 para presentar los suyos.<\/p>\n<p>El nuevo informe de la comisi\u00f3n de la ONU puede reforzar los argumentos de Sud\u00e1frica, pero la CIJ evaluar\u00e1 su valor probatorio dentro del procedimiento sobre el fondo, cuya resoluci\u00f3n podr\u00eda tardar a\u00f1os.<\/p>\n<p>El tribunal s\u00f3lo dictar\u00e1 un fallo definitivo tras analizar no solo documentos como este, sino tambi\u00e9n pruebas verificables, testimonios y alegatos de ambas partes. De momento, ni siquiera hay fecha para las audiencias p\u00fablicas en las que las partes defender\u00e1n sus argumentos.<\/p>\n<p><b>Cr\u00edmenes de guerra y de lesa humanidad<\/b><\/p>\n<p>La CPI, por su parte, investiga desde 2021 posibles cr\u00edmenes de guerra y de lesa humanidad cometidos tanto por Israel como por Ham\u00e1s en los territorios palestinos ocupados, lo que incluye la situaci\u00f3n actual en Gaza.<\/p>\n<p>Este tribunal, que se rige por el Estatuto de Roma, s\u00ed persigue responsabilidades individuales, pero debe verificar las pruebas de manera independiente.<\/p>\n<p>El nuevo informe de la comisi\u00f3n de la ONU no exonera a la fiscal\u00eda de la CPI de reunir pruebas directas y verificables, pero puede aportar contexto para sostener las pesquisas, pues apunta a patrones de ataques, bloqueos, desplazamientos y declaraciones y actos de altos responsables israel\u00edes que podr\u00edan interpretarse como incitaci\u00f3n o ejecuci\u00f3n de cr\u00edmenes de genocidio.<\/p>\n<p>En noviembre pasado, la CPI ya emiti\u00f3 \u00f3rdenes de arresto contra tres l\u00edderes de Ham\u00e1s (todos fallecidos desde entonces) y contra el primer ministro israel\u00ed y su exministro de Defensa, por cr\u00edmenes de guerra y de lesa humanidad en Gaza, pero no incluy\u00f3 por ahora el cargo de genocidio, al considerar m\u00e1s s\u00f3lidas las pruebas sobre otros cr\u00edmenes.<\/p>\n<p>Esas \u00f3rdenes de arresto han reavivado el debate sobre la independencia del tribunal frente a las grandes potencias, despu\u00e9s de la reacci\u00f3n de Estados Unidos, que impuso sanciones al fiscal Karim Khan y a varios jueces, y aument\u00f3 la presi\u00f3n pol\u00edtica sobre la Corte, que ya afront\u00f3 tensiones similares cuando intent\u00f3 investigar posibles cr\u00edmenes de guerra en Afganist\u00e1n, o emiti\u00f3 la orden de detenci\u00f3n contra el presidente ruso, Vladimir Putin, por cr\u00edmenes en Ucrania.<\/p>\n<p>Por lo tanto, mientras la CIJ eval\u00faa la responsabilidad del Estado de Israel en virtud del derecho internacional, la CPI analiza si existen pruebas para procesar a individuos concretos.<\/p>\n<p>En ambos tribunales, el gran reto sigue siendo demostrar la intenci\u00f3n espec\u00edfica de destruir, en todo o en parte, a los palestinos, requisito clave para calificar jur\u00eddicamente los hechos como genocidio.<\/p>\n<p><b>\u00bfCu\u00e1l es el camino a seguir?<\/b><\/p>\n<p>El camino es el cumplimiento riguroso del derecho internacional, prosigue la representante de la Complutense.<\/p>\n<p>\u00abA estas alturas del conflicto Israel ha de asumir la responsabilidad internacional por cometer cr\u00edmenes contra la humanidad, como es el genocidio; cesar en su incumplimiento; reparar los graves da\u00f1os ocasionados, incluyendo la restituci\u00f3n de los territorios palestinos a Palestina; ser objeto de sanciones y represalias e incluir en estas sanciones medidas de retorsi\u00f3n a los Estados que apoyan su proceder\u00bb.<\/p>\n<p>Y desde un plano judicial, concluye Ruiz, \u00abdeclarar y castigar a los responsables directos de estos actos de lesa humanidad\u00bb.<\/p>\n","protected":false},"excerpt":{"rendered":"La resoluci\u00f3n de la Comisi\u00f3n Internacional Independiente de Investigaci\u00f3n de la ONU que concluye que Israel ha cometido&hellip;\n","protected":false},"author":2,"featured_media":120417,"comment_status":"","ping_status":"","sticky":false,"template":"","format":"standard","meta":{"footnotes":""},"categories":[42],"tags":[17,18,5282,13,14,694,79,11,61,62,63,64,74,19,20,9,10,15,16,732,76,12,21,22,65,66,67],"class_list":{"0":"post-120416","1":"post","2":"type-post","3":"status-publish","4":"format-standard","5":"has-post-thumbnail","7":"category-internacional","8":"tag-breaking-news","9":"tag-breakingnews","10":"tag-derechos-humanos","11":"tag-featured-news","12":"tag-featurednews","13":"tag-gaza","14":"tag-genocidio","15":"tag-headlines","16":"tag-internacional","17":"tag-international","18":"tag-international-news","19":"tag-internationalnews","20":"tag-israel","21":"tag-latest-news","22":"tag-latestnews","23":"tag-news","24":"tag-noticias","25":"tag-noticias-destacadas","26":"tag-noticiasdestacadas","27":"tag-onu","28":"tag-palestina","29":"tag-titulares","30":"tag-ultimas-noticias","31":"tag-ultimasnoticias","32":"tag-world","33":"tag-world-news","34":"tag-worldnews"},"share_on_mastodon":{"url":"","error":""},"_links":{"self":[{"href":"https:\/\/www.europesays.com\/es\/wp-json\/wp\/v2\/posts\/120416","targetHints":{"allow":["GET"]}}],"collection":[{"href":"https:\/\/www.europesays.com\/es\/wp-json\/wp\/v2\/posts"}],"about":[{"href":"https:\/\/www.europesays.com\/es\/wp-json\/wp\/v2\/types\/post"}],"author":[{"embeddable":true,"href":"https:\/\/www.europesays.com\/es\/wp-json\/wp\/v2\/users\/2"}],"replies":[{"embeddable":true,"href":"https:\/\/www.europesays.com\/es\/wp-json\/wp\/v2\/comments?post=120416"}],"version-history":[{"count":0,"href":"https:\/\/www.europesays.com\/es\/wp-json\/wp\/v2\/posts\/120416\/revisions"}],"wp:featuredmedia":[{"embeddable":true,"href":"https:\/\/www.europesays.com\/es\/wp-json\/wp\/v2\/media\/120417"}],"wp:attachment":[{"href":"https:\/\/www.europesays.com\/es\/wp-json\/wp\/v2\/media?parent=120416"}],"wp:term":[{"taxonomy":"category","embeddable":true,"href":"https:\/\/www.europesays.com\/es\/wp-json\/wp\/v2\/categories?post=120416"},{"taxonomy":"post_tag","embeddable":true,"href":"https:\/\/www.europesays.com\/es\/wp-json\/wp\/v2\/tags?post=120416"}],"curies":[{"name":"wp","href":"https:\/\/api.w.org\/{rel}","templated":true}]}}