{"id":120440,"date":"2025-09-17T09:01:13","date_gmt":"2025-09-17T09:01:13","guid":{"rendered":"https:\/\/www.europesays.com\/es\/120440\/"},"modified":"2025-09-17T09:01:13","modified_gmt":"2025-09-17T09:01:13","slug":"fascist-yoga-la-postura-del-nazi-asi-son-los-lazos-entre-el-yoga-contemporaneo-y-la-extrema-derecha-el-pais-semanal","status":"publish","type":"post","link":"https:\/\/www.europesays.com\/es\/120440\/","title":{"rendered":"\u2018Fascist Yoga\u2019: La postura del nazi, as\u00ed son los lazos entre el yoga contempor\u00e1neo y la extrema derecha | EL PA\u00cdS Semanal"},"content":{"rendered":"<p class=\"\">Stewart Home (Londres, 63 a\u00f1os) es un mito de la contracultura brit\u00e1nica: director, escritor, dramaturgo y activista, c\u00e9lebre por sus <a href=\"https:\/\/elpais.com\/babelia\/2020-10-26\/la-nueva-era-del-pulp-catalan.html\" target=\"_self\" rel=\"nofollow noopener\" title=\"https:\/\/elpais.com\/babelia\/2020-10-26\/la-nueva-era-del-pulp-catalan.html\">novelas pulp<\/a> que reflejaban el Londres de los a\u00f1os setenta, poblados por hooligans, skinheads y buscavidas y por su condici\u00f3n de tipo que habla sin ambages de cualquier asunto que considere digno de ser destripado. Su \u00faltimo trabajo es un libro cuyo t\u00edtulo no da lugar a equ\u00edvocos: Fascist Yoga (Editorial Pluto). \u201cOriginalmente, el libro se llamaba \u2018Yoguis fascistas y fraudes de la new age: Cultura f\u00edsica con un toque de faquir\u2019. Sin embargo, el consenso entre el equipo de ventas y edici\u00f3n de Pluto era que necesit\u00e1bamos las palabras \u201cfascista\u201d y \u201cyoga\u201d en el t\u00edtulo principal para asegurarnos de que los lectores potenciales entendieran de qu\u00e9 trataba el libro\u201d, cuenta Home, cuya obra m\u00e1s celebrada tal vez sea Tainted Love (Colectivo Bruxista), en la que narra el Londres de los a\u00f1os sesenta a partir de los diarios que dej\u00f3 su madre, prostituta y drogadicta.<\/p>\n<p class=\"\">En Fascist Yoga, el autor se dedica a repasar los or\u00edgenes de la implantaci\u00f3n del yoga en Occidente hasta nuestros d\u00edas. Lo hace con la mirada del esc\u00e9ptico al que le han contado demasiadas veces el mismo cuento. \u201cEl yoga moderno occidental es gimnasia europea del siglo XIX con un toque de polvo de hadas orientalista. Tiene unos 120 a\u00f1os y es muy diferente del yoga meditativo practicado en la antigua India, aunque a algunas personas les gusta confundir ambos. No soy solo yo quien sostiene que el yoga moderno tiene sus ra\u00edces en la gimnasia europea; existe un discurso acad\u00e9mico y un buen n\u00famero de libros y art\u00edculos sobre el tema\u201d, apunta el autor. \u201cYo ya conoc\u00eda algo sobre ideolog\u00edas fascistas y contraculturas fascistas, as\u00ed que no me pareci\u00f3 raro. Sab\u00eda de <a href=\"https:\/\/elpais.com\/cultura\/2019\/07\/06\/actualidad\/1562430085_016053.html\" target=\"_self\" rel=\"nofollow noopener\" title=\"https:\/\/elpais.com\/cultura\/2019\/07\/06\/actualidad\/1562430085_016053.html\">fascistas interesados en el tarot y otras formas de espiritualidad y religi\u00f3n<\/a>, desde el paganismo hasta formas dominantes del cristianismo, incluidas las iglesias cat\u00f3lica y ortodoxa, y en particular sus ramas m\u00e1s tradicionalistas. As\u00ed, hice algunas investigaciones y me sorprendi\u00f3 descubrir que no solo hab\u00eda m\u00e1s yoguis fascistas y supremacistas blancos, sino que algunos de ellos hab\u00edan desempe\u00f1ado un papel clave en la difusi\u00f3n del yoga moderno en la primera mitad del siglo XX\u201d. Stewart Home atendi\u00f3 su primera clase de yoga en 2009 y ya entonces not\u00f3 que algo no iba bien: \u201cMe horroriz\u00f3 la monitora hablando de chakras y otras estupideces new age mientras daba la clase\u201d, recuerda.<\/p>\n<p><img alt=\"Home, retratado en Barbican, Londres, boca abajo.\" decoding=\"auto\" class=\"_re lazyload a_m-v\" height=\"553\"  width=\"414\"  src=\"https:\/\/www.europesays.com\/es\/wp-content\/uploads\/2025\/09\/HLAMP4ALJZHMJO7T5PO7VR27MU.jpg\" loading=\"lazy\"\/>Home, retratado en Barbican, Londres, boca abajo.Manuel V\u00e1zquez<\/p>\n<p class=\"\">En el libro, Home se mete en los recovecos que forman la historia del yoga: desde la curiosa reinvenci\u00f3n del movimiento a principios del siglo XX en California, pasando por los nazis y llegando a los voceros de la alt-right estadounidense en una l\u00ednea recta que lleva hasta <a href=\"https:\/\/elpais.com\/sociedad\/2025-09-07\/el-hombre-que-no-amaba-las-vacunas-robert-f-kennedy-secretario-de-salud-de-ee-uu.html\" target=\"_self\" rel=\"nofollow noopener\" title=\"https:\/\/elpais.com\/sociedad\/2025-09-07\/el-hombre-que-no-amaba-las-vacunas-robert-f-kennedy-secretario-de-salud-de-ee-uu.html\">Robert F. Kennedy, hijo<\/a>, actual secretario de Salud en el Gobierno de Trump, y su corte de antivacunas que en nombre del bienestar est\u00e1n desmantelando el sistema de salud estadounidense. En Fascist Yoga uno puede darse de bruces con personajes tan delirantes como el de la francesa Maximiani Julia Portas, m\u00e1s conocida como Savitri Devi, quien cre\u00eda que Hitler era una encarnaci\u00f3n de un dios hind\u00fa y mezclaba paganismo, ecolog\u00eda y ocultismo, o descubrir los fantasmas que surgieron del cruce entre la mitolog\u00eda occidental y el nacionalismo hind\u00fa en la India de Modi en una espiral que lleva al lector a preguntarse c\u00f3mo demonios algo tan aparentemente inocuo como la pr\u00e1ctica del yoga ha servido de caldo de cultivo a algunas de las ideolog\u00edas m\u00e1s extremas.<\/p>\n<p class=\"\">Obviamente, el libro ha molestado a muchos, divertido a otros tantos e ilustrado a unos cuantos m\u00e1s. \u201cAlgunas personas aficionadas al yoga se han enfadado much\u00edsimo y escriben o hablan del libro como si el t\u00edtulo fuera El yoga es fascista en lugar de Yoga fascista, con un subt\u00edtulo adicional que aclara que tambi\u00e9n hay otras corrientes en el yoga. Desde luego, no estoy diciendo que todo el yoga sea fascista ni que todos los yoguis lo sean, pero hay aficionados al yoga que quie\u00adren fingir que eso es lo que estoy diciendo, para poder descartarme y as\u00ed proteger su subcultura de cualquier aproximaci\u00f3n cr\u00edtica. De hecho, creo que la desinformaci\u00f3n alrededor de los temas de salud est\u00e1 saturada de ocultismo. Y eso es m\u00e1s problem\u00e1tico que el v\u00ednculo entre la pr\u00e1ctica postural moderna y la extrema derecha\u201d, concluye Home. <\/p>\n","protected":false},"excerpt":{"rendered":"Stewart Home (Londres, 63 a\u00f1os) es un mito de la contracultura brit\u00e1nica: director, escritor, dramaturgo y activista, c\u00e9lebre&hellip;\n","protected":false},"author":2,"featured_media":120441,"comment_status":"","ping_status":"","sticky":false,"template":"","format":"standard","meta":{"footnotes":""},"categories":[172],"tags":[224,168,3662,146,147,25,1598,24,25698,13801,225,17081,23,19014],"class_list":{"0":"post-120440","1":"post","2":"type-post","3":"status-publish","4":"format-standard","5":"has-post-thumbnail","7":"category-libros","8":"tag-books","9":"tag-deportes","10":"tag-editoriales","11":"tag-entertainment","12":"tag-entretenimiento","13":"tag-es","14":"tag-escritores","15":"tag-espana","16":"tag-fascismo","17":"tag-gimnasia","18":"tag-libros","19":"tag-meditacion","20":"tag-spain","21":"tag-yoga"},"share_on_mastodon":{"url":"","error":""},"_links":{"self":[{"href":"https:\/\/www.europesays.com\/es\/wp-json\/wp\/v2\/posts\/120440","targetHints":{"allow":["GET"]}}],"collection":[{"href":"https:\/\/www.europesays.com\/es\/wp-json\/wp\/v2\/posts"}],"about":[{"href":"https:\/\/www.europesays.com\/es\/wp-json\/wp\/v2\/types\/post"}],"author":[{"embeddable":true,"href":"https:\/\/www.europesays.com\/es\/wp-json\/wp\/v2\/users\/2"}],"replies":[{"embeddable":true,"href":"https:\/\/www.europesays.com\/es\/wp-json\/wp\/v2\/comments?post=120440"}],"version-history":[{"count":0,"href":"https:\/\/www.europesays.com\/es\/wp-json\/wp\/v2\/posts\/120440\/revisions"}],"wp:featuredmedia":[{"embeddable":true,"href":"https:\/\/www.europesays.com\/es\/wp-json\/wp\/v2\/media\/120441"}],"wp:attachment":[{"href":"https:\/\/www.europesays.com\/es\/wp-json\/wp\/v2\/media?parent=120440"}],"wp:term":[{"taxonomy":"category","embeddable":true,"href":"https:\/\/www.europesays.com\/es\/wp-json\/wp\/v2\/categories?post=120440"},{"taxonomy":"post_tag","embeddable":true,"href":"https:\/\/www.europesays.com\/es\/wp-json\/wp\/v2\/tags?post=120440"}],"curies":[{"name":"wp","href":"https:\/\/api.w.org\/{rel}","templated":true}]}}