{"id":120442,"date":"2025-09-17T09:02:07","date_gmt":"2025-09-17T09:02:07","guid":{"rendered":"https:\/\/www.europesays.com\/es\/120442\/"},"modified":"2025-09-17T09:02:07","modified_gmt":"2025-09-17T09:02:07","slug":"directo-al-grano-10-4-cede-terreno-en-su-segundo-dia-y-la-hora-de-la-1-19-8-lo-gana-para-alargar-su-gran-momento","status":"publish","type":"post","link":"https:\/\/www.europesays.com\/es\/120442\/","title":{"rendered":"&#8216;Directo al grano&#8217; (10.4%) cede terreno en su segundo d\u00eda y &#8216;La hora de La 1&#8217; (19.8%) lo gana para alargar su gran momento"},"content":{"rendered":"<p class=\"article-text\">\n        <strong>Directo al grano<\/strong> cede terreno en su segundo d\u00eda en <strong>La 1<\/strong>, pero se mantiene ligeramente por encima del doble d\u00edgito y vuelve a ser la segunda opci\u00f3n de su franja. El magac\u00edn presentado por <strong>Marta Flich<\/strong> y <strong>Gonzalo Mir\u00f3<\/strong> salda el martes con un <strong>10.4% de cuota y 882.000 espectadores<\/strong>, lo que equivale a un descenso de siete d\u00e9cimas respecto a su estreno el lunes. Se trata de un retroceso muy peque\u00f1o para una segunda entrega, aunque suficiente para dejar al formato cerca del unid\u00edgito y a m\u00e1s de un punto de la media de la cadena p\u00fablica (11.7% este martes). Por supuesto, nada de esto es definitivo, pues simplemente hablamos del segundo d\u00eda de un formato diario, as\u00ed que ser\u00e1 su evoluci\u00f3n de lunes a viernes la que marque si acaba rindiendo regularmente en torno al 10%, por debajo o por encima de este list\u00f3n psicol\u00f3gico.\n    <\/p>\n<p>    <a href=\"https:\/\/www.eldiario.es\/audiencias-tv\/martes-16-septiembre-2025-el-hormiguero-impone-la-revuelta-supervivientes-all-stars-vence-buen-regreso-late-xou_1_12608772.html\" data-mrf-recirculation=\"saber-mas\" data-dl-event=\"saber-mas\" rel=\"nofollow noopener\" target=\"_blank\"><\/p>\n<p class=\"know-more__title\">M\u00c1S AUDIENCIAS | &#8216;El Hormiguero&#8217; (13.9%) se impone a &#8216;La Revuelta&#8217; (12.1%) y &#8216;SV All Stars&#8217; (15.7%) vence al buen regreso de &#8216;Late Xou&#8217; (12%)<\/p>\n<p>            <img decoding=\"async\" class=\"lazy\" loading=\"lazy\" data-src=\"https:\/\/static.eldiario.es\/clip\/eef861e6-0931-469b-a001-5c62a76f1d68_16-9-aspect-ratio_default_0.jpg\" src=\"data:image\/svg+xml,%3Csvg xmlns=\" http:=\"\" viewbox=\"0 0 880 495\" alt=\"'El Hormiguero' (13.9%) se impone a 'La Revuelta' (12.1%) y 'SV All Stars' (15.7%) vence al buen regreso de 'Late Xou' (12%)\"\/><\/p>\n<p>                        <\/a><\/p>\n<p class=\"article-text\">\n        De momento, la situaci\u00f3n del programa de actualidad es positiva habida cuenta de que acaba de llegar y ya se ha instalado en el segundo puesto de su franja. Y adem\u00e1s, mejorando los datos de su predecesor, <strong>Malas lenguas<\/strong>, que s\u00ed rindi\u00f3 regularmente por debajo del 10%. Ahora mismo, Directo al grano solo tiene por delante a <strong>Antena 3<\/strong> (12.3%), que sigue gozando de una c\u00f3moda ventaja gracias a <strong>Sue\u00f1os de libertad<\/strong> (12.8% y 1.123.000), la oferta l\u00edder de la sobremesa.\n    <\/p>\n<p class=\"article-text\">\n        Por detr\u00e1s volvemos a encontrar a El tiempo justo, que sigue sin despegar en Telecinco. El formato presentado por <strong>Joaqu\u00edn Prat<\/strong> obtiene un <strong>8.7% de share y 716.000 adeptos<\/strong>, por lo que est\u00e1 a una distancia considerable de sus dos principales rivales y en cifras similares a las que Tardear marc\u00f3 en sus \u00faltimos compases. As\u00ed pues, por ahora no est\u00e1 suponiendo una mejor\u00eda para Telecinco (9.4%), pero como en el caso de Directo al grano, ser\u00e1 su evoluci\u00f3n la que dictamine su verdadera realidad. Es decir, si este discreto aterrizaje solo es cosa de los primeros d\u00edas o algo m\u00e1s.\n    <\/p>\n<p class=\"article-text\">\n        <strong>Audiencias en la franja de emisi\u00f3n de &#8216;Directo al grano&#8217; (de 15:57 a 17:36h):<\/strong>\n    <\/p>\n<ul>\n<li>Antena 3: 12.3%<\/li>\n<li>Directo al grano: 10.4%<\/li>\n<li>Telecinco: 8.7%<\/li>\n<li>Cuatro: 6.4%<\/li>\n<li>laSexta: 5.1%<\/li>\n<\/ul>\n<p class=\"article-text\">\n        Por la ma\u00f1ana, La 1 destaca un d\u00eda m\u00e1s con <strong>La hora de La 1<\/strong> y <strong>Ma\u00f1aneros 360<\/strong>, que en diferentes tiempos, pero han conseguido voltear la situaci\u00f3n de la cadena p\u00fablica, que ha pasado de ser una de sus franjas malditas a ser, hoy por hoy, la m\u00e1s competitiva de su parrilla diaria. De hecho, lidera el grueso de la misma (de 8 a 13:30h). Primero con el programa de <strong>Silvia Intxaurrondo<\/strong> (19.8%), que domina su tramo rozando el list\u00f3n del 20% de cuota. Y a continuaci\u00f3n, con el de<strong> Adela Gonz\u00e1lez<\/strong> y <strong>Javier Ruiz<\/strong>, que<strong> <\/strong>marca un <strong>15.9%<\/strong> en su primer bloque y se impone a sus dos principales rivales: <strong>El programa de Ana Rosa<\/strong> (12.2% en su franja) y <strong>Espejo P\u00fablico<\/strong> (11.8% en la suya). Eso s\u00ed, sigue teniendo margen de mejora en su segundo tramo, el del mediod\u00eda, donde ha de conformarse con un 10%. Es decir, con un dato suficiente para superar a Vamos a ver (8.9%) pero muy insuficiente para inquietar a La ruleta de la suerte (22.5%), aunque sea m\u00ednimamente.\n    <\/p>\n<ul>\n<li><strong>PROGRAMAS CON MEJOR CUOTA DEL MARTES (POR CADENAS)<\/strong><\/li>\n<\/ul>\n<tr>\n<td colspan=\"2\" class=\"                                                \">\n                    <strong>                    Antena 3:<br \/>\n                    <\/strong>                <\/td>\n<td class=\"                                                \">\n                                        La ruleta de la suerte\n                                    <\/td>\n<td class=\"new_share__tbl--5                                                \">\n                                        22.5%\n                                    <\/td>\n<\/tr>\n<tr>\n<td colspan=\"2\" class=\"                                                \">\n                    <strong>                    La 1:<br \/>\n                    <\/strong>                <\/td>\n<td class=\"                                                \">\n                                        La hora de La 1\n                                    <\/td>\n<td class=\"new_share__tbl--5                                                \">\n                                        19.8%\n                                    <\/td>\n<\/tr>\n<tr>\n<td colspan=\"2\" class=\"                                                \">\n                    <strong>                    Telecinco:<br \/>\n                    <\/strong>                <\/td>\n<td class=\"                                                \">\n                                        Supervivientes All Stars: Tierra de nadie\n                                    <\/td>\n<td class=\"new_share__tbl--5                                                \">\n                                        15.7%\n                                    <\/td>\n<\/tr>\n<tr>\n<td colspan=\"2\" class=\"                                                \">\n                    <strong>                    laSexta:<br \/>\n                    <\/strong>                <\/td>\n<td class=\"                                                \">\n                                        Aruser@s\n                                    <\/td>\n<td class=\"new_share__tbl--5                                                \">\n                                        11.7%\n                                    <\/td>\n<\/tr>\n<tr>\n<td colspan=\"2\" class=\"                                                \">\n                    <strong>                    La 2:<br \/>\n                    <\/strong>                <\/td>\n<td class=\"                                                \">\n                                        Saber y ganar\n                                    <\/td>\n<td class=\"new_share__tbl--5                                                \">\n                                        7.1%\n                                    <\/td>\n<\/tr>\n<tr>\n<td colspan=\"2\" class=\"                                                \">\n                    <strong>                    Cuatro:<br \/>\n                    <\/strong>                <\/td>\n<td class=\"                                                \">\n                                        En boca de todos\n                                    <\/td>\n<td class=\"new_share__tbl--5                                                \">\n                                        6.9%\n                                    <\/td>\n<\/tr>\n<tr>\n<td colspan=\"2\" class=\"                                                \">\n                    <strong>                    Informativo con mejor share:<br \/>\n                    <\/strong>                <\/td>\n<td class=\"                                                \">\n                                        Antena 3 Noticias 1\n                                    <\/td>\n<td class=\"new_share__tbl--5                                                \">\n                                        22.3%\n                                    <\/td>\n<\/tr>\n<p class=\"article-text\">\n        *Programas emitidos entre las 09:00 y las 01:00 horas\n    <\/p>\n<p class=\"article-text\">\n        \u201cPasapalabra\u201d (Antena 3), a las 21:01 con 2.649.450 espectadores y un 26.8% de share\n    <\/p>\n<p>    D\u00eda<\/p>\n<tr>\n<td class=\"                                                \">\n                                        Antena 3\n                                    <\/td>\n<td class=\"new_share__tbl--5                                                \">\n                                        13.7%\n                                    <\/td>\n<\/tr>\n<tr>\n<td class=\"                                                \">\n                                        La 1\n                                    <\/td>\n<td class=\"new_share__tbl--5                                                \">\n                                        11.7%\n                                    <\/td>\n<\/tr>\n<tr>\n<td class=\"                                                \">\n                                        Tem\u00e1ticas de pago\n                                    <\/td>\n<td class=\"new_share__tbl--5                                                \">\n                                        11.5%\n                                    <\/td>\n<\/tr>\n<tr>\n<td class=\"                                                \">\n                                        Telecinco\n                                    <\/td>\n<td class=\"new_share__tbl--5                                                \">\n                                        9.4%\n                                    <\/td>\n<\/tr>\n<tr>\n<td class=\"                                                \">\n                                        Auton\u00f3micas (FORTA)\n                                    <\/td>\n<td class=\"new_share__tbl--5                                                \">\n                                        8.4%\n                                    <\/td>\n<\/tr>\n<tr>\n<td class=\"                                                \">\n                                        laSexta\n                                    <\/td>\n<td class=\"new_share__tbl--5                                                \">\n                                        6.2%\n                                    <\/td>\n<\/tr>\n<tr>\n<td class=\"                                                \">\n                                        Cuatro\n                                    <\/td>\n<td class=\"new_share__tbl--5                                                \">\n                                        5.1%\n                                    <\/td>\n<\/tr>\n<tr>\n<td class=\"                                                \">\n                                        La 2\n                                    <\/td>\n<td class=\"new_share__tbl--5                                                \">\n                                        3.2%\n                                    <\/td>\n<\/tr>\n<tr>\n<td class=\"                                                \">\n                                        Auton\u00f3micas privadas\n                                    <\/td>\n<td class=\"new_share__tbl--5                                                \">\n                                        0.2%\n                                    <\/td>\n<\/tr>\n<p>    Mes<\/p>\n<tr>\n<td class=\"                                                \">\n                                        Antena 3\n                                    <\/td>\n<td class=\"new_share__tbl--5                                                \">\n                                        13.3%\n                                    <\/td>\n<\/tr>\n<tr>\n<td class=\"                                                \">\n                                        La 1\n                                    <\/td>\n<td class=\"new_share__tbl--5                                                \">\n                                        11.8%\n                                    <\/td>\n<\/tr>\n<tr>\n<td class=\"                                                \">\n                                        Tem\u00e1ticas de pago\n                                    <\/td>\n<td class=\"new_share__tbl--5                                                \">\n                                        11.3%\n                                    <\/td>\n<\/tr>\n<tr>\n<td class=\"                                                \">\n                                        Telecinco\n                                    <\/td>\n<td class=\"new_share__tbl--5                                                \">\n                                        9.1%\n                                    <\/td>\n<\/tr>\n<tr>\n<td class=\"                                                \">\n                                        Auton\u00f3micas (FORTA)\n                                    <\/td>\n<td class=\"new_share__tbl--5                                                \">\n                                        8.4%\n                                    <\/td>\n<\/tr>\n<tr>\n<td class=\"                                                \">\n                                        laSexta\n                                    <\/td>\n<td class=\"new_share__tbl--5                                                \">\n                                        6%\n                                    <\/td>\n<\/tr>\n<tr>\n<td class=\"                                                \">\n                                        Cuatro\n                                    <\/td>\n<td class=\"new_share__tbl--5                                                \">\n                                        5.5%\n                                    <\/td>\n<\/tr>\n<tr>\n<td class=\"                                                \">\n                                        La 2\n                                    <\/td>\n<td class=\"new_share__tbl--5                                                \">\n                                        3.1%\n                                    <\/td>\n<\/tr>\n<tr>\n<td class=\"                                                \">\n                                        Auton\u00f3micas privadas\n                                    <\/td>\n<td class=\"new_share__tbl--5                                                \">\n                                        0.3%\n                                    <\/td>\n<\/tr>\n<p class=\"article-text\">\n        <strong>SOBREMESA<\/strong>\n    <\/p>\n<tr>\n<td class=\"                                                \">\n                                        Antena 3 Noticias 1\n                                    <\/td>\n<td class=\"new_share__tbl--5                                                \">\n                                        22.3%\n                                    <\/td>\n<td class=\"                        new_share__tbl--10                        \">\n                                        2.041.000\n                                    <\/td>\n<\/tr>\n<tr>\n<td class=\"                                                \">\n                                        Telediario 1\n                                    <\/td>\n<td class=\"new_share__tbl--5                                                \">\n                                        13.3%\n                                    <\/td>\n<td class=\"                        new_share__tbl--10                        \">\n                                        1.213.000\n                                    <\/td>\n<\/tr>\n<tr>\n<td class=\"                                                \">\n                                        Informativos Telecinco 15h\n                                    <\/td>\n<td class=\"new_share__tbl--5                                                \">\n                                        9.9%\n                                    <\/td>\n<td class=\"                        new_share__tbl--10                        \">\n                                        902.000\n                                    <\/td>\n<\/tr>\n<tr>\n<td class=\"                                                \">\n                                        laSexta Noticias 14h\n                                    <\/td>\n<td class=\"new_share__tbl--5                                                \">\n                                        8.7%\n                                    <\/td>\n<td class=\"                        new_share__tbl--10                        \">\n                                        705.000\n                                    <\/td>\n<\/tr>\n<tr>\n<td class=\"                                                \">\n                                        Jugones\n                                    <\/td>\n<td class=\"new_share__tbl--5                                                \">\n                                        6.3%\n                                    <\/td>\n<td class=\"                        new_share__tbl--10                        \">\n                                        582.000\n                                    <\/td>\n<\/tr>\n<p class=\"article-text\">\n        <strong>PRIME TIME<\/strong>\n    <\/p>\n<tr>\n<td class=\"                                                \">\n                                        Antena 3 Noticias 2\n                                    <\/td>\n<td class=\"new_share__tbl--5                                                \">\n                                        18.1%\n                                    <\/td>\n<td class=\"                        new_share__tbl--10                        \">\n                                        1.932.000\n                                    <\/td>\n<\/tr>\n<tr>\n<td class=\"                                                \">\n                                        Telediario 2\n                                    <\/td>\n<td class=\"new_share__tbl--5                                                \">\n                                        10.9%\n                                    <\/td>\n<td class=\"                        new_share__tbl--10                        \">\n                                        1.154.000\n                                    <\/td>\n<\/tr>\n<tr>\n<td class=\"                                                \">\n                                        laSexta Noticias 20h\n                                    <\/td>\n<td class=\"new_share__tbl--5                                                \">\n                                        7.7%\n                                    <\/td>\n<td class=\"                        new_share__tbl--10                        \">\n                                        606.000\n                                    <\/td>\n<\/tr>\n<tr>\n<td class=\"                                                \">\n                                        laSexta Clave\n                                    <\/td>\n<td class=\"new_share__tbl--5                                                \">\n                                        4.7%\n                                    <\/td>\n<td class=\"                        new_share__tbl--10                        \">\n                                        476.000\n                                    <\/td>\n<\/tr>\n<tr>\n<td class=\"                                                \">\n                                        Informativos Telecinco 21h\n                                    <\/td>\n<td class=\"new_share__tbl--5                                                \">\n                                        6.8%\n                                    <\/td>\n<td class=\"                        new_share__tbl--10                        \">\n                                        740.000\n                                    <\/td>\n<\/tr>\n<tr>\n<td class=\"                                                \">\n                                        Noticias Cuatro 2\n                                    <\/td>\n<td class=\"new_share__tbl--5                                                \">\n                                        4.5%\n                                    <\/td>\n<td class=\"                        new_share__tbl--10                        \">\n                                        353.000\n                                    <\/td>\n<\/tr>\n<p class=\"article-text\">\n        <strong>FRANJA MATINAL<\/strong>\n    <\/p>\n<tr>\n<td class=\"                                                \">\n                                        Telediario matinal\n                                    <\/td>\n<td class=\"new_share__tbl--5                                                \">\n                                        15.9%\n                                    <\/td>\n<td class=\"                        new_share__tbl--10                        \">\n                                        113.000\n                                    <\/td>\n<\/tr>\n<tr>\n<td class=\"                                                \">\n                                        Antena 3 Noticias de la ma\u00f1ana\n                                    <\/td>\n<td class=\"new_share__tbl--5                                                \">\n                                        15.8%\n                                    <\/td>\n<td class=\"                        new_share__tbl--10                        \">\n                                        171.000\n                                    <\/td>\n<\/tr>\n<tr>\n<td class=\"                                                \">\n                                        El Matinal (Telecinco)\n                                    <\/td>\n<td class=\"new_share__tbl--5                                                \">\n                                        9.1%\n                                    <\/td>\n<td class=\"                        new_share__tbl--10                        \">\n                                        103.000\n                                    <\/td>\n<\/tr>\n<p class=\"article-text\">\n        .\n    <\/p>\n<p>    <a href=\"https:\/\/www.eldiario.es\/vertele\/analisis\/eurovision-futuro-jaque-decision-rtve-participacion-israel-amenaza-existencia_1_12606698.html\" data-mrf-recirculation=\"saber-mas-abajo\" data-dl-event=\"saber-mas-abajo\" rel=\"nofollow noopener\" target=\"_blank\"><\/p>\n<p class=\"know-more__title\">Eurovisi\u00f3n y su futuro, en jaque tras la decisi\u00f3n de RTVE: la participaci\u00f3n de Israel amenaza su existencia\n<\/p>\n<p>            <img decoding=\"async\" class=\"lazy\" loading=\"lazy\" data-src=\"https:\/\/static.eldiario.es\/clip\/602199b4-94b8-4260-97cd-6f4c273ef7c6_16-9-aspect-ratio_default_0.jpg\" src=\"data:image\/svg+xml,%3Csvg xmlns=\" http:=\"\" viewbox=\"0 0 880 495\" alt=\"Eurovisi\u00f3n y su futuro, en jaque tras la decisi\u00f3n de RTVE: la participaci\u00f3n de Israel amenaza su existencia\"\/><\/p>\n<p>                        <\/a><\/p>\n<p class=\"article-text\">\n        Todos los datos de audiencia de este informe son CON invitados y CON segundas residencias, el est\u00e1ndar del sector acordado por las cadenas con Kantar Media y aceptado por los anunciantes. Kantar Media, como fabricante de la base de datos que contiene los \u00edndices de audiencia, es la propietaria exclusiva de la informaci\u00f3n suministrada a Vertele. Cualquier utilizaci\u00f3n o reutilizaci\u00f3n de los datos y el uso indebido de los productos Kantar Media S.A. dar\u00e1 lugar a las correspondientes responsabilidades legales.\n    <\/p>\n","protected":false},"excerpt":{"rendered":"Directo al grano cede terreno en su segundo d\u00eda en La 1, pero se mantiene ligeramente por encima&hellip;\n","protected":false},"author":2,"featured_media":120443,"comment_status":"","ping_status":"","sticky":false,"template":"","format":"standard","meta":{"footnotes":""},"categories":[171],"tags":[39761,45,31737,3226,978,20690,146,147,25,24,4355,3956,29985,7797,2812,1566,1971,23,12404,214],"class_list":{"0":"post-120442","1":"post","2":"type-post","3":"status-publish","4":"format-standard","5":"has-post-thumbnail","7":"category-tv","8":"tag-39761","9":"tag-45","10":"tag-alargar","11":"tag-cede","12":"tag-dia","13":"tag-directo-al-grano","14":"tag-entertainment","15":"tag-entretenimiento","16":"tag-es","17":"tag-espana","18":"tag-gana","19":"tag-gran","20":"tag-la-hora-de-la-1","21":"tag-martes","22":"tag-momento","23":"tag-segundo","24":"tag-septiembre","25":"tag-spain","26":"tag-terreno","27":"tag-tv"},"share_on_mastodon":{"url":"","error":""},"_links":{"self":[{"href":"https:\/\/www.europesays.com\/es\/wp-json\/wp\/v2\/posts\/120442","targetHints":{"allow":["GET"]}}],"collection":[{"href":"https:\/\/www.europesays.com\/es\/wp-json\/wp\/v2\/posts"}],"about":[{"href":"https:\/\/www.europesays.com\/es\/wp-json\/wp\/v2\/types\/post"}],"author":[{"embeddable":true,"href":"https:\/\/www.europesays.com\/es\/wp-json\/wp\/v2\/users\/2"}],"replies":[{"embeddable":true,"href":"https:\/\/www.europesays.com\/es\/wp-json\/wp\/v2\/comments?post=120442"}],"version-history":[{"count":0,"href":"https:\/\/www.europesays.com\/es\/wp-json\/wp\/v2\/posts\/120442\/revisions"}],"wp:featuredmedia":[{"embeddable":true,"href":"https:\/\/www.europesays.com\/es\/wp-json\/wp\/v2\/media\/120443"}],"wp:attachment":[{"href":"https:\/\/www.europesays.com\/es\/wp-json\/wp\/v2\/media?parent=120442"}],"wp:term":[{"taxonomy":"category","embeddable":true,"href":"https:\/\/www.europesays.com\/es\/wp-json\/wp\/v2\/categories?post=120442"},{"taxonomy":"post_tag","embeddable":true,"href":"https:\/\/www.europesays.com\/es\/wp-json\/wp\/v2\/tags?post=120442"}],"curies":[{"name":"wp","href":"https:\/\/api.w.org\/{rel}","templated":true}]}}