{"id":120454,"date":"2025-09-17T09:10:09","date_gmt":"2025-09-17T09:10:09","guid":{"rendered":"https:\/\/www.europesays.com\/es\/120454\/"},"modified":"2025-09-17T09:10:09","modified_gmt":"2025-09-17T09:10:09","slug":"liberan-al-principal-sospechoso-del-caso-madeleine-mccann-en-alemania","status":"publish","type":"post","link":"https:\/\/www.europesays.com\/es\/120454\/","title":{"rendered":"Liberan al principal sospechoso del caso Madeleine McCann en Alemania"},"content":{"rendered":"<p>    <img src=\"https:\/\/www.europesays.com\/es\/wp-content\/uploads\/2025\/09\/2025-09-17T083A453A27Z-90018382.jpg\" width=\"1024\" height=\"682\" alt=\"\" loading=\"eager\" decoding=\"sync\" fetchpriority=\"high\"\/><\/p>\n<p>            afp_tickers        <\/p>\n<p>        Este contenido fue publicado en    <\/p>\n<p>        17 septiembre 2025 &#8211; 10:45\n<\/p>\n<p>El principal sospechoso de la desaparici\u00f3n de la ni\u00f1a brit\u00e1nica Madeleine McCann en 2007 en Portugal, Christian Br\u00fcckner, sali\u00f3 de prisi\u00f3n en Alemania este mi\u00e9rcoles despu\u00e9s de cumplir una condena por violaci\u00f3n en otro caso, seg\u00fan constat\u00f3 un periodista de la AFP.<\/p>\n<p>Christian Br\u00fcckner, de 48 a\u00f1os, cumpli\u00f3 una condena de siete a\u00f1os en la prisi\u00f3n de Sehnde, en el norte de Alemania, por violaci\u00f3n, pero no ha sido acusado en el caso McCann debido a la falta de pruebas, seg\u00fan los fiscales.<\/p>\n<p>Br\u00fcckner sali\u00f3 en el veh\u00edculo de su abogado, acompa\u00f1ado por dos furgonetas de polic\u00eda, observado por un gran grupo de medios de comunicaci\u00f3n que hab\u00eda esperado fuera del centro penitenciario.\u00a0<\/p>\n<p>Los fiscales en Braunschweig lo acusaron de estar detr\u00e1s de la desaparici\u00f3n de \u00abMaddie\u00bb, uno de los casos de desapariciones m\u00e1s cubiertos por medios del mundo entero y que despert\u00f3 un gran inter\u00e9s durante a\u00f1os.<\/p>\n<p>Sin embargo, la falta de pruebas contundentes impidi\u00f3 a las autoridades alemanas presentar cargos contra Br\u00fcckner, quien niega las acusaciones.<\/p>\n<p>El fiscal alem\u00e1n Christian Wolters, que no pudo impedir esta liberaci\u00f3n por falta de pruebas que respalden una acusaci\u00f3n, expres\u00f3 su preocupaci\u00f3n, en una reciente entrevista con la AFP, por la liberaci\u00f3n de un individuo \u00abintr\u00ednsecamente peligroso\u00bb.<\/p>\n<p>Esta situaci\u00f3n hizo que Br\u00fcckner saliera de la c\u00e1rcel este mi\u00e9rcoles, tras haber terminado su condena por violar a una mujer estadounidense de 72 a\u00f1os en 2005 en la regi\u00f3n del Algarve, en Portugal, donde Maddie desapareci\u00f3.\u00a0<\/p>\n<p>Madeleine, entonces de tres a\u00f1os, desapareci\u00f3 del apartamento de vacaciones de su familia en la localidad de Praia da Luz, en el Algarve, en mayo de 2007, mientras sus padres cenaban en un restaurante cercano.<\/p>\n<p>A pesar de una enorme b\u00fasqueda internacional y de m\u00faltiples pistas que luego se enfriaron, no se ha encontrado ning\u00fan rastro de ella y nadie ha sido acusado por su desaparici\u00f3n.<\/p>\n<p>Los fiscales alemanes, en un anuncio sorpresivo en 2020, nombraron a Br\u00fcckner como su principal sospechoso, una vez que confirmaron que hab\u00eda vivido intermitentemente en el \u00e1rea en ese momento.\u00a0<\/p>\n<p>En junio, la polic\u00eda registr\u00f3 un \u00e1rea cubierta de maleza y edificios abandonados en Portugal cerca de donde Br\u00fcckner viv\u00eda en ese momento, pero hasta ahora no han hecho ning\u00fan anuncio sobre el eventual hallazgo de alguna evidencia.<\/p>\n<p>bur-pyv\/alf\/pb\/avl<\/p>\n","protected":false},"excerpt":{"rendered":"afp_tickers Este contenido fue publicado en 17 septiembre 2025 &#8211; 10:45 El principal sospechoso de la desaparici\u00f3n de&hellip;\n","protected":false},"author":2,"featured_media":120455,"comment_status":"","ping_status":"","sticky":false,"template":"","format":"standard","meta":{"footnotes":""},"categories":[42],"tags":[17,18,13,14,11,61,62,63,64,26325,11894,11895,19,20,7657,17067,39795,9,10,15,16,1384,25889,25890,2005,90,12,11896,21,22,65,66,67],"class_list":{"0":"post-120454","1":"post","2":"type-post","3":"status-publish","4":"format-standard","5":"has-post-thumbnail","7":"category-internacional","8":"tag-breaking-news","9":"tag-breakingnews","10":"tag-featured-news","11":"tag-featurednews","12":"tag-headlines","13":"tag-internacional","14":"tag-international","15":"tag-international-news","16":"tag-internationalnews","17":"tag-investigation","18":"tag-judiciary-system-of-justice","19":"tag-justice-and-rights","20":"tag-latest-news","21":"tag-latestnews","22":"tag-law-and-order","23":"tag-law-enforcement","24":"tag-missing-person","25":"tag-news","26":"tag-noticias","27":"tag-noticias-destacadas","28":"tag-noticiasdestacadas","29":"tag-police","30":"tag-prison","31":"tag-punishment","32":"tag-society","33":"tag-ticker","34":"tag-titulares","35":"tag-trials","36":"tag-ultimas-noticias","37":"tag-ultimasnoticias","38":"tag-world","39":"tag-world-news","40":"tag-worldnews"},"share_on_mastodon":{"url":"","error":""},"_links":{"self":[{"href":"https:\/\/www.europesays.com\/es\/wp-json\/wp\/v2\/posts\/120454","targetHints":{"allow":["GET"]}}],"collection":[{"href":"https:\/\/www.europesays.com\/es\/wp-json\/wp\/v2\/posts"}],"about":[{"href":"https:\/\/www.europesays.com\/es\/wp-json\/wp\/v2\/types\/post"}],"author":[{"embeddable":true,"href":"https:\/\/www.europesays.com\/es\/wp-json\/wp\/v2\/users\/2"}],"replies":[{"embeddable":true,"href":"https:\/\/www.europesays.com\/es\/wp-json\/wp\/v2\/comments?post=120454"}],"version-history":[{"count":0,"href":"https:\/\/www.europesays.com\/es\/wp-json\/wp\/v2\/posts\/120454\/revisions"}],"wp:featuredmedia":[{"embeddable":true,"href":"https:\/\/www.europesays.com\/es\/wp-json\/wp\/v2\/media\/120455"}],"wp:attachment":[{"href":"https:\/\/www.europesays.com\/es\/wp-json\/wp\/v2\/media?parent=120454"}],"wp:term":[{"taxonomy":"category","embeddable":true,"href":"https:\/\/www.europesays.com\/es\/wp-json\/wp\/v2\/categories?post=120454"},{"taxonomy":"post_tag","embeddable":true,"href":"https:\/\/www.europesays.com\/es\/wp-json\/wp\/v2\/tags?post=120454"}],"curies":[{"name":"wp","href":"https:\/\/api.w.org\/{rel}","templated":true}]}}