{"id":120456,"date":"2025-09-17T09:11:08","date_gmt":"2025-09-17T09:11:08","guid":{"rendered":"https:\/\/www.europesays.com\/es\/120456\/"},"modified":"2025-09-17T09:11:08","modified_gmt":"2025-09-17T09:11:08","slug":"pacto-con-junts-sanchez-buscara-erosionar-la-resistencia-de-alemania-a-la-oficialidad-del-catalan-en-la-ue-en-un-encuentro-con-merz","status":"publish","type":"post","link":"https:\/\/www.europesays.com\/es\/120456\/","title":{"rendered":"PACTO CON JUNTS | S\u00e1nchez buscar\u00e1 erosionar la resistencia de Alemania a la oficialidad del catal\u00e1n en la UE en un encuentro con Merz"},"content":{"rendered":"<p class=\"ft-text ft-helper-closenews\">El Gobierno no cesa en su batalla por avanzar en la oficialidad del catal\u00e1n en la UE, junto al gallego y el euskera. La falta de consenso entre los pa\u00edses europeos ha llevado al Gobierno a no forzar su inclusi\u00f3n en el orden del d\u00eda de la reuni\u00f3n del Consejo de Asuntos Generales de la UE, el organismo europeo que decide sobre este asunto y que celebr\u00f3 este martes. Una decisi\u00f3n que en Moncloa califican de necesaria para <strong>mantener los \u201cequilibrios\u201d diplom\u00e1ticos<\/strong> tras varios varapalos, rechazando que se interprete como una renuncia. M\u00e1s bien todo lo contrario. Fuentes del Gobierno avanzan que siguen recabando apoyos de los pa\u00edses m\u00e1s resistentes. En este sentido, aseguran que ser\u00e1 importante la reuni\u00f3n que Pedro S\u00e1nchez mantendr\u00e1 con el canciller alem\u00e1n, Friedrich Merz, a quien recibir\u00e1 en el Palacio de la Moncloa el jueves.<\/p>\n<p class=\"ft-text\">Para el impulso de esta medida en la UE, las mismas fuentes destacan que Alemania tiene un \u201cpapel clave\u201d. Entienden que si se logra reconducir la posici\u00f3n de los alemanes, hasta ahora contraria, otros pa\u00edses seguir\u00e1n su estela para levantar el veto. A falta de cerrar la agenda oficial de la reuni\u00f3n, en Moncloa dejan caer que ser\u00e1 un asunto de conversaci\u00f3n porque <strong>\u201csiempre estamos trabajando para convencer a todos los socios europeos\u201d<\/strong> para aprobar esta medida pactada con Junts.<\/p>\n<p class=\"ft-text\">La <a class=\"ft-link ft-link--decoration\" href=\"https:\/\/www.elperiodico.com\/es\/politica\/20250910\/hacienda-negociacion-presupuestos-junts-reduccion-jornada-121442876\" target=\"_blank\" rel=\"nofollow noopener\">negociaci\u00f3n de los Presupuestos de 2026<\/a> depende en buena medida de que se desencallen compromisos pendientes con los socios de investidura y la oficialidad del catal\u00e1n en la UE es uno de ellos. El <strong>mensaje que lanzan desde el Ejecutivo es que \u201cno vamos a desistir\u201d. <\/strong>Su pretensi\u00f3n es dejar claro a Alemania que este asunto es prioritario para el Gobierno y que no dejar\u00e1 de estar en su agenda hasta conseguir su aprobaci\u00f3n. \u201cEl tema estar\u00e1 encima de la mesa permanentemente\u00bb, recalcan.<\/p>\n<p class=\"ft-text\">El ministro Jos\u00e9 Manuel Albares ya incluy\u00f3<strong> la \u00abdefensa de la identidad pluriling\u00fce\u00bb en su tr\u00edada de prioridades de la pol\u00edtica exterior\u00a0<\/strong>espa\u00f1ola, junto a Ucrania y Gaza. La reuni\u00f3n al m\u00e1ximo nivel con Merz ser\u00e1 una fecha clave para calibrar avances. Lo que tambi\u00e9n reconocen desde el Gobierno es la presi\u00f3n que el PP est\u00e1 ejerciendo para que fracase esta medida y el canciller alem\u00e1n pertenece a la misma familia pol\u00edtica europea que Feij\u00f3o.<\/p>\n<p class=\"ft-text\">Para limar asperezas ante un asunto sobre el que se requiere unanimidad y presenta dudas legales entre algunos estados miembros, el Gobierno ya se prest\u00f3 a que su medida se revise por el Tribunal de Justicia de la Uni\u00f3n Europea (TJUE). Asimismo, Espa\u00f1a se comprometi\u00f3 a asumir los costes derivados de su implantaci\u00f3n, que la Comisi\u00f3n Europea calcul\u00f3 en <strong>unos 132 millones de euros al a\u00f1o.<\/strong><\/p>\n<p>Gestos de cara a los Presupuestos<\/p>\n<p class=\"ft-text\">La intenci\u00f3n del Ejecutivo para sacar adelante las que ser\u00edan las primeras cuentas p\u00fablicas de la legislatura, que garantizar\u00edan a Pedro S\u00e1nchez estirar su mandato hasta 2027, pasa por despejar asuntos que sus socios consideran \u00abfundamentales\u00bb. El Gobierno arranc\u00f3 el curso pol\u00edtico llevando al Consejo de Ministros la c<a class=\"ft-link ft-link--decoration\" href=\"https:\/\/www.elperiodico.com\/es\/politica\/20250911\/moreno-vota-quita-deuda-perder-121477746\" target=\"_blank\" rel=\"nofollow noopener\">ondonaci\u00f3n parcial de la deuda de las comunidades<\/a>, comprometida con ERC, y una reuni\u00f3n en Bruselas entre Salvador Illa y Carles Puigdemont. Tras este encuentro, en Moncloa ratificaron su compromiso de que Pedro S\u00e1nchez se reunir\u00e1 tambi\u00e9n con el expresident y l\u00edder de Junts, aun sin fijar fecha ni lugar. Un reconocimiento como interlocutor y en aplicaci\u00f3n de la reclamada\u00a0<strong>\u00abamnist\u00eda pol\u00edtica\u201d. <\/strong><\/p>\n<p class=\"ft-text\">Los gestos del Ejecutivo no parecen ablandar la posici\u00f3n de los posconvergentes, que en el primer pleno del Congreso de este mes de septiembre asestaron al Gobierno un duro golpe al sumar sus votos a PP y Vox para rechazar la <a class=\"ft-link ft-link--decoration\" href=\"https:\/\/www.elperiodico.com\/es\/politica\/20250914\/sumar-diagnostica-reves-reduccion-jornada-121555737\" target=\"_blank\" rel=\"nofollow noopener\">reducci\u00f3n de la jornada laboral<\/a>, un proyecto impulsado desde el ministerio de Trabajo que dirige Yolanda D\u00edaz. Tras los ataques de esta \u00faltima desde la tribuna a Junts, en la parte socialista del <strong>Gobierno salieron en tromba para enmendar y tratar de proteger el \u201cdi\u00e1logo\u201d<\/strong> con los posconvergentes.<\/p>\n<p class=\"ft-text\">Especialmente desde Hacienda se redoblaron esfuerzos para blindar la negociaci\u00f3n de los Presupuestos de este choque. Su pretensi\u00f3n sigue siendo aprobar lo antes posible la senda de d\u00e9ficit y el techo de gasto, primer paso para la elaboraci\u00f3n de los Presupuestos. Sin embargo, el debate sobre el d\u00e9ficit de las comunidades aut\u00f3nomas deber\u00e1 <strong>pasar previamente por un Consejo de Pol\u00edtica Fiscal y Financiera (CPFF)<\/strong>, que todav\u00eda no se ha convocado, y los grupos parlamentarios niegan que se haya aterrizado este asunto en las respectivas mesas de negociaci\u00f3n. En Moncloa se aferran a la \u201cdiscreci\u00f3n\u201d de las conversaciones para que sean fruct\u00edferas y se limitan a asegurar que \u201cestamos en ello\u201d.<\/p>\n<p data-close=\"closedContent\" class=\"subscribeHideForDisplay\">Suscr\u00edbete para seguir leyendo<\/p>\n","protected":false},"excerpt":{"rendered":"El Gobierno no cesa en su batalla por avanzar en la oficialidad del catal\u00e1n en la UE, junto&hellip;\n","protected":false},"author":2,"featured_media":120457,"comment_status":"","ping_status":"","sticky":false,"template":"","format":"standard","meta":{"footnotes":""},"categories":[8],"tags":[1660,17,18,6061,25,24,13,14,11,19,20,9,10,15,16,2959,13398,199,23,12,943,21,22],"class_list":{"0":"post-120456","1":"post","2":"type-post","3":"status-publish","4":"format-standard","5":"has-post-thumbnail","7":"category-espana","8":"tag-alemania","9":"tag-breaking-news","10":"tag-breakingnews","11":"tag-catalan","12":"tag-es","13":"tag-espana","14":"tag-featured-news","15":"tag-featurednews","16":"tag-headlines","17":"tag-latest-news","18":"tag-latestnews","19":"tag-news","20":"tag-noticias","21":"tag-noticias-destacadas","22":"tag-noticiasdestacadas","23":"tag-pedro-sanchez","24":"tag-resistencia","25":"tag-sanchez","26":"tag-spain","27":"tag-titulares","28":"tag-ue","29":"tag-ultimas-noticias","30":"tag-ultimasnoticias"},"share_on_mastodon":{"url":"","error":""},"_links":{"self":[{"href":"https:\/\/www.europesays.com\/es\/wp-json\/wp\/v2\/posts\/120456","targetHints":{"allow":["GET"]}}],"collection":[{"href":"https:\/\/www.europesays.com\/es\/wp-json\/wp\/v2\/posts"}],"about":[{"href":"https:\/\/www.europesays.com\/es\/wp-json\/wp\/v2\/types\/post"}],"author":[{"embeddable":true,"href":"https:\/\/www.europesays.com\/es\/wp-json\/wp\/v2\/users\/2"}],"replies":[{"embeddable":true,"href":"https:\/\/www.europesays.com\/es\/wp-json\/wp\/v2\/comments?post=120456"}],"version-history":[{"count":0,"href":"https:\/\/www.europesays.com\/es\/wp-json\/wp\/v2\/posts\/120456\/revisions"}],"wp:featuredmedia":[{"embeddable":true,"href":"https:\/\/www.europesays.com\/es\/wp-json\/wp\/v2\/media\/120457"}],"wp:attachment":[{"href":"https:\/\/www.europesays.com\/es\/wp-json\/wp\/v2\/media?parent=120456"}],"wp:term":[{"taxonomy":"category","embeddable":true,"href":"https:\/\/www.europesays.com\/es\/wp-json\/wp\/v2\/categories?post=120456"},{"taxonomy":"post_tag","embeddable":true,"href":"https:\/\/www.europesays.com\/es\/wp-json\/wp\/v2\/tags?post=120456"}],"curies":[{"name":"wp","href":"https:\/\/api.w.org\/{rel}","templated":true}]}}