{"id":120460,"date":"2025-09-17T09:14:07","date_gmt":"2025-09-17T09:14:07","guid":{"rendered":"https:\/\/www.europesays.com\/es\/120460\/"},"modified":"2025-09-17T09:14:07","modified_gmt":"2025-09-17T09:14:07","slug":"los-toros-de-jandilla-para-la-alternativa-de-aaron-palacio-en-nimes","status":"publish","type":"post","link":"https:\/\/www.europesays.com\/es\/120460\/","title":{"rendered":"Los toros de Jandilla para la alternativa de Aar\u00f3n Palacio en Nimes"},"content":{"rendered":"<p>El 20 de septiembre tomar\u00e1 la alternativa en <strong>Nimes (Francia)<\/strong> el novillero ma\u00f1o <strong>Aar\u00f3n Palacio<\/strong>\u00a0y lo har\u00e1 con una corrida de<strong> Jandilla<\/strong>.<strong> Jos\u00e9 Mar\u00eda Manzanares<\/strong> y <strong>Roca Rey<\/strong> completar\u00e1n el cartel en el coliseo, ejerciendo de padrino y testigo de la ceremonia, respectivamente. La corrida de toros de <strong>Borja Domecq<\/strong> rese\u00f1ada en el campo se puede ver en la galer\u00eda adjunta a estas l\u00edneas.<\/p>\n","protected":false},"excerpt":{"rendered":"El 20 de septiembre tomar\u00e1 la alternativa en Nimes (Francia) el novillero ma\u00f1o Aar\u00f3n Palacio\u00a0y lo har\u00e1 con&hellip;\n","protected":false},"author":2,"featured_media":120461,"comment_status":"","ping_status":"","sticky":false,"template":"","format":"standard","meta":{"footnotes":""},"categories":[277],"tags":[45,19176,373,168,25,24,22524,12070,9544,4316,23,167,374],"class_list":{"0":"post-120460","1":"post","2":"type-post","3":"status-publish","4":"format-standard","5":"has-post-thumbnail","7":"category-toreo","8":"tag-45","9":"tag-aaron-palacio","10":"tag-bullfighting","11":"tag-deportes","12":"tag-es","13":"tag-espana","14":"tag-jandilla","15":"tag-jose-maria-manzanares","16":"tag-nimes","17":"tag-roca-rey","18":"tag-spain","19":"tag-sports","20":"tag-toreo"},"share_on_mastodon":{"url":"","error":""},"_links":{"self":[{"href":"https:\/\/www.europesays.com\/es\/wp-json\/wp\/v2\/posts\/120460","targetHints":{"allow":["GET"]}}],"collection":[{"href":"https:\/\/www.europesays.com\/es\/wp-json\/wp\/v2\/posts"}],"about":[{"href":"https:\/\/www.europesays.com\/es\/wp-json\/wp\/v2\/types\/post"}],"author":[{"embeddable":true,"href":"https:\/\/www.europesays.com\/es\/wp-json\/wp\/v2\/users\/2"}],"replies":[{"embeddable":true,"href":"https:\/\/www.europesays.com\/es\/wp-json\/wp\/v2\/comments?post=120460"}],"version-history":[{"count":0,"href":"https:\/\/www.europesays.com\/es\/wp-json\/wp\/v2\/posts\/120460\/revisions"}],"wp:featuredmedia":[{"embeddable":true,"href":"https:\/\/www.europesays.com\/es\/wp-json\/wp\/v2\/media\/120461"}],"wp:attachment":[{"href":"https:\/\/www.europesays.com\/es\/wp-json\/wp\/v2\/media?parent=120460"}],"wp:term":[{"taxonomy":"category","embeddable":true,"href":"https:\/\/www.europesays.com\/es\/wp-json\/wp\/v2\/categories?post=120460"},{"taxonomy":"post_tag","embeddable":true,"href":"https:\/\/www.europesays.com\/es\/wp-json\/wp\/v2\/tags?post=120460"}],"curies":[{"name":"wp","href":"https:\/\/api.w.org\/{rel}","templated":true}]}}