{"id":120462,"date":"2025-09-17T09:18:10","date_gmt":"2025-09-17T09:18:10","guid":{"rendered":"https:\/\/www.europesays.com\/es\/120462\/"},"modified":"2025-09-17T09:18:10","modified_gmt":"2025-09-17T09:18:10","slug":"israel-premier-tech-consigue-52-000-euros-en-premios-durante-la-vuelta-a-espana","status":"publish","type":"post","link":"https:\/\/www.europesays.com\/es\/120462\/","title":{"rendered":"Israel-Premier Tech consigue 52.000 euros en premios durante la Vuelta a Espa\u00f1a"},"content":{"rendered":"<p><img alt=\"El equipo Israel-Premier Tech en\" class=\"global-image\" decoding=\"async\" fetchpriority=\"high\" height=\"5130\" loading=\"eager\" src=\"https:\/\/www.europesays.com\/es\/wp-content\/uploads\/2025\/09\/TNU7ZJKN4JHT7APFW2QDWXQFIA.JPG\" width=\"7746\"\/>El equipo Israel-Premier Tech en la Vuelta a Espa\u00f1a (REUTERS\/Alberto Lingria)<\/p>\n<p class=\"paragraph\"><b>La Vuelta a Espa\u00f1a de 2025<\/b> ser\u00e1 recordada en el tiempo y no precisamente por las grandes actuaciones de los ciclistas o por la victoria final de <b>Vingegaard. <\/b>M\u00e1s bien quedar\u00e1 en la retina por las diversas <a rel=\"noopener noreferrer nofollow\" href=\"https:\/\/www.infobae.com\/espana\/2025\/09\/15\/los-21-dias-que-transformaron-la-vuelta-en-un-conflicto-internacional-las-protestas-que-tensaron-la-relacion-con-israel-y-obligaron-a-todos-los-partidos-a-posicionarse\/\" target=\"_blank\" title=\"https:\/\/www.infobae.com\/espana\/2025\/09\/15\/los-21-dias-que-transformaron-la-vuelta-en-un-conflicto-internacional-las-protestas-que-tensaron-la-relacion-con-israel-y-obligaron-a-todos-los-partidos-a-posicionarse\/\"><b>protestas y manifestaciones propalestinas<\/b><\/a> que se han ido ocasionando con el paso de las etapas en diferentes puntos del pa\u00eds y han provocado cambios y alteraciones en la competici\u00f3n como en su \u00faltima etapa en Madrid que acab\u00f3 cancelada, con una manifestaci\u00f3n de 100.000 asistentes, dos arrestados y 22 polic\u00edas heridos. <\/p>\n<p class=\"paragraph\">La principal raz\u00f3n de estos acontecimientos es la participaci\u00f3n del equipo <a rel=\"noopener noreferrer nofollow\" href=\"https:\/\/www.infobae.com\/espana\/2025\/09\/06\/israel-premier-tech-elimina-el-nombre-de-su-pais-del-maillot-de-la-vuelta-el-uniforme-se-alinea-con-las-decisiones-de-marca-que-hemos-adoptado\/\" target=\"_blank\" title=\"https:\/\/www.infobae.com\/espana\/2025\/09\/06\/israel-premier-tech-elimina-el-nombre-de-su-pais-del-maillot-de-la-vuelta-el-uniforme-se-alinea-con-las-decisiones-de-marca-que-hemos-adoptado\/\"><b>Israel-Premier Tech<\/b><\/a> en la Vuelta, que no solo ha generado crispaci\u00f3n, sino que tambi\u00e9n ha logrado uno de sus mejores resultados deportivos de su corta historia y que a su vez le han permitido obtener <b>52.115 euros <\/b>en premios.<\/p>\n<p class=\"paragraph\">El primer ministro de Israel, <b>Benjam\u00edn Netanyahu,<\/b> est\u00e1 bastante relacionado con el equipo de su pa\u00eds, ya que guarda una relaci\u00f3n cercana con el propietario del Israel-Premier Tech, el millonario canadiense <b>Sylvan Adams<\/b>. Adem\u00e1s de la relaci\u00f3n personal se puede entrever una relaci\u00f3n institucional, que aunque no es oficial porque el equipo cuenta con financiaci\u00f3n privada y no pertenece al Gobierno israel\u00ed, es respaldado pol\u00edticamente por la presidencia mediante, por ejemplo, felicitaciones p\u00fablicas del Primer ministro que destacan la resistencia del equipo frente a las protestas como un acto de firmeza nacional.<\/p>\n<p class=\"paragraph\">Es en parte por declaraciones o comentarios del propio Netanyahu resaltando la labor del equipo, lo que ha llevado a multitudes de manifestantes a las calles de Espa\u00f1a para protestar contra la participaci\u00f3n del <a rel=\"noopener noreferrer nofollow\" href=\"https:\/\/www.infobae.com\/espana\/deportes\/2025\/09\/16\/del-atletico-de-madrid-al-movistar-team-la-presencia-de-israel-en-otros-ambitos-deportivos\/\" target=\"_blank\" title=\"https:\/\/www.infobae.com\/espana\/deportes\/2025\/09\/16\/del-atletico-de-madrid-al-movistar-team-la-presencia-de-israel-en-otros-ambitos-deportivos\/\">combinado israel\u00ed<\/a> en la competici\u00f3n, ya que lo consideran como una estrategia que utiliza Israel para <b>lavar su imagen<\/b> frente al mundo dejando al margen sus acciones en Gaza.<\/p>\n<p class=\"paragraph\">En el \u00e1mbito meramente deportivo, el conjunto Israel-Premier Tech ha obtenido una de sus <b>mejores clasificaciones<\/b> en una de las tres grandes vueltas. Su clasificaci\u00f3n general como equipo les ha colocado novenos de 23 participantes, por ello han obtenido <b>52.115 euros<\/b>, repartidos en <b>27.760 euros<\/b> por las etapas, destacando una segunda posici\u00f3n como equipo en la 18, <b>12.500 euros<\/b> por la quinta plaza de su ciclista en la general y <b>11.000 euros<\/b> por el maillot blanco, adem\u00e1s de complementos, seg\u00fan datos recogidos por la web ProCyclingStats.<\/p>\n<p class=\"paragraph\">El gran protagonista de estos logros, ha sido el ciclista estadounidense <b>Matthew Riccitello<\/b>, que ha logrado un <b>quinto puesto<\/b> en la general y el<b> maillot blanco al mejor joven<\/b>, lo que significa que es el primer podio en una gran vuelta para este equipo desde que apareciera por primera vez en 2018 en un Giro de Italia que parti\u00f3 precisamente desde Jerusal\u00e9n.<\/p>\n<p><img alt=\"Matthew Riccitello en el podio\" class=\"global-image\" decoding=\"async\" fetchpriority=\"low\" height=\"2700\" loading=\"lazy\" src=\"https:\/\/www.europesays.com\/es\/wp-content\/uploads\/2025\/09\/KBILMGIO2JBNPIYQJGKBPOYFTM.JPG\" width=\"4253\"\/>Matthew Riccitello en el podio (REUTERS\/Bruna Casas)<\/p>\n<p class=\"paragraph\">El joven ciclista debi\u00f3 subirse al <b>podio<\/b> en la plaza de Cibeles tras obtener el galard\u00f3n del maillot blanco, como manda la tradici\u00f3n. Sin embargo, debido a las manifestaciones que tuvieron lugar durante la \u00faltima etapa en la capital espa\u00f1ola, la ceremonia se realiz\u00f3 de manera improvisada en el <b>parking<\/b> del Hotel Marriott, donde los principales protagonistas simularon los cajones del podio con unas <b>neveras<\/b> pintadas con los n\u00fameros <b>\u201c1\u2033<\/b>, <b>\u201c2\u201d<\/b> y <b>\u201c3\u201d<\/b> y amenizaron la celebraci\u00f3n con canciones como \u2018Eye of the tiger\u2019 gracias a un altavoz port\u00e1til.<\/p>\n<p class=\"paragraph\">Aunque por su apellido pueda parecer italiano, el joven naci\u00f3 en Estados Unidos, aunque guarda una herencia familiar italiana por parte de su padre. Su figura le sirvi\u00f3 de referente para apasionarse por las bicicletas, ya que <b>Jimmy Riccitello<\/b> era un triatleta profesional que<b> gan\u00f3<\/b> en 1996 el <b>campeonato del Mundo Xterra<\/b>, combinando nataci\u00f3n en aguas abiertas, ciclismo de monta\u00f1a y trail running.<\/p>\n<p class=\"paragraph\">Riccitello no continuar\u00e1 la pr\u00f3xima campa\u00f1a en Israel tras fichar por el equipo franc\u00e9s Decathlon, lo que no es posible asegurar es que el equipo <b>Israel-Premier Tech<\/b> no siga siendo objeto de pol\u00e9mica, al menos, en el corto plazo.<\/p>\n","protected":false},"excerpt":{"rendered":"El equipo Israel-Premier Tech en la Vuelta a Espa\u00f1a (REUTERS\/Alberto Lingria) La Vuelta a Espa\u00f1a de 2025 ser\u00e1&hellip;\n","protected":false},"author":2,"featured_media":120463,"comment_status":"","ping_status":"","sticky":false,"template":"","format":"standard","meta":{"footnotes":""},"categories":[273],"tags":[313,312,168,25,24,406,39796,23,3020,167],"class_list":{"0":"post-120462","1":"post","2":"type-post","3":"status-publish","4":"format-standard","5":"has-post-thumbnail","7":"category-ciclismo","8":"tag-ciclismo","9":"tag-cycling","10":"tag-deportes","11":"tag-es","12":"tag-espana","13":"tag-europe","14":"tag-novara","15":"tag-spain","16":"tag-sport","17":"tag-sports"},"share_on_mastodon":{"url":"","error":""},"_links":{"self":[{"href":"https:\/\/www.europesays.com\/es\/wp-json\/wp\/v2\/posts\/120462","targetHints":{"allow":["GET"]}}],"collection":[{"href":"https:\/\/www.europesays.com\/es\/wp-json\/wp\/v2\/posts"}],"about":[{"href":"https:\/\/www.europesays.com\/es\/wp-json\/wp\/v2\/types\/post"}],"author":[{"embeddable":true,"href":"https:\/\/www.europesays.com\/es\/wp-json\/wp\/v2\/users\/2"}],"replies":[{"embeddable":true,"href":"https:\/\/www.europesays.com\/es\/wp-json\/wp\/v2\/comments?post=120462"}],"version-history":[{"count":0,"href":"https:\/\/www.europesays.com\/es\/wp-json\/wp\/v2\/posts\/120462\/revisions"}],"wp:featuredmedia":[{"embeddable":true,"href":"https:\/\/www.europesays.com\/es\/wp-json\/wp\/v2\/media\/120463"}],"wp:attachment":[{"href":"https:\/\/www.europesays.com\/es\/wp-json\/wp\/v2\/media?parent=120462"}],"wp:term":[{"taxonomy":"category","embeddable":true,"href":"https:\/\/www.europesays.com\/es\/wp-json\/wp\/v2\/categories?post=120462"},{"taxonomy":"post_tag","embeddable":true,"href":"https:\/\/www.europesays.com\/es\/wp-json\/wp\/v2\/tags?post=120462"}],"curies":[{"name":"wp","href":"https:\/\/api.w.org\/{rel}","templated":true}]}}