{"id":120470,"date":"2025-09-17T09:22:07","date_gmt":"2025-09-17T09:22:07","guid":{"rendered":"https:\/\/www.europesays.com\/es\/120470\/"},"modified":"2025-09-17T09:22:07","modified_gmt":"2025-09-17T09:22:07","slug":"el-bestial-discurso-de-marc-giro-que-enmudecio-a-la-audiencia-y-por-que-se-preguntaran-esta-espana-en-vias-de-extincion-el-mundo","status":"publish","type":"post","link":"https:\/\/www.europesays.com\/es\/120470\/","title":{"rendered":"El bestial discurso de Marc Gir\u00f3 que enmudeci\u00f3 a la audiencia: &quot;\u00bfY por qu\u00e9, se preguntar\u00e1n, est\u00e1 Espa\u00f1a en v\u00edas de extinci\u00f3n?&quot; &#8211; El Mundo"},"content":{"rendered":"<ol>\n<li><a href=\"https:\/\/news.google.com\/rss\/articles\/CBMiiwFBVV95cUxNVWxldlZ5UVR2bk93ck1Jci1RTzZrMXR6aFliLXo2Nmdmd1ZzbEtyTXVWMUpTTV9TakV2M3B0U1lqVHVpZXh1MFphQ1hTVjlUTUFsNG0xZWlreWdSZGJRSTAzUE1fd2ZjRHppdHVnYlR1cmpTWjQybjl2dnlnMU8xUGthZFBvS1FwOHBV?oc=5\" target=\"_blank\" rel=\"nofollow noopener\">El bestial discurso de Marc Gir\u00f3 que enmudeci\u00f3 a la audiencia: \u00ab\u00bfY por qu\u00e9, se preguntar\u00e1n, est\u00e1 Espa\u00f1a en v\u00edas de extinci\u00f3n?\u00bb<\/a>&nbsp;&nbsp;El Mundo<\/li>\n<li><a href=\"https:\/\/news.google.com\/rss\/articles\/CBMigwJBVV95cUxQcGlCd1EtWFlUY0V0YXhjTmlrTGZ0TjdBNlJ3SnQ4MWM5NzRXVU9TQmQ0d2JiaC1ZcDdVZURUV1FhU3BIWnJfTnotUm1UUWpQY3BXVFg3WFlHd2x2bHZWNWNYNk5QMUhoRjQ3ckdWVXJtZFdORVNxN204c0h1cU9EUnh0RzB4eEh1Q0RFWk9jTUtrY3E5eXQwblA5NGFNLVJfTk9nSmw3bkt0R2lSaEllNWFyWlBROVJZaDRoRnNNVTlyc1VHNzk0N0dfZFpibW1RWV9seGsxblk1ZjRLTWQxSkJrWjJOMU9aUGdjTGJqS2hiazJBSWk2TUk3VDFSN2s5bzFv?oc=5\" target=\"_blank\" rel=\"nofollow noopener\">&#8216;El Hormiguero&#8217; (13.9%) se impone a &#8216;La Revuelta&#8217; (12.1%) y &#8216;SV All Stars&#8217; (15.7%) vence al buen regreso de &#8216;Late Xou&#8217; (12%)<\/a>&nbsp;&nbsp;elDiario.es<\/li>\n<li><a href=\"https:\/\/news.google.com\/rss\/articles\/CBMirgJBVV95cUxOM1Bla1RJLVlVT0JqbmIycG5fZS1kRHp0c0ZvSTJvOVVOc055UDZrOVZtQnROZGZxcEJaVlB1UEZrWlFDNTYyVU8tWFI1THZ1MDQ0elU4alZxbUNzN0tQR2o4QUVVRFdqR2dvQjduT0duNXh5Zk9uNzZtc25sSnpHaVlMLXA3d29MU2F2bDg0UEtnTDJqXzZyaEpjckt0N1NzUEQ3a0NLOGI0U3NNQWRVcENGQ3VXWmt3S25OU2V4SlNfS0IzTWtqaTN0YlRUWDRTZWI3U2lJMlBJZk1lcllnaVp1b1JxUXl5UHlLdGRLTUpCWFhzSlFjeGEwaURKTnVJbDFkd21RTVRHVEpvWHhPaGNhczkxMkxsRUNmb3VMNTNZcmtCQnhOYktucGVnZw?oc=5\" target=\"_blank\" rel=\"nofollow noopener\">El \u00e1cido mon\u00f3logo de Marc Gir\u00f3: \u201cDespu\u00e9s de la turra que dieron con que los catalanes y las feministas acabar\u00edan con Espa\u00f1a, ahora resulta que son los inmigrantes\u201d<\/a>&nbsp;&nbsp;EL PA\u00cdS<\/li>\n<li><a href=\"https:\/\/news.google.com\/rss\/articles\/CBMitwFBVV95cUxNZGN1ZVNIV0cySXhNS3pvaElwUm53SlBzVGNqU1I2Y0hUaUdMcEpTUVdVOUcyN0FEcVMzRlA5eXdfSlVEY194eDhKQzZIRXBRVWp1YXU1cEd6NjRHY1lTS1ZVVTd5S3NUb18xYWlyZDF1WkE0M3FfTkJmZ29LWEljMUloUVItdGtiYkNxbHkxTkFuZ2FYaVNRaUk0aC1PT3RXYWpsNW9TTVZndmhoMkU0c3lRRXFfeFXSAbwBQVVfeXFMUG9uMjZmMk5MNGRhNVpaLUtiX2hHcENlcUNialZqTHJtekZYdWY2Ui1lTVJIeDdUR1NLdU0wXy1Ya1NVV1JzeGN3RmhDNGIweFV5cUlZTHJVZ2JDVU4wZUpDLUdVOXpRU0laTGxMcDFOcGN4aXphelMtLXlqUW1Nc0hFSUZmWTZEU3VOcnQzc01GTXFkWmtHWXFHOTUta3VHM1hFSDdyOXpWYWl6azlkZVRJTWpjZjh4S2s5cjA?oc=5\" target=\"_blank\" rel=\"nofollow noopener\">&#8216;Late Xou&#8217; regresa a lo grande: casi un mill\u00f3n de espectadores para Marc Gir\u00f3<\/a>&nbsp;&nbsp;La Vanguardia<\/li>\n<li><a href=\"https:\/\/news.google.com\/rss\/articles\/CBMiqwFBVV95cUxPY2xJMC01R1RUQ09PekpQU2tJSE9zQThRUVZwRGtMRnppTmdDVjVZUlVSTDczR2JzVlhaOUtKVWNrSDVYdmxCMDlGR1RnVHlnTFNOLWtxeEpFelJNenpNQ0kxeDV1MkptaFMyTXpISEVBV216T0ZWeHpIUWgxc3ZLcEdZbXhnbWdRZ1BtVDF1VFI3WlQ1YnlGakoxQ1FSUklvbXVPQ2Q2VnFMbUHSAbABQVVfeXFMT0lQYUoxUFhFN3FySlNiT2haVVAyU0ZIeDN1bThIa2JZNmNPSnFtU2lCd0VsUHZOVS1tS2psWnVxX0tiT3pfZTRsdEp2cU84c25vcVA3WkI0UlJRMEVmS0J6QkJGTDI4ZEgtQnRPQVB4QTl1djhFTldsdUJBWVJ3cDVNQ1hNM1V4MnBUajhQZHZpTW1YY0tQWWJ3bmRRWjBGZTE0SU5oUWxWb1lFbW5FOTU?oc=5\" target=\"_blank\" rel=\"nofollow noopener\">Estos son hoy los invitados de &#8216;Late Xou con Marc Gir\u00f3&#8217;, el programa que se emite tras &#8216;La revuelta&#8217; de Broncano en La 1 de TVE<\/a>&nbsp;&nbsp;El Confidencial<\/li>\n<\/ol>\n","protected":false},"excerpt":{"rendered":"El bestial discurso de Marc Gir\u00f3 que enmudeci\u00f3 a la audiencia: \u00ab\u00bfY por qu\u00e9, se preguntar\u00e1n, est\u00e1 Espa\u00f1a&hellip;\n","protected":false},"author":2,"featured_media":120471,"comment_status":"","ping_status":"","sticky":false,"template":"","format":"standard","meta":{"footnotes":""},"categories":[174],"tags":[255,146,147,25,24,256,23430,518,23,807,32358],"class_list":{"0":"post-120470","1":"post","2":"type-post","3":"status-publish","4":"format-standard","5":"has-post-thumbnail","7":"category-famosos","8":"tag-celebrities","9":"tag-entertainment","10":"tag-entretenimiento","11":"tag-es","12":"tag-espana","13":"tag-famosos","14":"tag-marc-giro","15":"tag-rtve","16":"tag-spain","17":"tag-television","18":"tag-television-momentvs"},"share_on_mastodon":{"url":"","error":""},"_links":{"self":[{"href":"https:\/\/www.europesays.com\/es\/wp-json\/wp\/v2\/posts\/120470","targetHints":{"allow":["GET"]}}],"collection":[{"href":"https:\/\/www.europesays.com\/es\/wp-json\/wp\/v2\/posts"}],"about":[{"href":"https:\/\/www.europesays.com\/es\/wp-json\/wp\/v2\/types\/post"}],"author":[{"embeddable":true,"href":"https:\/\/www.europesays.com\/es\/wp-json\/wp\/v2\/users\/2"}],"replies":[{"embeddable":true,"href":"https:\/\/www.europesays.com\/es\/wp-json\/wp\/v2\/comments?post=120470"}],"version-history":[{"count":0,"href":"https:\/\/www.europesays.com\/es\/wp-json\/wp\/v2\/posts\/120470\/revisions"}],"wp:featuredmedia":[{"embeddable":true,"href":"https:\/\/www.europesays.com\/es\/wp-json\/wp\/v2\/media\/120471"}],"wp:attachment":[{"href":"https:\/\/www.europesays.com\/es\/wp-json\/wp\/v2\/media?parent=120470"}],"wp:term":[{"taxonomy":"category","embeddable":true,"href":"https:\/\/www.europesays.com\/es\/wp-json\/wp\/v2\/categories?post=120470"},{"taxonomy":"post_tag","embeddable":true,"href":"https:\/\/www.europesays.com\/es\/wp-json\/wp\/v2\/tags?post=120470"}],"curies":[{"name":"wp","href":"https:\/\/api.w.org\/{rel}","templated":true}]}}