{"id":120472,"date":"2025-09-17T09:24:10","date_gmt":"2025-09-17T09:24:10","guid":{"rendered":"https:\/\/www.europesays.com\/es\/120472\/"},"modified":"2025-09-17T09:24:10","modified_gmt":"2025-09-17T09:24:10","slug":"50-anos-de-baloncesto-en-el-libro-uve-de-francisco-javier-rodenas-ser-deportivos-villena","status":"publish","type":"post","link":"https:\/\/www.europesays.com\/es\/120472\/","title":{"rendered":"50 a\u00f1os de baloncesto en el libro UVE, de Francisco Javier Rodenas | Ser Deportivos Villena"},"content":{"rendered":"<p class=\"loc\">Villena<\/p>\n<p>Aunque ha realizado diversos libros, de investigaci\u00f3n local, historia festera y poes\u00eda, para Francisco Javier Rodenas Mic\u00f3 es el primero dentro del \u00e1mbito del deporte, y que forma parte de todo lo que program\u00f3 en su d\u00eda la Comisi\u00f3n del 50 aniversario del V-74 con motivo de este medio siglo de vida en torno al baloncesto <\/p>\n<p>El libro ve la luz para cerrar una efem\u00e9ride que ha puesto en valor el deporte en general y el baloncesto en particular, que ha demostrado arrastrar a cientos de personas, que en muchos casos comienzan jugando, y luego pasan a ser entrenadores o directivos, siempre vinculados a un club, que tiene como m\u00e9rito el haberse mantenido <\/p>\n<p>Adem\u00e1s del amplio cap\u00edtulo gr\u00e1fico, el libro recoge gran cantidad de datos y an\u00e9cdotas, como selaba Rodenas en la entrevista de Radio Villena SER, destacando de forma importante los actos celebrados con motivo de estas bodas de oro del deporte de la canasta, el baloncesto <\/p>\n<p>Escucha la entrevista a trav\u00e9s del enlace de la web de Radio Villena SER <\/p>\n<p><img decoding=\"async\" src=\"https:\/\/www.europesays.com\/es\/wp-content\/uploads\/2025\/09\/SKKLHYADQFAXNCSVJERRSSUZSA.jpeg\" alt=\"Portada del libro\" width=\"650\" height=\"929\"  loading=\"lazy\"\/><\/p>\n<p>Portada del libro \/ V74<\/p>\n<p>Ampliar<img decoding=\"async\" src=\"https:\/\/www.europesays.com\/es\/wp-content\/uploads\/2025\/09\/1758101050_68_SKKLHYADQFAXNCSVJERRSSUZSA.jpeg\" alt=\"Portada del libro\" width=\"650\" height=\"929\" loading=\"lazy\"\/><\/p>\n<p>Portada del libro \/ V74<\/p>\n<p>Cerrar<\/p>\n","protected":false},"excerpt":{"rendered":"Villena Aunque ha realizado diversos libros, de investigaci\u00f3n local, historia festera y poes\u00eda, para Francisco Javier Rodenas Mic\u00f3&hellip;\n","protected":false},"author":2,"featured_media":120473,"comment_status":"","ping_status":"","sticky":false,"template":"","format":"standard","meta":{"footnotes":""},"categories":[172],"tags":[224,146,147,25,24,225,23],"class_list":{"0":"post-120472","1":"post","2":"type-post","3":"status-publish","4":"format-standard","5":"has-post-thumbnail","7":"category-libros","8":"tag-books","9":"tag-entertainment","10":"tag-entretenimiento","11":"tag-es","12":"tag-espana","13":"tag-libros","14":"tag-spain"},"share_on_mastodon":{"url":"","error":""},"_links":{"self":[{"href":"https:\/\/www.europesays.com\/es\/wp-json\/wp\/v2\/posts\/120472","targetHints":{"allow":["GET"]}}],"collection":[{"href":"https:\/\/www.europesays.com\/es\/wp-json\/wp\/v2\/posts"}],"about":[{"href":"https:\/\/www.europesays.com\/es\/wp-json\/wp\/v2\/types\/post"}],"author":[{"embeddable":true,"href":"https:\/\/www.europesays.com\/es\/wp-json\/wp\/v2\/users\/2"}],"replies":[{"embeddable":true,"href":"https:\/\/www.europesays.com\/es\/wp-json\/wp\/v2\/comments?post=120472"}],"version-history":[{"count":0,"href":"https:\/\/www.europesays.com\/es\/wp-json\/wp\/v2\/posts\/120472\/revisions"}],"wp:featuredmedia":[{"embeddable":true,"href":"https:\/\/www.europesays.com\/es\/wp-json\/wp\/v2\/media\/120473"}],"wp:attachment":[{"href":"https:\/\/www.europesays.com\/es\/wp-json\/wp\/v2\/media?parent=120472"}],"wp:term":[{"taxonomy":"category","embeddable":true,"href":"https:\/\/www.europesays.com\/es\/wp-json\/wp\/v2\/categories?post=120472"},{"taxonomy":"post_tag","embeddable":true,"href":"https:\/\/www.europesays.com\/es\/wp-json\/wp\/v2\/tags?post=120472"}],"curies":[{"name":"wp","href":"https:\/\/api.w.org\/{rel}","templated":true}]}}