{"id":120483,"date":"2025-09-17T09:32:08","date_gmt":"2025-09-17T09:32:08","guid":{"rendered":"https:\/\/www.europesays.com\/es\/120483\/"},"modified":"2025-09-17T09:32:08","modified_gmt":"2025-09-17T09:32:08","slug":"muere-jose-maria-castellano-que-fue-ejecutivo-clave-de-inditex-economia","status":"publish","type":"post","link":"https:\/\/www.europesays.com\/es\/120483\/","title":{"rendered":"Muere Jos\u00e9 Mar\u00eda Castellano, que fue ejecutivo clave de Inditex | Econom\u00eda"},"content":{"rendered":"<p class=\"\">El economista y empresario <a href=\"https:\/\/elpais.com\/noticias\/jose-maria-castellano-rios\/\" target=\"_blank\" rel=\"noreferrer nofollow noopener\" title=\"https:\/\/elpais.com\/noticias\/jose-maria-castellano-rios\/\">Jos\u00e9 Mar\u00eda Castellano<\/a>, primer consejero delegado de Inditex, ha fallecido este mi\u00e9rcoles en Madrid, han informado a Efe fuentes de su entorno.<\/p>\n<p class=\"\">Castellano, nacido en A Coru\u00f1a en 1947, trabaj\u00f3 en<a href=\"https:\/\/elpais.com\/noticias\/inditex\/\" target=\"_blank\" rel=\"noreferrer nofollow noopener\" title=\"https:\/\/elpais.com\/noticias\/inditex\/\"> Inditex <\/a>desde 1984, empresa de la que fue vicepresidente y tambi\u00e9n su primer consejero delegado entre 1997 y 2005.<\/p>\n<p class=\"\">Licenciado en Econ\u00f3micas y Empresariales por la Universidad de Santiago, fue catedr\u00e1tico en la Universidad de A Coru\u00f1a, con un doctorado por la Universidad de Madrid.<\/p>\n<p class=\"\">Adem\u00e1s de sus cargos, tambi\u00e9n fue conocido por ostentar la presidencia de la entidad surgida de la fusi\u00f3n de Caixa Galicia y Caixanova, las dos cajas gallegas que se convirtieron primero en Novacaixagalicia y luego en Novagalicia Banco.<\/p>\n<p class=\"\">Castellano dirigi\u00f3 esta \u00faltima hasta 2014, cuando fue vendida por el Fondo de Reestructuraci\u00f3n Ordenada Bancaria al grupo venezolano Banesco, actual propietario, que cambi\u00f3 la denominaci\u00f3n a la actual Abanca.<\/p>\n<p class=\"\">Tambi\u00e9n presidi\u00f3 la empresa de telecomunicaciones ONO desde 2008 hasta que fue adquirida por Vodafone en el a\u00f1o 2014.<\/p>\n<p class=\"\">Durante toda su carrera empresarial pas\u00f3 por los consejos de administraci\u00f3n de numerosas empresas y en la actualidad presid\u00eda la empresa energ\u00e9tica Greenalia y, a nivel internacional, formaba parte de la alemana Esprit. <\/p>\n","protected":false},"excerpt":{"rendered":"El economista y empresario Jos\u00e9 Mar\u00eda Castellano, primer consejero delegado de Inditex, ha fallecido este mi\u00e9rcoles en Madrid,&hellip;\n","protected":false},"author":2,"featured_media":120484,"comment_status":"","ping_status":"","sticky":false,"template":"","format":"standard","meta":{"footnotes":""},"categories":[80],"tags":[18247,82,3903,11085,95,94,25,24,3906,39797,1023,23,3902],"class_list":{"0":"post-120483","1":"post","2":"type-post","3":"status-publish","4":"format-standard","5":"has-post-thumbnail","7":"category-economia","8":"tag-amancio-ortega","9":"tag-business","10":"tag-comercio","11":"tag-distribucion","12":"tag-economia","13":"tag-economy","14":"tag-es","15":"tag-espana","16":"tag-inditex","17":"tag-jose-maria-castellano-rios","18":"tag-moda","19":"tag-spain","20":"tag-textil"},"share_on_mastodon":{"url":"","error":""},"_links":{"self":[{"href":"https:\/\/www.europesays.com\/es\/wp-json\/wp\/v2\/posts\/120483","targetHints":{"allow":["GET"]}}],"collection":[{"href":"https:\/\/www.europesays.com\/es\/wp-json\/wp\/v2\/posts"}],"about":[{"href":"https:\/\/www.europesays.com\/es\/wp-json\/wp\/v2\/types\/post"}],"author":[{"embeddable":true,"href":"https:\/\/www.europesays.com\/es\/wp-json\/wp\/v2\/users\/2"}],"replies":[{"embeddable":true,"href":"https:\/\/www.europesays.com\/es\/wp-json\/wp\/v2\/comments?post=120483"}],"version-history":[{"count":0,"href":"https:\/\/www.europesays.com\/es\/wp-json\/wp\/v2\/posts\/120483\/revisions"}],"wp:featuredmedia":[{"embeddable":true,"href":"https:\/\/www.europesays.com\/es\/wp-json\/wp\/v2\/media\/120484"}],"wp:attachment":[{"href":"https:\/\/www.europesays.com\/es\/wp-json\/wp\/v2\/media?parent=120483"}],"wp:term":[{"taxonomy":"category","embeddable":true,"href":"https:\/\/www.europesays.com\/es\/wp-json\/wp\/v2\/categories?post=120483"},{"taxonomy":"post_tag","embeddable":true,"href":"https:\/\/www.europesays.com\/es\/wp-json\/wp\/v2\/tags?post=120483"}],"curies":[{"name":"wp","href":"https:\/\/api.w.org\/{rel}","templated":true}]}}