{"id":120491,"date":"2025-09-17T09:37:10","date_gmt":"2025-09-17T09:37:10","guid":{"rendered":"https:\/\/www.europesays.com\/es\/120491\/"},"modified":"2025-09-17T09:37:10","modified_gmt":"2025-09-17T09:37:10","slug":"la-fundacion-de-estudios-taurinos-organiza-una-jornadas-sobre-los-toros-en-francia-ocio-y-cultura","status":"publish","type":"post","link":"https:\/\/www.europesays.com\/es\/120491\/","title":{"rendered":"La Fundaci\u00f3n de Estudios Taurinos organiza una jornadas sobre &#8216;Los toros en Francia&#8217; | Ocio y cultura"},"content":{"rendered":"<p class=\"loc\">Sevilla<\/p>\n<p>La importancia de los toros en Francia, su repercusi\u00f3n medi\u00e1tica y los avances jur\u00eddicos que han conseguido dentro de la sociedad francesa ha motivado que el Patronato de la Fundaci\u00f3n de Estudios Taurinos fije su atenci\u00f3n en estos hechos.<\/p>\n<p>Con este motivo ha organizado una Mesa Redonda dirigida por el profesor Francis Wolff con el fin de que algunos representantes del mundo taurino franc\u00e9s puedan ofrecer a la afici\u00f3n sevillana y al p\u00fablico en general su visi\u00f3n al respecto.<\/p>\n<p>Este acto se celebrar\u00e1 el pr\u00f3ximo 25 de septiembre, jueves previo al comienzo de la Feria de San Miguel, en el Sal\u00f3n de Carteles de la Real Maestranza de Caballer\u00eda de Sevilla, patrocinadora del evento, con el siguiente programa:<\/p>\n<p>19:00 <b>Francis Wolff<\/b>. Fil\u00f3sofo y escritor taurino. Presentaci\u00f3n general: &#8216;De la tauromaquia como producto importado (hecho en Espa\u00f1a) al supuesto modelo franc\u00e9s&#8217;.<\/p>\n<p>19:15 <b>Fanny Jourdan-Gal <\/b>en colaboraci\u00f3n con <b>Antoine Capdeville<\/b>. Licenciada en ciencias pol\u00edticas. Autora de un libro para defender los toros en la tradici\u00f3n del Sudeste franc\u00e9s: &#8216;El estatuto jur\u00eddico y la geograf\u00eda de los toros en Francia&#8217;.<\/p>\n<p>19:30 <b>Thierry Vignal<\/b>. Profesor de derecho. Presidente del Club taurino de Par\u00eds. &#8216;Los toros bravos y los toros de Camarga&#8217;.<\/p>\n<p>19:45 <b>Elvire Oliu<\/b>. Periodista. Jefa de la comunicaci\u00f3n de la U.V.T.F. (Uni\u00f3n de las ciudades taurinas francesas) y del Observatorio de las culturas taurinas de Francia. &#8216;El sistema y la regulaci\u00f3n de los espect\u00e1culos taurinos en Francia&#8217;.<\/p>\n<p>20:00 <b>Marc Lavie<\/b>. Universitario. Director de la revista semanal taurina francesa \u201cSemana Grande\u201d. &#8216;Historia de los toreros franceses: de Nime\u00f1o I y Sim\u00f3n Casas a Clemente&#8217;.<\/p>\n<p>20:15 Mesa redonda y discusi\u00f3n general. <b>Francis Wolff. <\/b>Conclusiones<\/p>\n<p>(Entrada libre hasta completar el aforo)<\/p>\n<p>Como es sabido, los toros en Francia est\u00e1n prohibidos salvo en aquellas regiones o ciudades donde se hayan celebrado ininterrumpidamente a lo largo del tiempo. Por ello, la particular idiosincrasia de las fiestas taurinas francesas ha motivado que las autoridades de ciertas regiones o ciudades defiendan ese patrimonio que consideran \u00fanico, con independencia de sus propias opciones pol\u00edticas.<\/p>\n<p>El inter\u00e9s por el conocimiento de la defensa del mundo taurino en suelo franc\u00e9s es lo que ha motivado esta Mesa Redonda con el fin de tener un conocimiento m\u00e1s amplio de estas cuestiones y poder contrastar opiniones con personalidades relevantes dentro de este sector.<\/p>\n<p>Premio literario<\/p>\n<p>Por otra parte, el diario la Raz\u00f3n y la Real Maestranza de Caballer\u00eda entregan este jueves, d\u00eda 18 de septiembre, la segunda edici\u00f3n del Premio Divisa de Literatura Taurina, que ha reca\u00eddo en Jos\u00e9 Carlos Vara por su obra &#8216;La \u00faltima faena&#8217;.<\/p>\n<p>Con la colaboraci\u00f3n de la editorial El Pase\u00edllo, el acto tendr\u00e1 lugar a partir de las 20:30 horas en el Sal\u00f3n de Carteles del Coso del Baratillo.<\/p>\n","protected":false},"excerpt":{"rendered":"Sevilla La importancia de los toros en Francia, su repercusi\u00f3n medi\u00e1tica y los avances jur\u00eddicos que han conseguido&hellip;\n","protected":false},"author":2,"featured_media":120492,"comment_status":"","ping_status":"","sticky":false,"template":"","format":"standard","meta":{"footnotes":""},"categories":[277],"tags":[373,168,25,24,23,167,374],"class_list":{"0":"post-120491","1":"post","2":"type-post","3":"status-publish","4":"format-standard","5":"has-post-thumbnail","7":"category-toreo","8":"tag-bullfighting","9":"tag-deportes","10":"tag-es","11":"tag-espana","12":"tag-spain","13":"tag-sports","14":"tag-toreo"},"share_on_mastodon":{"url":"","error":""},"_links":{"self":[{"href":"https:\/\/www.europesays.com\/es\/wp-json\/wp\/v2\/posts\/120491","targetHints":{"allow":["GET"]}}],"collection":[{"href":"https:\/\/www.europesays.com\/es\/wp-json\/wp\/v2\/posts"}],"about":[{"href":"https:\/\/www.europesays.com\/es\/wp-json\/wp\/v2\/types\/post"}],"author":[{"embeddable":true,"href":"https:\/\/www.europesays.com\/es\/wp-json\/wp\/v2\/users\/2"}],"replies":[{"embeddable":true,"href":"https:\/\/www.europesays.com\/es\/wp-json\/wp\/v2\/comments?post=120491"}],"version-history":[{"count":0,"href":"https:\/\/www.europesays.com\/es\/wp-json\/wp\/v2\/posts\/120491\/revisions"}],"wp:featuredmedia":[{"embeddable":true,"href":"https:\/\/www.europesays.com\/es\/wp-json\/wp\/v2\/media\/120492"}],"wp:attachment":[{"href":"https:\/\/www.europesays.com\/es\/wp-json\/wp\/v2\/media?parent=120491"}],"wp:term":[{"taxonomy":"category","embeddable":true,"href":"https:\/\/www.europesays.com\/es\/wp-json\/wp\/v2\/categories?post=120491"},{"taxonomy":"post_tag","embeddable":true,"href":"https:\/\/www.europesays.com\/es\/wp-json\/wp\/v2\/tags?post=120491"}],"curies":[{"name":"wp","href":"https:\/\/api.w.org\/{rel}","templated":true}]}}