{"id":120505,"date":"2025-09-17T09:47:09","date_gmt":"2025-09-17T09:47:09","guid":{"rendered":"https:\/\/www.europesays.com\/es\/120505\/"},"modified":"2025-09-17T09:47:09","modified_gmt":"2025-09-17T09:47:09","slug":"el-atelier-de-los-suenos","status":"publish","type":"post","link":"https:\/\/www.europesays.com\/es\/120505\/","title":{"rendered":"El Atelier de los Sue\u00f1os"},"content":{"rendered":"<p><strong>\u00bfQU\u00c9 ES?:\u00a0<\/strong>Es un libro infantil creado por el equipo de Pagani Automobili, la automotriz fundada en Italia por el constructor argentino Horacio Pagani. Es una obra did\u00e1ctica sobre la historia del creador de los Zonda, Huayra y Utop\u00eda. Est\u00e1 impreso en Italia, se edit\u00f3 en italiano, espa\u00f1ol e ingl\u00e9s.<\/p>\n<p><strong>MEC\u00c1NICA:\u00a0<\/strong>Es un libro de 34 p\u00e1ginas impreso en colores y con tapas blandas. Est\u00e1 divididos en secciones sobre la historia de Horacio Pagani, la trayectoria de la empresa Pagani Automobili y tiene p\u00e1ginas con juegos, preguntas y dibujos para colorear.<\/p>\n<p><strong>LO M\u00c1S:\u00a0<\/strong>El libro es gratuito para ni\u00f1os de 0 a 12 a\u00f1os. Viene de regalo con una cajita con seis l\u00e1pices de colores, con el sello de \u00abPagani Automobili\u00bb.<\/p>\n<p><strong>LO MENOS:\u00a0<\/strong>El libro naci\u00f3 para regalar a los estudiantes de escuelas que visitaran el museo y la f\u00e1brica de Pagani Automobili en M\u00f3dena. Y, con el tiempo, se convirti\u00f3 en un souvenir para los ni\u00f1os de todo el mundo que visiten ese lugar. Ya encontraste la excusa que buscabas para realizar ese viaje fierrero y familiar a Italia.<\/p>\n<p><strong>EL DETALLE: <\/strong>Incluye di\u00e1logos ficticios entre Horacio Pagani y su \u00eddolo hist\u00f3rico: el artista, cient\u00edfico e inventor Leonardo Da Vinci. Tambi\u00e9n cuenta con un cap\u00edtulo especial con una explicaci\u00f3n did\u00e1ctica sobre el proceso de fabricaci\u00f3n del material compuesto que fue el sello revolucionario de los primeros Pagani: el chasis de fibra de carbono. Hay m\u00e1s informaci\u00f3 el <a href=\"https:\/\/www.pagani.com\/guided-tours\/\" rel=\"nofollow noopener\" target=\"_blank\">Museo Horacio Pagani<\/a> y en la galer\u00eda de fotos, ac\u00e1 abajo.<\/p>\n<p><strong>PRECIO: <\/strong>Sin costo.<\/p>\n<p>                            <a href=\"http:\/\/ar.motor1.com\/photos\/912189\/l-atelier-dei-sogni-horacio-pagani\/#8250873_l-atelier-dei-sogni-horacio-pagani\" class=\"msnt-photo-thumb-gallery-main-photo-box\" rel=\"nofollow noopener\" target=\"_blank\"><\/p>\n<p>                                    <img decoding=\"async\" src=\"https:\/\/www.europesays.com\/es\/wp-content\/uploads\/2025\/09\/16x9-tr.png\" loading=\"lazy\" alt=\"\" l=\"\" dei=\"\" sogni=\"\" pagani=\"\" width=\"16\" height=\"9\"\/><\/p>\n<p>                            <\/a><\/p>\n<p>                                    12                                <\/p>\n<p>\n                            Fuente: Motor1 Argentina                        <\/p>\n<p><a href=\"https:\/\/ar.motor1.com\/pagani\/\" data-inline-widget=\"internal-links\" data-type-id=\"2\" data-params=\"%7B%22alias%22%3A%22pagani%22%7D\" rel=\"nofollow noopener\" target=\"_blank\">Pagani<\/a>\u00a0\/\u00a0<a href=\"https:\/\/ar.motor1.com\/tag\/libros\/\" data-inline-widget=\"internal-links\" data-type-id=\"7\" data-params=\"%7B%22tag%22%3A%22libros%22%2C%22alias%22%3A%22libros%22%7D\" rel=\"nofollow noopener\" target=\"_blank\">libros<\/a><\/p>\n","protected":false},"excerpt":{"rendered":"\u00bfQU\u00c9 ES?:\u00a0Es un libro infantil creado por el equipo de Pagani Automobili, la automotriz fundada en Italia por&hellip;\n","protected":false},"author":2,"featured_media":120506,"comment_status":"","ping_status":"","sticky":false,"template":"","format":"standard","meta":{"footnotes":""},"categories":[172],"tags":[224,666,146,147,25,24,39803,225,39802,23],"class_list":{"0":"post-120505","1":"post","2":"type-post","3":"status-publish","4":"format-standard","5":"has-post-thumbnail","7":"category-libros","8":"tag-books","9":"tag-curiosidad","10":"tag-entertainment","11":"tag-entretenimiento","12":"tag-es","13":"tag-espana","14":"tag-horacio-pagani","15":"tag-libros","16":"tag-pagani","17":"tag-spain"},"share_on_mastodon":{"url":"","error":""},"_links":{"self":[{"href":"https:\/\/www.europesays.com\/es\/wp-json\/wp\/v2\/posts\/120505","targetHints":{"allow":["GET"]}}],"collection":[{"href":"https:\/\/www.europesays.com\/es\/wp-json\/wp\/v2\/posts"}],"about":[{"href":"https:\/\/www.europesays.com\/es\/wp-json\/wp\/v2\/types\/post"}],"author":[{"embeddable":true,"href":"https:\/\/www.europesays.com\/es\/wp-json\/wp\/v2\/users\/2"}],"replies":[{"embeddable":true,"href":"https:\/\/www.europesays.com\/es\/wp-json\/wp\/v2\/comments?post=120505"}],"version-history":[{"count":0,"href":"https:\/\/www.europesays.com\/es\/wp-json\/wp\/v2\/posts\/120505\/revisions"}],"wp:featuredmedia":[{"embeddable":true,"href":"https:\/\/www.europesays.com\/es\/wp-json\/wp\/v2\/media\/120506"}],"wp:attachment":[{"href":"https:\/\/www.europesays.com\/es\/wp-json\/wp\/v2\/media?parent=120505"}],"wp:term":[{"taxonomy":"category","embeddable":true,"href":"https:\/\/www.europesays.com\/es\/wp-json\/wp\/v2\/categories?post=120505"},{"taxonomy":"post_tag","embeddable":true,"href":"https:\/\/www.europesays.com\/es\/wp-json\/wp\/v2\/tags?post=120505"}],"curies":[{"name":"wp","href":"https:\/\/api.w.org\/{rel}","templated":true}]}}